{"id":39853,"date":"2025-11-12T14:14:46","date_gmt":"2025-11-12T13:14:46","guid":{"rendered":"https:\/\/www.iceagetv.com\/radiosite\/?p=39853"},"modified":"2025-11-12T14:14:49","modified_gmt":"2025-11-12T13:14:49","slug":"lalgerie-accepte-de-gracier-lecrivain-boualem-sansal-apres-un-an-demprisonnement","status":"publish","type":"post","link":"https:\/\/www.iceagetv.com\/radiosite\/lalgerie-accepte-de-gracier-lecrivain-boualem-sansal-apres-un-an-demprisonnement\/","title":{"rendered":"L&rsquo;Alg\u00e9rie \u00ab\u00a0accepte\u00a0\u00bb de gracier l&rsquo;\u00e9crivain Boualem Sansal apr\u00e8s un an d&#8217;emprisonnement"},"content":{"rendered":"\n<p class=\"\">Le bout du tunnel pour Boualem Sansal. L&rsquo;Alg\u00e9rie \u00ab\u00a0accepte\u00a0\u00bb de gracier l&rsquo;\u00e9crivain franco-alg\u00e9rien emprisonn\u00e9 depuis un an, indique la pr\u00e9sidence du pays ce mercredi 12 novembre.L&rsquo;auteur de 80 ans \u00e9tait emprisonn\u00e9 depuis le 16 novembre 2024 pour \u00ab\u00a0atteinte \u00e0 l&rsquo;unit\u00e9 nationale\u00a0\u00bb, \u00ab\u00a0outrage \u00e0 corps constitu\u00e9\u00a0\u00bb, \u00ab\u00a0pratiques de nature \u00e0 nuire \u00e0 l&rsquo;\u00e9conomie nationale\u00a0\u00bb et \u00ab\u00a0d\u00e9tention de vid\u00e9os et de publications mena\u00e7ant la s\u00e9curit\u00e9 et la stabilit\u00e9 du pays\u00a0\u00bb. Il avait \u00e9t\u00e9 condamn\u00e9 notamment pour avoir d\u00e9clar\u00e9 que l&rsquo;Alg\u00e9rie avait h\u00e9rit\u00e9 sous la colonisation fran\u00e7aise de territoires appartenant jusque-l\u00e0 au Maroc.Condamn\u00e9 \u00e0 cinq ans de prisonBoualem Sansal avait vu sa condamnation \u00e0 cinq ans de prison ferme confirm\u00e9e en appel par la justice alg\u00e9rienne le 1er juillet dernier. Son emprisonnement s&rsquo;\u00e9tait inscrit dans un contexte de d\u00e9gradations des relations entre l&rsquo;Alg\u00e9rie et la France et beaucoup de responsables politiques avaient d\u00e9nonc\u00e9 le caract\u00e8re politique de la d\u00e9cision de justice.La France et les proches de l&rsquo;\u00e9crivain \u00e9taient \u00e9galement tr\u00e8s inquiets de l&rsquo;\u00e9tat de sant\u00e9 de l&rsquo;octog\u00e9naire. \u00ab\u00a0C&rsquo;est un homme qui est \u00e2g\u00e9 et qui est fragilis\u00e9\u00a0\u00bb, avait soulign\u00e9 le ministre des Affaires \u00e9trang\u00e8res Jean-No\u00ebl Barrot en mai dernier.<\/p>\n","protected":false},"excerpt":{"rendered":"<p>Le bout du tunnel pour Boualem Sansal. L&rsquo;Alg\u00e9rie \u00ab\u00a0accepte\u00a0\u00bb de gracier l&rsquo;\u00e9crivain franco-alg\u00e9rien emprisonn\u00e9 depuis un an, indique la pr\u00e9sidence du pays ce mercredi 12 novembre.L&rsquo;auteur de 80 ans \u00e9tait emprisonn\u00e9 depuis le 16 novembre 2024 pour \u00ab\u00a0atteinte \u00e0 l&rsquo;unit\u00e9 nationale\u00a0\u00bb, \u00ab\u00a0outrage \u00e0 corps constitu\u00e9\u00a0\u00bb, \u00ab\u00a0pratiques de nature \u00e0 nuire \u00e0 l&rsquo;\u00e9conomie nationale\u00a0\u00bb et \u00ab\u00a0d\u00e9tention [&hellip;]<\/p>\n","protected":false},"author":2,"featured_media":39854,"comment_status":"open","ping_status":"open","sticky":false,"template":"","format":"standard","meta":{"_jetpack_memberships_contains_paid_content":false,"footnotes":"","jetpack_publicize_message":"","jetpack_publicize_feature_enabled":true,"jetpack_social_post_already_shared":true,"jetpack_social_options":{"image_generator_settings":{"template":"highway","default_image_id":0,"font":"","enabled":true,"token":"eyJpbWciOiJodHRwczpcL1wvd3d3LmljZWFnZXR2LmNvbVwvcmFkaW9zaXRlXC93cC1jb250ZW50XC91cGxvYWRzXC8yMDI1XC8xMVwvQm91YWxlbS1TYW5zYWwtMTk4MjAxOC53ZWJwIiwidHh0IjoiTCYjODIxNztBbGdcdTAwZTlyaWUgJiM4MjIwO2FjY2VwdGUmIzgyMjE7IGRlIGdyYWNpZXIgbCYjODIxNztcdTAwZTljcml2YWluIEJvdWFsZW0gU2Fuc2FsIGFwclx1MDBlOHMgdW4gYW4gZCYjODIxNztlbXByaXNvbm5lbWVudCIsInRlbXBsYXRlIjoiaGlnaHdheSIsImZvbnQiOiIiLCJibG9nX2lkIjoxMTEwMTY0NjF9.wr7oNL2LmHg4EwIvpm-HLYTvxF3fAHx2lZtqQcvMfBUMQ"},"version":2},"_wpas_customize_per_network":false},"categories":[405],"tags":[],"class_list":["post-39853","post","type-post","status-publish","format-standard","has-post-thumbnail","hentry","category-actu-france-monde"],"jetpack_publicize_connections":[],"jetpack_featured_media_url":"https:\/\/i0.wp.com\/www.iceagetv.com\/radiosite\/wp-content\/uploads\/2025\/11\/Boualem-Sansal-1982018.webp?fit=736%2C414&ssl=1","jetpack_sharing_enabled":true,"_links":{"self":[{"href":"https:\/\/www.iceagetv.com\/radiosite\/wp-json\/wp\/v2\/posts\/39853","targetHints":{"allow":["GET"]}}],"collection":[{"href":"https:\/\/www.iceagetv.com\/radiosite\/wp-json\/wp\/v2\/posts"}],"about":[{"href":"https:\/\/www.iceagetv.com\/radiosite\/wp-json\/wp\/v2\/types\/post"}],"author":[{"embeddable":true,"href":"https:\/\/www.iceagetv.com\/radiosite\/wp-json\/wp\/v2\/users\/2"}],"replies":[{"embeddable":true,"href":"https:\/\/www.iceagetv.com\/radiosite\/wp-json\/wp\/v2\/comments?post=39853"}],"version-history":[{"count":1,"href":"https:\/\/www.iceagetv.com\/radiosite\/wp-json\/wp\/v2\/posts\/39853\/revisions"}],"predecessor-version":[{"id":39855,"href":"https:\/\/www.iceagetv.com\/radiosite\/wp-json\/wp\/v2\/posts\/39853\/revisions\/39855"}],"wp:featuredmedia":[{"embeddable":true,"href":"https:\/\/www.iceagetv.com\/radiosite\/wp-json\/wp\/v2\/media\/39854"}],"wp:attachment":[{"href":"https:\/\/www.iceagetv.com\/radiosite\/wp-json\/wp\/v2\/media?parent=39853"}],"wp:term":[{"taxonomy":"category","embeddable":true,"href":"https:\/\/www.iceagetv.com\/radiosite\/wp-json\/wp\/v2\/categories?post=39853"},{"taxonomy":"post_tag","embeddable":true,"href":"https:\/\/www.iceagetv.com\/radiosite\/wp-json\/wp\/v2\/tags?post=39853"}],"curies":[{"name":"wp","href":"https:\/\/api.w.org\/{rel}","templated":true}]}}