{"id":39856,"date":"2025-11-12T16:39:28","date_gmt":"2025-11-12T15:39:28","guid":{"rendered":"https:\/\/www.iceagetv.com\/radiosite\/?p=39856"},"modified":"2025-11-12T16:39:29","modified_gmt":"2025-11-12T15:39:29","slug":"le-president-emmanuel-macron-a-declare-quil-nexcluait-pas-de-sortir-de-certains-reseaux-sociaux-dont-x-mais-quil-ne-le-ferait-pas-demain-matin","status":"publish","type":"post","link":"https:\/\/www.iceagetv.com\/radiosite\/le-president-emmanuel-macron-a-declare-quil-nexcluait-pas-de-sortir-de-certains-reseaux-sociaux-dont-x-mais-quil-ne-le-ferait-pas-demain-matin\/","title":{"rendered":"Le pr\u00e9sident Emmanuel Macron a d\u00e9clar\u00e9 qu&rsquo;il n&rsquo;excluait pas de sortir de certains r\u00e9seaux sociaux, dont X, mais qu&rsquo;il ne le ferait pas \u00ab\u00a0demain matin\u00a0\u00bb"},"content":{"rendered":"\n<p class=\"\">Le pr\u00e9sident Emmanuel Macron a d\u00e9clar\u00e9 mercredi qu&rsquo;il n&rsquo;excluait pas de sortir de certains r\u00e9seaux sociaux, dont X, mais qu&rsquo;il ne le ferait pas \u00ab\u00a0demain matin\u00a0\u00bb car \u00ab\u00a0la priorit\u00e9 c&rsquo;est d&rsquo;abord de mener la bataille en interne\u00a0\u00bb.<\/p>\n\n\n\n<p class=\"\">Interrog\u00e9 \u00e0 Toulouse, au si\u00e8ge du quotidien r\u00e9gional La D\u00e9p\u00eache du Midi, lors du d\u00e9bat sur \u00ab\u00a0la d\u00e9mocratie \u00e0 l&rsquo;\u00e9preuve des r\u00e9seaux sociaux\u00a0\u00bb, le chef de l&rsquo;Etat a jug\u00e9 prioritaire \u00ab\u00a0d&rsquo;essayer d&rsquo;obtenir des \u00e9l\u00e9ments de r\u00e9gulation et de visibilit\u00e9\u00a0\u00bb depuis l&rsquo;int\u00e9rieur des r\u00e9seaux, avant de d\u00e9cider s&rsquo;il faut aller \u00ab\u00a0jusque l\u00e0\u00a0\u00bb et sortir de certains r\u00e9seaux comme X.<\/p>\n\n\n\n<p class=\"\">\u00ab\u00a0C&rsquo;est quelque chose \u00e0 quoi je r\u00e9fl\u00e9chis avec beaucoup d&rsquo;attention, croyez moi, et que je n&rsquo;exclus pas du tout\u00a0\u00bb, a-t-il assur\u00e9. A la mani\u00e8re des d\u00e9bats de l&rsquo;\u00e9poque des gilets jaunes, le chef de l&rsquo;Etat, au centre d&rsquo;un cercle de 300 personnes, est venu \u00ab\u00a0sonner le tocsin\u00a0\u00bb sur le risque que font peser les r\u00e9seaux sociaux sur la d\u00e9mocratie fran\u00e7aise.<\/p>\n","protected":false},"excerpt":{"rendered":"<p>Le pr\u00e9sident Emmanuel Macron a d\u00e9clar\u00e9 mercredi qu&rsquo;il n&rsquo;excluait pas de sortir de certains r\u00e9seaux sociaux, dont X, mais qu&rsquo;il ne le ferait pas \u00ab\u00a0demain matin\u00a0\u00bb car \u00ab\u00a0la priorit\u00e9 c&rsquo;est d&rsquo;abord de mener la bataille en interne\u00a0\u00bb. Interrog\u00e9 \u00e0 Toulouse, au si\u00e8ge du quotidien r\u00e9gional La D\u00e9p\u00eache du Midi, lors du d\u00e9bat sur \u00ab\u00a0la d\u00e9mocratie [&hellip;]<\/p>\n","protected":false},"author":2,"featured_media":39857,"comment_status":"open","ping_status":"open","sticky":false,"template":"","format":"standard","meta":{"_jetpack_memberships_contains_paid_content":false,"footnotes":"","jetpack_publicize_message":"","jetpack_publicize_feature_enabled":true,"jetpack_social_post_already_shared":true,"jetpack_social_options":{"image_generator_settings":{"template":"highway","default_image_id":0,"font":"","enabled":true,"token":"eyJpbWciOiJodHRwczpcL1wvd3d3LmljZWFnZXR2LmNvbVwvcmFkaW9zaXRlXC93cC1jb250ZW50XC91cGxvYWRzXC8yMDI1XC8xMVwvQ2FwdHVyZS1kZWNyYW4tMjAyNS0xMS0xMi0xNjM4NTMucG5nIiwidHh0IjoiTGUgcHJcdTAwZTlzaWRlbnQgRW1tYW51ZWwgTWFjcm9uIGEgZFx1MDBlOWNsYXJcdTAwZTkgcXUmIzgyMTc7aWwgbiYjODIxNztleGNsdWFpdCBwYXMgZGUgc29ydGlyIGRlIGNlcnRhaW5zIHJcdTAwZTlzZWF1eCBzb2NpYXV4LCBkb250IFgsIG1haXMgcXUmIzgyMTc7aWwgbmUgbGUgZmVyYWl0IHBhcyAmIzgyMjA7ZGVtYWluIG1hdGluJiM4MjIxOyIsInRlbXBsYXRlIjoiaGlnaHdheSIsImZvbnQiOiIiLCJibG9nX2lkIjoxMTEwMTY0NjF9.YBz3bcpAyM6a4EDQvKcAbj620FC169yd1q49_qV8po0MQ"},"version":2},"_wpas_customize_per_network":false},"categories":[16],"tags":[],"class_list":["post-39856","post","type-post","status-publish","format-standard","has-post-thumbnail","hentry","category-actu-high-tech"],"jetpack_publicize_connections":[],"jetpack_featured_media_url":"https:\/\/i0.wp.com\/www.iceagetv.com\/radiosite\/wp-content\/uploads\/2025\/11\/Capture-decran-2025-11-12-163853.png?fit=758%2C290&ssl=1","jetpack_sharing_enabled":true,"_links":{"self":[{"href":"https:\/\/www.iceagetv.com\/radiosite\/wp-json\/wp\/v2\/posts\/39856","targetHints":{"allow":["GET"]}}],"collection":[{"href":"https:\/\/www.iceagetv.com\/radiosite\/wp-json\/wp\/v2\/posts"}],"about":[{"href":"https:\/\/www.iceagetv.com\/radiosite\/wp-json\/wp\/v2\/types\/post"}],"author":[{"embeddable":true,"href":"https:\/\/www.iceagetv.com\/radiosite\/wp-json\/wp\/v2\/users\/2"}],"replies":[{"embeddable":true,"href":"https:\/\/www.iceagetv.com\/radiosite\/wp-json\/wp\/v2\/comments?post=39856"}],"version-history":[{"count":1,"href":"https:\/\/www.iceagetv.com\/radiosite\/wp-json\/wp\/v2\/posts\/39856\/revisions"}],"predecessor-version":[{"id":39858,"href":"https:\/\/www.iceagetv.com\/radiosite\/wp-json\/wp\/v2\/posts\/39856\/revisions\/39858"}],"wp:featuredmedia":[{"embeddable":true,"href":"https:\/\/www.iceagetv.com\/radiosite\/wp-json\/wp\/v2\/media\/39857"}],"wp:attachment":[{"href":"https:\/\/www.iceagetv.com\/radiosite\/wp-json\/wp\/v2\/media?parent=39856"}],"wp:term":[{"taxonomy":"category","embeddable":true,"href":"https:\/\/www.iceagetv.com\/radiosite\/wp-json\/wp\/v2\/categories?post=39856"},{"taxonomy":"post_tag","embeddable":true,"href":"https:\/\/www.iceagetv.com\/radiosite\/wp-json\/wp\/v2\/tags?post=39856"}],"curies":[{"name":"wp","href":"https:\/\/api.w.org\/{rel}","templated":true}]}}