{"id":39859,"date":"2025-11-12T17:51:53","date_gmt":"2025-11-12T16:51:53","guid":{"rendered":"https:\/\/www.iceagetv.com\/radiosite\/?p=39859"},"modified":"2025-11-12T17:51:56","modified_gmt":"2025-11-12T16:51:56","slug":"lassemblee-nationale-adopte-la-suspension-de-la-reforme-des-retraites-lage-de-depart-est-gele-a-62-ans-et-9-mois","status":"publish","type":"post","link":"https:\/\/www.iceagetv.com\/radiosite\/lassemblee-nationale-adopte-la-suspension-de-la-reforme-des-retraites-lage-de-depart-est-gele-a-62-ans-et-9-mois\/","title":{"rendered":"L&rsquo;Assembl\u00e9e nationale adopte la suspension de la r\u00e9forme des retraites, l&rsquo;\u00e2ge de d\u00e9part est gel\u00e9 \u00e0 62 ans et 9 mois"},"content":{"rendered":"\n<p class=\"\">Les d\u00e9put\u00e9s ont adopt\u00e9 l&rsquo;article 45 bis du projet de loi de financement de la S\u00e9curit\u00e9 sociale (PLFSS) pour 2026 qui acte la mise en pause de la r\u00e9forme des retraites. Cette suspension concernera \u00e9galement les carri\u00e8res longues et cat\u00e9gories actives et super-actives de la fonction publique.<\/p>\n\n\n\n<p class=\"\">C&rsquo;est valid\u00e9. L&rsquo;Assembl\u00e9e nationale a adopt\u00e9 ce mercredi 12 novembre, en premi\u00e8re lecture, l&rsquo;article 45 bis du&nbsp;<a href=\"https:\/\/www.bfmtv.com\/economie\/economie-social\/reforme-des-retraites-franchises-medicales-arrets-de-travail-le-budget-de-la-secu-arrive-dans-l-hemicycle-et-les-debats-s-annoncent-explosifs_AV-202511040085.html\">projet de loi de financement de la S\u00e9curit\u00e9 sociale (PLFSS) pour 2026<\/a>, qui acte la suspension de la r\u00e9forme des retraites jusqu&rsquo;au 1er janvier 2028. 255 voix pour et 146 voix contre.<\/p>\n\n\n\n<p class=\"\">Cette r\u00e9forme \u00e9tait entr\u00e9e en vigueur en septembre 2023 et devait progressivement faire passer l&rsquo;\u00e2ge l\u00e9gal de d\u00e9part de 62 \u00e0 64 ans \u00e0 raison de trois mois de plus par ann\u00e9e de naissance. L&rsquo;\u00e2ge l\u00e9gal de d\u00e9part est donc gel\u00e9 en l&rsquo;\u00e9tat, soit 62 ans et 9 mois.Les socialistes, \u00e9cologistes et le Rassemblement national avaient annonc\u00e9 qu&rsquo;ils voteraient en faveur de la suspension, tandis que les R\u00e9publicains, les d\u00e9put\u00e9s Horizons et les Insoumis assuraient vouloir voter contre et les macronistes et les \u00e9lus Modem comptaient s&rsquo;abstenir.<\/p>\n\n\n\n<p class=\"\">Sans surprise, de nombreux \u00e9lus se sont exprim\u00e9s devant un h\u00e9micycle sous haute tension avant le scrutin. \u00c0 commencer par Marine Le Pen, qui a notamment point\u00e9 du doigt \u00ab\u00a0le pacte de non-censure entre le gouvernement, le Parti socialiste et les R\u00e9publicains\u00a0\u00bb.<\/p>\n\n\n\n<blockquote class=\"wp-block-quote is-layout-flow wp-block-quote-is-layout-flow\">\n<p class=\"\">\u00ab\u00a0Nous allons voter pour suspendre, en attendant l\u2019abrogation de la r\u00e9forme Borne\u00a0\u00bb, a martel\u00e9 Marine Le Pen devant l&rsquo;h\u00e9micycle.<\/p>\n<\/blockquote>\n\n\n\n<p class=\"\">Une abrogation pure et simple de la r\u00e9forme des retraites co\u00fbterait cependant \u00ab\u00a013 milliards d&rsquo;euros pour les finances publiques en 2035&Prime;, a soulign\u00e9 la ministre des Comptes publics Am\u00e9lie de Montchalin.\u00a0\u00bbSuspendre la r\u00e9forme des retraites, c&rsquo;est bien s\u00fbr permettre \u00e0 3,5 millions de femmes et d&rsquo;hommes de partir trois mois plus t\u00f4t \u00e0 la retraite\u00a0\u00bb, a affirm\u00e9 la socialiste de C\u00f4te d&rsquo;Or Oc\u00e9ane Godard, qui a accus\u00e9 Emmanuel Macron \u00ab\u00a0[d&rsquo;avoir] impos\u00e9 aux Fran\u00e7aises et Fran\u00e7ais de travailler plus, sans tenir compte des v\u00e9cus et des niveaux de vie\u00a0\u00bb.\u00a0\u00bbIl n&rsquo;y a pas plus injuste que de mettre un \u00e2ge de d\u00e9part \u00e0 la retraite (&#8230;) c&rsquo;est mettre tout le monde au m\u00eame niveau\u00a0\u00bb, a fustig\u00e9 l&rsquo;\u00e9cologiste Sandrine Rousseau alors que&nbsp;<a href=\"https:\/\/www.bfmtv.com\/economie\/economie-social\/les-personnes-ont-la-main-sur-l-age-auquel-elles-veulent-partir-en-pleine-remise-en-cause-de-la-reforme-borne-marylise-leon-plaide-pour-la-retraite-par-points_AD-202510090343.html\">la CFDT plaide notamment pour passer \u00e0 un syst\u00e8me par point<\/a>&nbsp;pour laisser chacun partir \u00e0 l&rsquo;\u00e2ge auquel il souhaite.<\/p>\n\n\n\n<h2 class=\"wp-block-heading\" id=\"f66ni\">Sortir de l&rsquo;instabilit\u00e9 politique<\/h2>\n\n\n\n<p class=\"\">Voter la suspension de la r\u00e9forme \u00ab\u00a0est le seul chemin pour avancer et donner un budget \u00e0 la France\u00a0\u00bb, a quant \u00e0 lui soutenu le d\u00e9put\u00e9 Liot St\u00e9phane Viry, rappelant l&rsquo;instabilit\u00e9 politique qui a paralys\u00e9 le pays ces derniers mois, \u00e0 coups de remaniements gouvernementaux.<\/p>\n\n\n\n<p class=\"\">\u00ab\u00a0Nous l\u2019avons port\u00e9e, d\u00e9fendue de toutes nos forces. Et pourtant aujourd&rsquo;hui, notre groupe s\u2019abstiendra. Ce n\u2019est pas de gaiet\u00e9 de coeur mais de lucidit\u00e9\u00a0\u00bb, a de son c\u00f4t\u00e9 d\u00e9clar\u00e9 Gabriel Attal, chef de file du groupe Renaissance.<\/p>\n\n\n\n<p class=\"\">Mais pour l&rsquo;Insoumise Mathilde Panot, la suspension ne suffit pas pour sortir de la crise: \u00ab\u00a0voter pour le d\u00e9calage de la r\u00e9forme des retraites, c&rsquo;est voter pour la retraite \u00e0 64 ans\u00a0\u00bb, s&rsquo;est-elle insurg\u00e9e.<\/p>\n\n\n\n<blockquote class=\"wp-block-quote is-layout-flow wp-block-quote-is-layout-flow\">\n<p class=\"\">\u00ab\u00a0Il peut \u00eatre facile de vendre une suspension de la r\u00e9forme des retraites, faisant croire comme par magie qu&rsquo;on peut faire baisser l&rsquo;\u00e2ge de d\u00e9part\u00a0\u00bb, a de son c\u00f4t\u00e9 d\u00e9nonc\u00e9 le R\u00e9publicain Laurent Wauquiez, qui plaidait pour la suppression de l&rsquo;article 45 bis du PLFSS.<\/p>\n<\/blockquote>\n\n\n\n<p class=\"\">\u00ab\u00a0Cette suspension est une h\u00e9r\u00e9sie budg\u00e9taire\u00a0\u00bb, a rench\u00e9ri le d\u00e9put\u00e9 Horizons Sylvain Berrios, qui appelle d&rsquo;abord \u00e0 remettre en ordre de marche les comptes de la S\u00e9cu. La socialiste Sandrine Runel a alors rappel\u00e9 qu&rsquo;un amendement adopt\u00e9 au PLFSS&nbsp;<a href=\"https:\/\/www.bfmtv.com\/economie\/economie-social\/cela-aurait-coute-jusqu-a-1-020-euros-par-an-a-des-couples-modestes-les-deputes-suppriment-le-gel-du-bareme-de-la-csg-sur-les-retraites-le-chomage-et-augmentent-son-taux-sur-les-revenus-du-capital_AV-202511060589.html\">a relev\u00e9 d&rsquo;1,4 point le taux de la CSG sur les revenus du capital<\/a>. Une mesure qui rapportera \u00ab\u00a02,7 milliards d&rsquo;euros\u00a0\u00bb aux caisses de l&rsquo;\u00c9tat, ce qui permettra \u00ab\u00a0largement\u00a0\u00bb de financer la suspension de la r\u00e9forme.<\/p>\n\n\n\n<h2 class=\"wp-block-heading\" id=\"c8hfh\">Une conf\u00e9rence sociale apr\u00e8s le conclave pour r\u00e9former le syst\u00e8me<\/h2>\n\n\n\n<p class=\"\">\u00ab\u00a0Les partenaires sociaux nous ont ouvert la voie\u00a0\u00bb, a enfin soulign\u00e9 le ministre du Travail Jean-Pierre Farandou, qui est intervenu quelques instants avant le scrutin pour d\u00e9fendre l&rsquo;article 45 bis du budget de la S\u00e9cu. Il a notamment mentionn\u00e9 le lancement, le 4 novembre dernier, de la conf\u00e9rence social Travail et retraites avec les syndicats et le patronat (sauf le Medef), qui devra notamment mettre l&rsquo;accent sur le travail, \u00ab\u00a0le grand oubli\u00e9 des deux derni\u00e8res r\u00e9formes\u00a0\u00bb, a affirm\u00e9 le ministre.<\/p>\n\n\n\n<p class=\"\">Entr\u00e9e en vigueur le 1er septembre 2023, apr\u00e8s son passage en force au Parlement \u00e0 coup de 49-3 par l&rsquo;ancienne Premi\u00e8re ministre \u00c9lisabeth Borne, cette r\u00e9forme devait progressivement reculer \u00e0 64 ans l&rsquo;\u00e2ge l\u00e9gal de d\u00e9part \u00e0 la retraite (pour la g\u00e9n\u00e9ration n\u00e9e en 1968) et porter \u00e0 172, le nombre de trimestres requis pour partir sans d\u00e9cote et ce d\u00e8s la g\u00e9n\u00e9ration n\u00e9e en 1965.<\/p>\n\n\n\n<p class=\"\">Finalement, la r\u00e9forme \u00ab\u00a0Borne\u00a0\u00bb est mise en pause, figeant ainsi l&rsquo;\u00e2ge l\u00e9gal de d\u00e9part \u00e0 la retraite \u00e0 62 ans et 9 mois, et la dur\u00e9e de cotisation \u00e0 170 trimestres.<\/p>\n\n\n\n<h2 class=\"wp-block-heading\" id=\"b59sf\">Les personnes n\u00e9es au 1er trimestre 1965 sont aussi concern\u00e9es<\/h2>\n\n\n\n<p class=\"\">Et ce n&rsquo;est pas tout. Les d\u00e9put\u00e9s ont \u00e9galement adopt\u00e9 un&nbsp;<a href=\"https:\/\/www.assemblee-nationale.fr\/dyn\/17\/amendements\/1907\/AN\/2686\" target=\"_blank\" rel=\"noreferrer noopener\">amendement<\/a>&nbsp;d\u00e9pos\u00e9 ce mercredi matin par le gouvernement qui compl\u00e8te l&rsquo;article 45 bis de fa\u00e7on \u00e0 faire b\u00e9n\u00e9ficier cette suspension de la r\u00e9forme \u00e0 davantage de personnes.<\/p>\n\n\n\n<p class=\"\">D&rsquo;abord, les personnes n\u00e9es au 1er trimestre de l&rsquo;ann\u00e9e 1965 seront aussi concern\u00e9es par la mise en pause de la r\u00e9forme. Autrement dit, elles pourront partir \u00e0 la retraite \u00e0 62 ans et 9 mois, comme les g\u00e9n\u00e9rations 1963 et 1964. De m\u00eame, elles devront cotiser 170 trimestres pour partir sans d\u00e9cote. Si la r\u00e9forme avait \u00e9t\u00e9 maintenue par les parlementaires, elles auraient d\u00fb patienter six mois de plus, pour partir \u00e0 63 ans et 3 mois et avoir cotis\u00e9 deux trimestres suppl\u00e9mentaires pour b\u00e9n\u00e9ficier de leur pension \u00e0 taux plein.<\/p>\n\n\n\n<h2 class=\"wp-block-heading\" id=\"b8crf\">Les carri\u00e8res longues seront aussi concern\u00e9es<\/h2>\n\n\n\n<p class=\"\">Qui plus est, alors qu&rsquo;elles n&rsquo;\u00e9taient jusqu&rsquo;ici pas concern\u00e9es par la mise en pause de la r\u00e9forme, les actifs en carri\u00e8re longue et des catg\u00e9ories actives et super-actives de la fonction publique pourront \u00e9galement profiter de cette suspension. Et ce, m\u00eame si leur statut leur permet d\u00e9j\u00e0 de partir \u00e0 la retraite de mani\u00e8re anticip\u00e9e par rapport \u00e0 l&rsquo;\u00e2ge l\u00e9gal de d\u00e9part pr\u00e9vu dans le droit commun. Cela sera possible pour les pensions prenant effet \u00e0 compter du 1er septembre 2026.<\/p>\n\n\n\n<blockquote class=\"wp-block-quote is-layout-flow wp-block-quote-is-layout-flow\">\n<p class=\"\">\u00ab\u00a0Cette date d\u2019entr\u00e9e en vigueur est n\u00e9cessaire pour permettre aux caisses de s\u00e9curit\u00e9 sociale d\u2019adapter leurs syst\u00e8mes d\u2019information en cons\u00e9quence\u00a0\u00bb, justifie le gouvernement dans l&rsquo;expos\u00e9 des motifs de l&rsquo;amendement.<\/p>\n<\/blockquote>\n\n\n\n<p class=\"\">Comme l&rsquo;a mentionn\u00e9 le ministre du Travail Jean-Pierre Farandou ce mercredi matin sur France 2, \u00ab\u00a0c&rsquo;est 20% de personnes suppl\u00e9mentaires\u00a0\u00bb qui seront ainsi concern\u00e9es par la suspension de la r\u00e9forme. Cela repr\u00e9sente \u00e9galement un&nbsp;<a href=\"https:\/\/www.bfmtv.com\/economie\/economie-social\/social\/l-elargissement-de-la-suspension-de-la-reforme-des-retraites-va-couter-500-millions-d-euros-de-plus-en-2027_AD-202511120321.html\">surco\u00fbt de 200 millions d&rsquo;euros pour 2026 et 500 millions d&rsquo;euros en 2027<\/a>, portant ainsi le co\u00fbt total de la mise en pause de la r\u00e9forme Borne \u00e0 300 millions d&rsquo;euros l&rsquo;ann\u00e9e prochaine et 1,9 milliard en 2027.<\/p>\n\n\n\n<p class=\"\">L&rsquo;adoption de la suspension par les d\u00e9put\u00e9s ce mercredi n&rsquo;est cependant pas d\u00e9finitive. Il appartient d\u00e9sormais au S\u00e9nat d&rsquo;examiner le budget de la S\u00e9cu avant que le texte ne revienne \u00e0 l&rsquo;Assembl\u00e9e pour un ultime vote.<\/p>\n","protected":false},"excerpt":{"rendered":"<p>Les d\u00e9put\u00e9s ont adopt\u00e9 l&rsquo;article 45 bis du projet de loi de financement de la S\u00e9curit\u00e9 sociale (PLFSS) pour 2026 qui acte la mise en pause de la r\u00e9forme des retraites. Cette suspension concernera \u00e9galement les carri\u00e8res longues et cat\u00e9gories actives et super-actives de la fonction publique. C&rsquo;est valid\u00e9. L&rsquo;Assembl\u00e9e nationale a adopt\u00e9 ce mercredi [&hellip;]<\/p>\n","protected":false},"author":2,"featured_media":39860,"comment_status":"open","ping_status":"open","sticky":false,"template":"","format":"standard","meta":{"_jetpack_memberships_contains_paid_content":false,"footnotes":"","jetpack_publicize_message":"","jetpack_publicize_feature_enabled":true,"jetpack_social_post_already_shared":true,"jetpack_social_options":{"image_generator_settings":{"template":"highway","default_image_id":0,"font":"","enabled":true,"token":"eyJpbWciOiJodHRwczpcL1wvd3d3LmljZWFnZXR2LmNvbVwvcmFkaW9zaXRlXC93cC1jb250ZW50XC91cGxvYWRzXC8yMDI1XC8xMVwvQ2FwdHVyZS1kZWNyYW4tMjAyNS0xMS0xMi0xNzUwNDEuanBnIiwidHh0IjoiTCYjODIxNztBc3NlbWJsXHUwMGU5ZSBuYXRpb25hbGUgYWRvcHRlIGxhIHN1c3BlbnNpb24gZGUgbGEgclx1MDBlOWZvcm1lIGRlcyByZXRyYWl0ZXMsIGwmIzgyMTc7XHUwMGUyZ2UgZGUgZFx1MDBlOXBhcnQgZXN0IGdlbFx1MDBlOSBcdTAwZTAgNjIgYW5zIGV0IDkgbW9pcyIsInRlbXBsYXRlIjoiaGlnaHdheSIsImZvbnQiOiIiLCJibG9nX2lkIjoxMTEwMTY0NjF9.eaYx22-s_GNPCOQx-tTjAuWr2JrRX8PWRcv3g6cBFicMQ"},"version":2},"_wpas_customize_per_network":false},"categories":[405],"tags":[],"class_list":["post-39859","post","type-post","status-publish","format-standard","has-post-thumbnail","hentry","category-actu-france-monde"],"jetpack_publicize_connections":[],"jetpack_featured_media_url":"https:\/\/i0.wp.com\/www.iceagetv.com\/radiosite\/wp-content\/uploads\/2025\/11\/Capture-decran-2025-11-12-175041.jpg?fit=742%2C331&ssl=1","jetpack_sharing_enabled":true,"_links":{"self":[{"href":"https:\/\/www.iceagetv.com\/radiosite\/wp-json\/wp\/v2\/posts\/39859","targetHints":{"allow":["GET"]}}],"collection":[{"href":"https:\/\/www.iceagetv.com\/radiosite\/wp-json\/wp\/v2\/posts"}],"about":[{"href":"https:\/\/www.iceagetv.com\/radiosite\/wp-json\/wp\/v2\/types\/post"}],"author":[{"embeddable":true,"href":"https:\/\/www.iceagetv.com\/radiosite\/wp-json\/wp\/v2\/users\/2"}],"replies":[{"embeddable":true,"href":"https:\/\/www.iceagetv.com\/radiosite\/wp-json\/wp\/v2\/comments?post=39859"}],"version-history":[{"count":1,"href":"https:\/\/www.iceagetv.com\/radiosite\/wp-json\/wp\/v2\/posts\/39859\/revisions"}],"predecessor-version":[{"id":39861,"href":"https:\/\/www.iceagetv.com\/radiosite\/wp-json\/wp\/v2\/posts\/39859\/revisions\/39861"}],"wp:featuredmedia":[{"embeddable":true,"href":"https:\/\/www.iceagetv.com\/radiosite\/wp-json\/wp\/v2\/media\/39860"}],"wp:attachment":[{"href":"https:\/\/www.iceagetv.com\/radiosite\/wp-json\/wp\/v2\/media?parent=39859"}],"wp:term":[{"taxonomy":"category","embeddable":true,"href":"https:\/\/www.iceagetv.com\/radiosite\/wp-json\/wp\/v2\/categories?post=39859"},{"taxonomy":"post_tag","embeddable":true,"href":"https:\/\/www.iceagetv.com\/radiosite\/wp-json\/wp\/v2\/tags?post=39859"}],"curies":[{"name":"wp","href":"https:\/\/api.w.org\/{rel}","templated":true}]}}