{"id":39893,"date":"2025-11-14T08:23:17","date_gmt":"2025-11-14T07:23:17","guid":{"rendered":"https:\/\/www.iceagetv.com\/radiosite\/?p=39893"},"modified":"2025-11-14T08:23:22","modified_gmt":"2025-11-14T07:23:22","slug":"pensions-impots-ce-qui-change-pour-le-pouvoir-dachat-des-retraites-avec-le-budget-2026","status":"publish","type":"post","link":"https:\/\/www.iceagetv.com\/radiosite\/pensions-impots-ce-qui-change-pour-le-pouvoir-dachat-des-retraites-avec-le-budget-2026\/","title":{"rendered":"Pensions, imp\u00f4ts\u2026 Ce qui change pour le pouvoir d\u2019achat des retrait\u00e9s avec le Budget 2026"},"content":{"rendered":"\n<p class=\"\">Les mesures \u00e9taient inflammables. Les d\u00e9put\u00e9s ont vol\u00e9 au secours des retrait\u00e9s ces mercredi 12 et jeudi 13 novembre 2025. Explications.Le gouvernement veut\u00a0<strong>redresser les finances publiques<\/strong>, mais il encaisse surtout ces derniers jours des \u00e9checs sur ses projets. L\u2019<a href=\"https:\/\/actu.fr\/tag\/assemblee-nationale\">Assembl\u00e9e nationale<\/a>\u00a0a ainsi tr\u00e8s largement rejet\u00e9 ce mercredi 12\u00a0novembre 2025 le gel des pensions de\u00a0<a href=\"https:\/\/actu.fr\/tag\/retraite\">retraite<\/a>\u00a0pour 2026, l\u2019une des mesures les plus inflammables de la s\u00e9quence budg\u00e9taire.<br>Cons\u00e9quence pour les retrait\u00e9s\u2009? Ils devraient finalement bien voir leur pension du r\u00e9gime g\u00e9n\u00e9ral revaloris\u00e9e \u00e0 hauteur de l\u2019<a href=\"https:\/\/actu.fr\/tag\/inflation\">inflation<\/a>. Un \u00ab\u2009d\u00e9gel\u2009\u00bb des pensions de base qui doit n\u00e9anmoins encore \u00eatre confirm\u00e9 par le<a href=\"https:\/\/actu.fr\/tag\/senat\">\u00a0S\u00e9nat<\/a>\u00a0ou l\u2019Assembl\u00e9e en derni\u00e8re lecture. Voici ce qu\u2019il faut retenir des derni\u00e8res mesures en faveur du pouvoir d\u2019achat des retrait\u00e9s.+ 1 % environ d\u2019augmentation en janvier&nbsp;2026<\/p>\n\n\n\n<p class=\"\">Si cela \u00e9tait confirm\u00e9, donc, les pensions de base des retraites qui avaient augment\u00e9 de 2,2\u2009% au 1er&nbsp;janvier 2025, \u00e0 hauteur de l\u2019inflation, augmenteront donc aussi au 1\u1d49\u02b3 janvier&nbsp;2026, mais&nbsp;<strong>vraisemblablement d\u2019environ 1\u2009% seulement<\/strong>,&nbsp;<a href=\"https:\/\/www.securite-sociale.fr\/files\/live\/sites\/SSFR\/files\/medias\/CCSS\/2025\/CCSS_octobre%202025_VDEF.pdf\">d\u2019apr\u00e8s les calculs de la Commission des comptes de la S\u00e9curit\u00e9 sociale<\/a>.<\/p>\n\n\n\n<p class=\"\">Ce gel figurait au projet de budget de la&nbsp;<a href=\"https:\/\/actu.fr\/tag\/securite-sociale\">S\u00e9curit\u00e9 sociale<\/a>, mais c\u2019est l\u2019ensemble de l\u2019article qui a \u00e9t\u00e9 supprim\u00e9 en premi\u00e8re lecture, ce mercredi, contre l\u2019avis du gouvernement, par des voix conjugu\u00e9es de la gauche, de l\u2019alliance Rassemblement national-UDR, et d\u2019une partie du camp gouvernemental, dont Les R\u00e9publicains (308&nbsp;voix contre 99).<\/p>\n\n\n\n<blockquote class=\"wp-block-quote is-layout-flow wp-block-quote-is-layout-flow\">\n<p class=\"\">Il est hors de question de s&rsquo;attaquer au pouvoir d&rsquo;achat (&#8230;) de ceux qui ont travaill\u00e9 toute leur vie.<strong>Laurent Wauquiez<\/strong>Patron du groupe Les R\u00e9publicains, lors du vote<\/p>\n<\/blockquote>\n\n\n\n<p class=\"\">Le gouvernement pr\u00e9voyait un \u00ab\u2009gel de l\u2019ensemble des retraites de base\u2009\u00bb en 2026, donc, mais aussi de sous-indexer les pensions de retraite de 0,9 point en 2027, puis de 0,4 point pour les ann\u00e9es suivantes, jusqu\u2019en 2030. C\u2019est aussi non pour les d\u00e9put\u00e9s, en premi\u00e8re lecture.Non \u00e0 l\u2019abattement forfaitaire de 2\u2009000&nbsp;euros<\/p>\n\n\n\n<p class=\"\">Et le gouvernement a subi un autre revers dans la foul\u00e9e, ce jeudi matin, 13\u00a0novembre 2025\u2009: les d\u00e9put\u00e9s ont maintenu l\u2019abattement\u00a0<a href=\"https:\/\/actu.fr\/tag\/impots\">fiscal<\/a>\u00a0de 10\u2009% sur les retraites, dont la suppression aurait g\u00e9n\u00e9r\u00e9 d\u2019importantes \u00e9conomies pour l\u2019\u00c9tat, l\u00e0 aussi. Cons\u00e9quence, de nombreux retrait\u00e9s\u00a0<strong>devraient \u00e9chapper \u00e0 une hausse d\u2019imp\u00f4t<\/strong>\u00a0en 2026.La copie initiale du budget de l\u2019\u00c9tat pour 2026 pr\u00e9voyait de remplacer cet abattement de 10\u2009% dont les retrait\u00e9s b\u00e9n\u00e9ficient sur leur pension, par un abattement forfaitaire de 2\u2009000&nbsp;euros, avec un rendement attendu de 1,2&nbsp;milliard d\u2019euros. Rat\u00e9, l\u00e0 encore.<\/p>\n\n\n\n<p class=\"\">L\u2019objectif, selon la ministre des Comptes publics Am\u00e9lie de&nbsp;Montchalin, \u00e9tait de cr\u00e9er de \u00ab\u2009la solidarit\u00e9 entre retrait\u00e9s\u2009\u00bb en permettant une \u00ab\u2009baisse d\u2019imp\u00f4t pour 1,6&nbsp;million\u2009\u00bb des plus modestes, tout en augmentant celui des autres.<\/p>\n\n\n\n<p class=\"\">Mais la mesure a (aussi) provoqu\u00e9\u00a0<strong>une lev\u00e9e de boucliers<\/strong>\u00a0lors de son examen en premi\u00e8re lecture \u00e0 l\u2019Assembl\u00e9e. L\u2019essentiel de la gauche, de l\u2019alliance RN-UDR et des d\u00e9put\u00e9s LR ont joint leurs voix pour l\u2019effacer.Les pensions compl\u00e9mentaires du priv\u00e9, elles, ne seront pas revaloris\u00e9es<\/p>\n\n\n\n<p class=\"\">Ce vote intervient apr\u00e8s le vote embl\u00e9matique ce mercredi 12&nbsp;novembre&nbsp;<a href=\"https:\/\/actu.fr\/politique\/l-assemblee-nationale-adopte-la-suspension-de-la-reforme-des-retraites-jusqu-en-2028_63427911.html\">de la \u00ab\u2009suspension\u2009\u00bb de la r\u00e9forme des retraites de 2023<\/a>, l\u2019une des conditions de la non-censure des socialistes du gouvernement de&nbsp;<a href=\"https:\/\/actu.fr\/tag\/sebastien-lecornu\">S\u00e9bastien Lecornu<\/a>. La mesure doit d\u00e9sormais survivre n\u00e9anmoins \u00e0 la navette parlementaire, alors que les d\u00e9put\u00e9s ont transmis le texte au S\u00e9nat sans avoir pu l\u2019examiner dans sa totalit\u00e9, \u00e0 l\u2019issue d\u2019une ultime soir\u00e9e marqu\u00e9e par une extr\u00eame tension.<\/p>\n\n\n\n<p class=\"\">Reste cependant une mauvaise nouvelle pour les retrait\u00e9s du priv\u00e9, et qui ne changera pas, elle. Vendredi 17&nbsp;octobre, les syndicats et le patronat, qui g\u00e8rent la caisse de pensions compl\u00e9mentaires Agirc-Arrco, ont \u00e9t\u00e9 incapables de s\u2019entendre sur la revalorisation des prestations.&nbsp;<a href=\"https:\/\/actu.fr\/economie\/agirc-arrco-mauvaise-nouvelle-pour-les-retraites-les-pensions-complementaires-ne-seront-pas-revalorisees_63313254.html\">Celles-ci seront donc gel\u00e9es, du 1\u1d49\u02b3 novembre jusqu\u2019au 31 octobre 2026<\/a>, ce qui se traduit par une perte de&nbsp;<a href=\"https:\/\/actu.fr\/tag\/pouvoir-d-achat\">pouvoir d\u2019achat<\/a>&nbsp;pour les quelque 14&nbsp;millions de personnes concern\u00e9es. L\u2019inflation pourrait \u00eatre donc 1\u2009% en 2025, tandis que les pr\u00e9visions tablent sur 1,3\u2009% pour 2026.<\/p>\n","protected":false},"excerpt":{"rendered":"<p>Les mesures \u00e9taient inflammables. Les d\u00e9put\u00e9s ont vol\u00e9 au secours des retrait\u00e9s ces mercredi 12 et jeudi 13 novembre 2025. Explications.Le gouvernement veut\u00a0redresser les finances publiques, mais il encaisse surtout ces derniers jours des \u00e9checs sur ses projets. L\u2019Assembl\u00e9e nationale\u00a0a ainsi tr\u00e8s largement rejet\u00e9 ce mercredi 12\u00a0novembre 2025 le gel des pensions de\u00a0retraite\u00a0pour 2026, l\u2019une [&hellip;]<\/p>\n","protected":false},"author":2,"featured_media":39894,"comment_status":"open","ping_status":"open","sticky":false,"template":"","format":"standard","meta":{"_jetpack_memberships_contains_paid_content":false,"footnotes":"","jetpack_publicize_message":"","jetpack_publicize_feature_enabled":true,"jetpack_social_post_already_shared":true,"jetpack_social_options":{"image_generator_settings":{"template":"highway","default_image_id":0,"font":"","enabled":true,"token":"eyJpbWciOiJodHRwczpcL1wvd3d3LmljZWFnZXR2LmNvbVwvcmFkaW9zaXRlXC93cC1jb250ZW50XC91cGxvYWRzXC8yMDI1XC8xMVwvQ2FwdHVyZS1kZWNyYW4tMjAyNS0xMS0xNC0wODIyMzcuanBnIiwidHh0IjoiUGVuc2lvbnMsIGltcFx1MDBmNHRzXHUyMDI2IENlIHF1aSBjaGFuZ2UgcG91ciBsZSBwb3V2b2lyIGRcdTIwMTlhY2hhdCBkZXMgcmV0cmFpdFx1MDBlOXMgYXZlYyBsZSBCdWRnZXQgMjAyNiIsInRlbXBsYXRlIjoiaGlnaHdheSIsImZvbnQiOiIiLCJibG9nX2lkIjoxMTEwMTY0NjF9.HNxKBjo8TZapdIuBKEDONTwptEn-W1hzQr7dWAGQ7-sMQ"},"version":2},"_wpas_customize_per_network":false},"categories":[405],"tags":[],"class_list":["post-39893","post","type-post","status-publish","format-standard","has-post-thumbnail","hentry","category-actu-france-monde"],"jetpack_publicize_connections":[],"jetpack_featured_media_url":"https:\/\/i0.wp.com\/www.iceagetv.com\/radiosite\/wp-content\/uploads\/2025\/11\/Capture-decran-2025-11-14-082237.jpg?fit=790%2C497&ssl=1","jetpack_sharing_enabled":true,"_links":{"self":[{"href":"https:\/\/www.iceagetv.com\/radiosite\/wp-json\/wp\/v2\/posts\/39893","targetHints":{"allow":["GET"]}}],"collection":[{"href":"https:\/\/www.iceagetv.com\/radiosite\/wp-json\/wp\/v2\/posts"}],"about":[{"href":"https:\/\/www.iceagetv.com\/radiosite\/wp-json\/wp\/v2\/types\/post"}],"author":[{"embeddable":true,"href":"https:\/\/www.iceagetv.com\/radiosite\/wp-json\/wp\/v2\/users\/2"}],"replies":[{"embeddable":true,"href":"https:\/\/www.iceagetv.com\/radiosite\/wp-json\/wp\/v2\/comments?post=39893"}],"version-history":[{"count":1,"href":"https:\/\/www.iceagetv.com\/radiosite\/wp-json\/wp\/v2\/posts\/39893\/revisions"}],"predecessor-version":[{"id":39895,"href":"https:\/\/www.iceagetv.com\/radiosite\/wp-json\/wp\/v2\/posts\/39893\/revisions\/39895"}],"wp:featuredmedia":[{"embeddable":true,"href":"https:\/\/www.iceagetv.com\/radiosite\/wp-json\/wp\/v2\/media\/39894"}],"wp:attachment":[{"href":"https:\/\/www.iceagetv.com\/radiosite\/wp-json\/wp\/v2\/media?parent=39893"}],"wp:term":[{"taxonomy":"category","embeddable":true,"href":"https:\/\/www.iceagetv.com\/radiosite\/wp-json\/wp\/v2\/categories?post=39893"},{"taxonomy":"post_tag","embeddable":true,"href":"https:\/\/www.iceagetv.com\/radiosite\/wp-json\/wp\/v2\/tags?post=39893"}],"curies":[{"name":"wp","href":"https:\/\/api.w.org\/{rel}","templated":true}]}}