{"id":39937,"date":"2025-11-16T08:24:17","date_gmt":"2025-11-16T07:24:17","guid":{"rendered":"https:\/\/www.iceagetv.com\/radiosite\/?p=39937"},"modified":"2025-11-16T08:24:20","modified_gmt":"2025-11-16T07:24:20","slug":"le-francais-camilo-castro-detenu-au-venezuela-depuis-juin-est-libre-annonce-ce-dimanche-matin-le-president-emmanuel-macron","status":"publish","type":"post","link":"https:\/\/www.iceagetv.com\/radiosite\/le-francais-camilo-castro-detenu-au-venezuela-depuis-juin-est-libre-annonce-ce-dimanche-matin-le-president-emmanuel-macron\/","title":{"rendered":"Le Fran\u00e7ais Camilo Castro d\u00e9tenu au Venezuela depuis juin est libre, annonce ce dimanche matin, le Pr\u00e9sident Emmanuel Macron"},"content":{"rendered":"\n<p class=\"\">Le Fran\u00e7ais Camilo Castro d\u00e9tenu au Venezuela depuis juin est libre, annonce ce dimanche matin, le Pr\u00e9sident Emmanuel Macron. Ce professeur de yoga de 41 ans avait disparu le 26 juin au poste-fronti\u00e8re de Paraguachon, s\u00e9parant le Venezuela de la Colombie, o\u00f9 il r\u00e9side. Il s\u2019y \u00e9tait rendu pour renouveler son visa de s\u00e9jour colombien arriv\u00e9 \u00e0 \u00e9ch\u00e9ance, a expliqu\u00e9 en ao\u00fbt sa famille.<\/p>\n\n\n\n<p class=\"\">Camilo Castro, 41 ans, professeur de yoga d\u2019origine fran\u00e7aise (m\u00e8re fran\u00e7aise) et chilienne (p\u00e8re chilien), est port\u00e9 disparu depuis le 26 juin 2025 apr\u00e8s s\u2019\u00eatre rendu au poste fronti\u00e8re de Paraguach\u00f3n, entre la Colombie et le Venezuela.<\/p>\n\n\n\n<p class=\"\">Quelques jours plus tard, sa famille n\u2019a plus de nouvelles. Il appara\u00eet qu\u2019il aurait \u00e9t\u00e9 d\u00e9tenu par les autorit\u00e9s v\u00e9n\u00e9zu\u00e9liennes pour \u00ab irr\u00e9gularit\u00e9 migratoire \u00bb \u2014 une justification largement contest\u00e9e par les ONG et ses proches.<\/p>\n\n\n\n<p class=\"\">Selon l\u2019organisation de d\u00e9fense des droits humains, il s\u2019agirait d\u2019un cas de disparition forc\u00e9e : Camilo n\u2019a pas \u00e9t\u00e9 formellement inculp\u00e9, ne dispose pas de dossier judiciaire connu, et ses droits \u00e0 un suivi consulaire ne semblent pas respect\u00e9s.<\/p>\n\n\n\n<p class=\"\">D\u2019apr\u00e8s quelques t\u00e9moignages, il serait incarc\u00e9r\u00e9 dans la prison de El Rodeo I (\u00c9tat de Miranda, pr\u00e8s de Caracas), dans une aile consacr\u00e9e aux ressortissants \u00e9trangers d\u00e9tenus, mais l\u2019\u00c9tat v\u00e9n\u00e9zu\u00e9lien n\u2019a jamais reconnu officiellement sa pr\u00e9sence.<\/p>\n\n\n\n<p class=\"\">Sa famille, bas\u00e9e \u00e0 Toulouse, multiplie les d\u00e9marches diplomatiques en France et en Colombie.<\/p>\n\n\n\n<p class=\"\">Elle exige une lib\u00e9ration imm\u00e9diate et la remise en libert\u00e9 sans condition de Camilo. Ils d\u00e9noncent un usage de la d\u00e9tention arbitraire comme monnaie d\u2019\u00e9change dans le cadre d\u2019une \u00ab diplomatie des otages \u00bb.<\/p>\n\n\n\n<p class=\"\">Les conditions de d\u00e9tention seraient extr\u00eamement pr\u00e9occupantes : cellule partag\u00e9e, peu de sorties, hygi\u00e8ne m\u00e9diocre, isolement. Camilo, professeur de yoga, aurait entrepris une gr\u00e8ve de la faim pour protester contre la confiscation de ses effets personnels et lettres familiales.<\/p>\n\n\n\n<p class=\"\">D\u00e9but octobre 2025, la Commission interam\u00e9ricaine des droits de l\u2019homme a adopt\u00e9 des mesures conservatoires \u00e0 son \u00e9gard, indiquant qu\u2019il se trouvait dans une situation de gravit\u00e9 et d\u2019urgence et que ses droits \u00e0 la vie et \u00e0 l\u2019int\u00e9grit\u00e9 personnelle pouvaient \u00eatre expos\u00e9s \u00e0 un risque de pr\u00e9judice irr\u00e9parable.<\/p>\n\n\n\n<p class=\"\">Malgr\u00e9 ces alertes, peu d\u2019avanc\u00e9es concr\u00e8tes sont visibles : son dossier reste opaque, et les autorit\u00e9s v\u00e9n\u00e9zu\u00e9liennes n\u2019ont pas fourni d\u2019informations officielles sur les motifs de sa d\u00e9tention ou sur les moyens d\u2019acc\u00e8s de ses repr\u00e9sentants.<\/p>\n","protected":false},"excerpt":{"rendered":"<p>Le Fran\u00e7ais Camilo Castro d\u00e9tenu au Venezuela depuis juin est libre, annonce ce dimanche matin, le Pr\u00e9sident Emmanuel Macron. Ce professeur de yoga de 41 ans avait disparu le 26 juin au poste-fronti\u00e8re de Paraguachon, s\u00e9parant le Venezuela de la Colombie, o\u00f9 il r\u00e9side. Il s\u2019y \u00e9tait rendu pour renouveler son visa de s\u00e9jour colombien [&hellip;]<\/p>\n","protected":false},"author":2,"featured_media":39938,"comment_status":"open","ping_status":"open","sticky":false,"template":"","format":"standard","meta":{"_jetpack_memberships_contains_paid_content":false,"footnotes":"","jetpack_publicize_message":"","jetpack_publicize_feature_enabled":true,"jetpack_social_post_already_shared":true,"jetpack_social_options":{"image_generator_settings":{"template":"highway","default_image_id":0,"font":"","enabled":true,"token":"eyJpbWciOiJodHRwczpcL1wvd3d3LmljZWFnZXR2LmNvbVwvcmFkaW9zaXRlXC93cC1jb250ZW50XC91cGxvYWRzXC8yMDI1XC8xMVwvUVZtWnFZNFkuanBnIiwidHh0IjoiTGUgRnJhblx1MDBlN2FpcyBDYW1pbG8gQ2FzdHJvIGRcdTAwZTl0ZW51IGF1IFZlbmV6dWVsYSBkZXB1aXMganVpbiBlc3QgbGlicmUsIGFubm9uY2UgY2UgZGltYW5jaGUgbWF0aW4sIGxlIFByXHUwMGU5c2lkZW50IEVtbWFudWVsIE1hY3JvbiIsInRlbXBsYXRlIjoiaGlnaHdheSIsImZvbnQiOiIiLCJibG9nX2lkIjoxMTEwMTY0NjF9.bfwU4sx9d9SvBQ_wBG3a7uIow-DT4SGrziBrzaoQxxAMQ"},"version":2},"_wpas_customize_per_network":false},"categories":[405],"tags":[],"class_list":["post-39937","post","type-post","status-publish","format-standard","has-post-thumbnail","hentry","category-actu-france-monde"],"jetpack_publicize_connections":[],"jetpack_featured_media_url":"https:\/\/i0.wp.com\/www.iceagetv.com\/radiosite\/wp-content\/uploads\/2025\/11\/QVmZqY4Y.jpg?fit=679%2C293&ssl=1","jetpack_sharing_enabled":true,"_links":{"self":[{"href":"https:\/\/www.iceagetv.com\/radiosite\/wp-json\/wp\/v2\/posts\/39937","targetHints":{"allow":["GET"]}}],"collection":[{"href":"https:\/\/www.iceagetv.com\/radiosite\/wp-json\/wp\/v2\/posts"}],"about":[{"href":"https:\/\/www.iceagetv.com\/radiosite\/wp-json\/wp\/v2\/types\/post"}],"author":[{"embeddable":true,"href":"https:\/\/www.iceagetv.com\/radiosite\/wp-json\/wp\/v2\/users\/2"}],"replies":[{"embeddable":true,"href":"https:\/\/www.iceagetv.com\/radiosite\/wp-json\/wp\/v2\/comments?post=39937"}],"version-history":[{"count":1,"href":"https:\/\/www.iceagetv.com\/radiosite\/wp-json\/wp\/v2\/posts\/39937\/revisions"}],"predecessor-version":[{"id":39939,"href":"https:\/\/www.iceagetv.com\/radiosite\/wp-json\/wp\/v2\/posts\/39937\/revisions\/39939"}],"wp:featuredmedia":[{"embeddable":true,"href":"https:\/\/www.iceagetv.com\/radiosite\/wp-json\/wp\/v2\/media\/39938"}],"wp:attachment":[{"href":"https:\/\/www.iceagetv.com\/radiosite\/wp-json\/wp\/v2\/media?parent=39937"}],"wp:term":[{"taxonomy":"category","embeddable":true,"href":"https:\/\/www.iceagetv.com\/radiosite\/wp-json\/wp\/v2\/categories?post=39937"},{"taxonomy":"post_tag","embeddable":true,"href":"https:\/\/www.iceagetv.com\/radiosite\/wp-json\/wp\/v2\/tags?post=39937"}],"curies":[{"name":"wp","href":"https:\/\/api.w.org\/{rel}","templated":true}]}}