{"id":39963,"date":"2025-11-17T14:05:45","date_gmt":"2025-11-17T13:05:45","guid":{"rendered":"https:\/\/www.iceagetv.com\/radiosite\/?p=39963"},"modified":"2025-11-17T14:05:47","modified_gmt":"2025-11-17T13:05:47","slug":"accord-militaire-paix-avant-2027-ce-quil-faut-retenir-de-la-conference-de-presse-de-macron-et-de-zelensky","status":"publish","type":"post","link":"https:\/\/www.iceagetv.com\/radiosite\/accord-militaire-paix-avant-2027-ce-quil-faut-retenir-de-la-conference-de-presse-de-macron-et-de-zelensky\/","title":{"rendered":"Accord militaire, paix \u00ab\u00a0avant 2027\u00a0\u00bb\u2026 Ce qu\u2019il faut retenir de la conf\u00e9rence de presse de Macron et de Zelensky"},"content":{"rendered":"\n<p class=\"\">La conf\u00e9rence de presse conjointe d\u2019Emmanuel Macron et Volodymyr Zelensky s\u2019est tenue apr\u00e8s que les deux chefs d\u2019\u00c9tat ont sign\u00e9 une \u00ab\u00a0d\u00e9claration d\u2019intention\u00a0\u00bb.Pour la neuvi\u00e8me fois depuis le d\u00e9but de la guerre, le pr\u00e9sident ukrainien\u00a0<a href=\"https:\/\/www.leparisien.fr\/international\/volodymyr-zelensky\/\" target=\"_blank\" rel=\"noreferrer noopener\">Volodymyr Zelensky<\/a>\u00a0a \u00e9t\u00e9 re\u00e7u lundi \u00e0 l\u2019\u00c9lys\u00e9e par son homologue fran\u00e7ais\u00a0<a href=\"https:\/\/www.leparisien.fr\/politique\/emmanuel-macron\/\" target=\"_blank\" rel=\"noreferrer noopener\">Emmanuel Macron<\/a>. \u00ab\u00a0Le moment est important\u00a0\u00bb, a d\u00e9clar\u00e9 le pr\u00e9sident fran\u00e7ais au d\u00e9but de la conf\u00e9rence de presse conjointe qui a commenc\u00e9 peu apr\u00e8s 13\u00a0heures.&nbsp;Je suis heureux de pouvoir vous recevoir \u00e0 Paris aujourd\u2019hui dans un moment difficile, je le sais de ce conflit&nbsp;\u00bb, a-t-il poursuivi, rappelant que depuis le premier jour de l\u2019agression russe, la France avait fait un choix clair&nbsp;: \u00ab&nbsp;celui du soutien, sans ambigu\u00eft\u00e9s, sans rel\u00e2che \u00e0 l\u2019<a href=\"https:\/\/www.leparisien.fr\/international\/ukraine\/guerre-en-ukraine-un-ancien-allie-de-trump-devient-conseiller-du-fabricant-du-surpuissant-missile-flamingo-17-11-2025-XXWPC7HGMZCS5EZ3BSKMBSMHVQ.php\" target=\"_blank\" rel=\"noreferrer noopener\">Ukraine<\/a>&nbsp;\u00bb.<\/p>\n\n\n\n<h2 class=\"wp-block-heading\">Des accords militaires<\/h2>\n\n\n\n<p class=\"\">Selon Emmanuel Macron, la Russie poursuit un \u00ab\u00a0objectif\u00a0\u00bb, qui est de \u00ab\u00a0prendre le contr\u00f4le\u00a0\u00bb du territoire ukrainien. Alors face \u00e0 cette \u00ab\u00a0obstination, cette intransigeance, ces attaques inacceptables contre les civils et les infrastructures \u00e9nerg\u00e9tiques\u00a0\u00bb et \u00ab\u00a0face \u00e0 ce qui est devenu aussi une forme d\u2019addiction de la Russie pour la guerre\u00a0\u00bb\u00a0: \u00ab\u00a0Nous demeurons nous d\u00e9termin\u00e9s et ent\u00eat\u00e9s pour la paix\u00a0\u00bb, d\u00e9clare le pr\u00e9sident fran\u00e7ais. \u00ab\u00a0Nous ne n\u00e9gligerons rien pour y parvenir\u00a0\u00bb, avertit-il.Selon le chef d\u2019\u00c9tat fran\u00e7ais, cette d\u00e9termination a \u00e9t\u00e9 projet\u00e9e dans \u00ab\u00a0deux moments forts\u00a0\u00bb de la visite de Volodymyr Zelensky, avec notamment la signature de la d\u00e9claration d\u2019acquisition. \u00ab\u00a0Aujourd\u2019hui, nous franchissons une nouvelle \u00e9tape.Avec cet accord, nous continuons \u00e0 miser sur le rapprochement et l\u2019int\u00e9gration de nos industries de d\u00e9fense pour continuer \u00e0 soutenir l\u2019Ukraine la modernisation de ses forces arm\u00e9es qui restent en premi\u00e8re ligne et qui sont la premi\u00e8re ligne de d\u00e9fense de l\u2019Europe et la dissuasion contre l\u2019agression. Nous le faisons dans la dur\u00e9e\u00a0\u00bb, poursuit Emmanuel Macron.Le pr\u00e9sident de la R\u00e9publique a par la suite donn\u00e9 plus de d\u00e9tails sur cet accord. Il pr\u00e9voit un \u00ab&nbsp;renforcement de la coop\u00e9ration bilat\u00e9rale imm\u00e9diat et sur les 10 prochaines ann\u00e9es, avec l\u2019acquisition de capacit\u00e9 d\u00e9cisive \u00e0 tr\u00e8s court terme&nbsp;: drones, intercepteur de drones, bombe guid\u00e9e et des engagements de production d\u2019ici \u00e0 la fin de l\u2019ann\u00e9e et sur les trois ann\u00e9es qui viennent&nbsp;\u00bb. Il \u00e9voque aussi l\u2019acquisition de 100 Rafale par Kiev&nbsp;: \u00ab&nbsp;c\u2019est l\u00e0 une nouvelle g\u00e9n\u00e9ration qui s\u2019ouvre apr\u00e8s la livraison des Mirage 2&nbsp;000 qui avait \u00e9t\u00e9 act\u00e9e il y a plusieurs mois et la formation des pilotes et donc nous allons d\u00e9ployer&nbsp;\u00bb.<\/p>\n\n\n\n<p class=\"\">Le pr\u00e9sident fran\u00e7ais a ensuite \u00e9voqu\u00e9 la visite conjointe au quartier g\u00e9n\u00e9ral de la force multinationale pour l\u2019Ukraine, bas\u00e9 \u00e0 Paris. \u00ab&nbsp;Les accords d\u2019aujourd\u2019hui et notre visite a act\u00e9 le fait que nous sommes pr\u00eats \u00e0 continuer \u00e0 aider l\u2019Ukraine \u00e0 r\u00e9sister, mais aussi \u00e0 se pr\u00e9parer \u00e0 la suite et par les livraisons capacitaires et les engagements que nous avons pris comme par les travaux de planification, nous avons montr\u00e9 que du court terme jusqu\u2019aux ann\u00e9es \u00e0 venir, nous nous mettons en situation d\u2019\u00eatre aux c\u00f4t\u00e9s de l\u2019Ukraine.&nbsp;\u00bb<\/p>\n\n\n\n<p class=\"\">Emmanuel Macron indique que le soutien de la France ne se limite pas au qu\u2019au champ militaire&nbsp;: \u00ab&nbsp;Il est aussi civil, \u00e9conomique et humanitaire&nbsp;\u00bb. Il annonce la signature d\u2019un accord intergouvernemental et un contrat de 475&nbsp;millions d\u2019euros entre Alstom et la soci\u00e9t\u00e9 des chemins de fer ukrainiens pour la fourniture de 55 locomotives \u00e0 l\u2019Ukraine.<\/p>\n\n\n\n<h2 class=\"wp-block-heading\">\u00ab&nbsp;Renforcer les sanctions&nbsp;\u00bb contre la Russie<\/h2>\n\n\n\n<p class=\"\">Emmanuel Macron \u00e9voque des \u00e9changes \u00e0 venir avec son homologue ukrainien pour \u00ab&nbsp;continuer \u00e0 cr\u00e9er les conditions d\u2019un cessez-le-feu et d\u2019une paix juste et durable&nbsp;\u00bb. Elles suivront \u00ab&nbsp;deux lignes d\u2019efforts&nbsp;\u00bb, le renforcement de soutien \u00e0 l\u2019Ukraine et le \u00ab&nbsp;renforcement de la pression sur la Russie tant qu\u2019elle persistera dans son refus de la paix&nbsp;\u00bb.<\/p>\n\n\n\n<p class=\"\">\u00c9voquant les efforts pour r\u00e9pondre aux besoins financiers urgents de l\u2019Ukraine, Emmanuel Macron veut envoyer un signal fort \u00e0 la Russie \u00ab&nbsp;qui ne doit pas croire qu\u2019elle peut miser sur la fatigue des Europ\u00e9ens&nbsp;\u00bb.<\/p>\n\n\n\n<p class=\"\">\u00ab\u00a0Nous sommes aussi d\u00e9termin\u00e9s \u00e0 continuer de renforcer nos sanctions contre la Russie, en lien avec les \u00c9tats-Unis, afin d\u2019affaiblir sa capacit\u00e9 \u00e0 poursuivre son effort de guerre Cela vaut aussi pour la flotte fant\u00f4me contre laquelle, nous restons mobilis\u00e9s, avec le souci de continuer \u00e0 mieux nous coordonner pour entraver son fonctionnement\u00a0\u00bb, d\u00e9taille le chef d\u2019\u00c9tat.Il conclut en rappelant que l\u2019Ukraine \u00ab\u00a0appartient \u00e0 la famille europ\u00e9enne\u00a0\u00bb et que le chemin vers l\u2019Union Europ\u00e9enne \u00ab\u00a0sera exigeant\u00a0\u00bb, mais il a confiance en la \u00ab\u00a0d\u00e9termination du peuple ukrainien \u00e0 les mener \u00e0 bien\u00a0\u00bb.<\/p>\n","protected":false},"excerpt":{"rendered":"<p>La conf\u00e9rence de presse conjointe d\u2019Emmanuel Macron et Volodymyr Zelensky s\u2019est tenue apr\u00e8s que les deux chefs d\u2019\u00c9tat ont sign\u00e9 une \u00ab\u00a0d\u00e9claration d\u2019intention\u00a0\u00bb.Pour la neuvi\u00e8me fois depuis le d\u00e9but de la guerre, le pr\u00e9sident ukrainien\u00a0Volodymyr Zelensky\u00a0a \u00e9t\u00e9 re\u00e7u lundi \u00e0 l\u2019\u00c9lys\u00e9e par son homologue fran\u00e7ais\u00a0Emmanuel Macron. \u00ab\u00a0Le moment est important\u00a0\u00bb, a d\u00e9clar\u00e9 le pr\u00e9sident fran\u00e7ais [&hellip;]<\/p>\n","protected":false},"author":2,"featured_media":39964,"comment_status":"open","ping_status":"open","sticky":false,"template":"","format":"standard","meta":{"_jetpack_memberships_contains_paid_content":false,"footnotes":"","jetpack_publicize_message":"","jetpack_publicize_feature_enabled":true,"jetpack_social_post_already_shared":true,"jetpack_social_options":{"image_generator_settings":{"template":"highway","default_image_id":0,"font":"","enabled":true,"token":"eyJpbWciOiJodHRwczpcL1wvd3d3LmljZWFnZXR2LmNvbVwvcmFkaW9zaXRlXC93cC1jb250ZW50XC91cGxvYWRzXC8yMDI1XC8xMVwvQWNjb3JkLW1pbGl0YWlyZS1wYWl4LWF2YW50LTIwMjcuanBnIiwidHh0IjoiQWNjb3JkIG1pbGl0YWlyZSwgcGFpeCBcdTAwYWJcdTAwYTBhdmFudCAyMDI3XHUwMGEwXHUwMGJiXHUyMDI2IENlIHF1XHUyMDE5aWwgZmF1dCByZXRlbmlyIGRlIGxhIGNvbmZcdTAwZTlyZW5jZSBkZSBwcmVzc2UgZGUgTWFjcm9uIGV0IGRlIFplbGVuc2t5IiwidGVtcGxhdGUiOiJoaWdod2F5IiwiZm9udCI6IiIsImJsb2dfaWQiOjExMTAxNjQ2MX0.fFaMQQxBrf2Wey6r1WwSgJMXZDWF94mWv44ngQRsw4IMQ"},"version":2},"_wpas_customize_per_network":false},"categories":[405],"tags":[],"class_list":["post-39963","post","type-post","status-publish","format-standard","has-post-thumbnail","hentry","category-actu-france-monde"],"jetpack_publicize_connections":[],"jetpack_featured_media_url":"https:\/\/i0.wp.com\/www.iceagetv.com\/radiosite\/wp-content\/uploads\/2025\/11\/Accord-militaire-paix-avant-2027.jpg?fit=827%2C518&ssl=1","jetpack_sharing_enabled":true,"_links":{"self":[{"href":"https:\/\/www.iceagetv.com\/radiosite\/wp-json\/wp\/v2\/posts\/39963","targetHints":{"allow":["GET"]}}],"collection":[{"href":"https:\/\/www.iceagetv.com\/radiosite\/wp-json\/wp\/v2\/posts"}],"about":[{"href":"https:\/\/www.iceagetv.com\/radiosite\/wp-json\/wp\/v2\/types\/post"}],"author":[{"embeddable":true,"href":"https:\/\/www.iceagetv.com\/radiosite\/wp-json\/wp\/v2\/users\/2"}],"replies":[{"embeddable":true,"href":"https:\/\/www.iceagetv.com\/radiosite\/wp-json\/wp\/v2\/comments?post=39963"}],"version-history":[{"count":1,"href":"https:\/\/www.iceagetv.com\/radiosite\/wp-json\/wp\/v2\/posts\/39963\/revisions"}],"predecessor-version":[{"id":39965,"href":"https:\/\/www.iceagetv.com\/radiosite\/wp-json\/wp\/v2\/posts\/39963\/revisions\/39965"}],"wp:featuredmedia":[{"embeddable":true,"href":"https:\/\/www.iceagetv.com\/radiosite\/wp-json\/wp\/v2\/media\/39964"}],"wp:attachment":[{"href":"https:\/\/www.iceagetv.com\/radiosite\/wp-json\/wp\/v2\/media?parent=39963"}],"wp:term":[{"taxonomy":"category","embeddable":true,"href":"https:\/\/www.iceagetv.com\/radiosite\/wp-json\/wp\/v2\/categories?post=39963"},{"taxonomy":"post_tag","embeddable":true,"href":"https:\/\/www.iceagetv.com\/radiosite\/wp-json\/wp\/v2\/tags?post=39963"}],"curies":[{"name":"wp","href":"https:\/\/api.w.org\/{rel}","templated":true}]}}