{"id":39969,"date":"2025-11-17T17:46:02","date_gmt":"2025-11-17T16:46:02","guid":{"rendered":"https:\/\/www.iceagetv.com\/radiosite\/?p=39969"},"modified":"2025-11-17T17:46:05","modified_gmt":"2025-11-17T16:46:05","slug":"la-direction-du-musee-du-louvre-annonce-la-fermeture-au-public-dune-galerie-le-temps-dinvestigations-en-raison-dune-fragilite-de-ledifice","status":"publish","type":"post","link":"https:\/\/www.iceagetv.com\/radiosite\/la-direction-du-musee-du-louvre-annonce-la-fermeture-au-public-dune-galerie-le-temps-dinvestigations-en-raison-dune-fragilite-de-ledifice\/","title":{"rendered":"La direction du mus\u00e9e du Louvre annonce la fermeture au public d&rsquo;une galerie \u00ab\u00a0le temps d&rsquo;investigations\u00a0\u00bb en raison d\u2019une \u00ab\u00a0fragilit\u00e9\u00a0\u00bb de l\u2019\u00e9difice"},"content":{"rendered":"\n<p class=\"\">La direction du mus\u00e9e du Mus\u00e9e du Louvre annonce la fermeture au public d&rsquo;une galerie en raison d\u2019une \u00abfragilit\u00e9\u00bb de l\u2019\u00e9difice.<\/p>\n\n\n\n<p class=\"\">Est concern\u00e9e par cette fermeture \u00ab\u00a0l&rsquo;aile sud du quadrilat\u00e8re Sully\u00a0\u00bb qui \u00ab\u00a0fait l&rsquo;objet depuis plusieurs ann\u00e9es d&rsquo;une surveillance b\u00e2timentaire particuli\u00e8re\u00a0\u00bb, indique le mus\u00e9e dans un communiqu\u00e9.<\/p>\n\n\n\n<p class=\"\">Et de pr\u00e9ciser que \u00ab\u00a0le temps de ces investigations, la galerie Campana situ\u00e9e au premier \u00e9tage de l&rsquo;aile sud sera ferm\u00e9e au public par mesure de pr\u00e9caution\u00a0\u00bb.<\/p>\n\n\n\n<p class=\"\">Le mus\u00e9e explique: \u00ab\u00a0Au sein du quadrilat\u00e8re Sully, le deuxi\u00e8me \u00e9tage de l&rsquo;aile sud fait l&rsquo;objet depuis plusieurs ann\u00e9es d&rsquo;une surveillance b\u00e2timentaire particuli\u00e8re. En effet, au regard de leur conception architecturale complexe, et des travaux structurels et d&rsquo;am\u00e9nagement qui y ont \u00e9t\u00e9 r\u00e9alis\u00e9s dans les ann\u00e9es 1930, les planchers du deuxi\u00e8me \u00e9tage de cette aile pr\u00e9sentent des faiblesses.\u00a0\u00bb<\/p>\n\n\n\n<p class=\"\">Et de pr\u00e9ciser que \u00ab\u00a0Cet \u00e9tage est actuellement occup\u00e9 par des bureaux des agents du Louvre.\u00a0\u00bb<\/p>\n\n\n\n<p class=\"\">Avant d&rsquo;ajouter: \u00ab\u00a0Dans le contexte des cycles de diagnostics lanc\u00e9s par l&rsquo;\u00e9tablissement public du mus\u00e9e du Louvre (EPML) concernant notamment le quadrilat\u00e8re Sully, un nouveau rapport d&rsquo;un bureau d&rsquo;\u00e9tudes techniques a \u00e9t\u00e9 remis ce vendredi 14 novembre 2025. Du fait d&rsquo;\u00e9volutions r\u00e9centes et impr\u00e9visibles, ce rapport alerte l&rsquo;EPML sur la particuli\u00e8re fragilit\u00e9 de certaines poutres portant les planchers du deuxi\u00e8me \u00e9tage de l&rsquo;aile sud.\u00a0\u00bb<\/p>\n\n\n\n<p class=\"\">\u00ab\u00a0A la lecture de ce rapport et sur les recommandations de l&rsquo;architecte en chef des monuments historiques charg\u00e9 du palais du Louvre, la direction du mus\u00e9e a d\u00e9cid\u00e9 de neutraliser l&rsquo;acc\u00e8s aux bureaux du deuxi\u00e8me \u00e9tage. 65 agents du mus\u00e9e seront donc amen\u00e9s \u00e0 quitter leur bureau au cours des trois prochains jours.\u00a0\u00bb, est-il \u00e9crit.<\/p>\n\n\n\n<p class=\"\">Et de pr\u00e9ciser que \u00ab\u00a0L&rsquo;EPML a imm\u00e9diatement lanc\u00e9 une campagne compl\u00e9mentaire d&rsquo;investigations afin de d\u00e9terminer les causes de ces \u00e9volutions r\u00e9centes et mener au plus t\u00f4t les travaux n\u00e9cessaires.\u00a0\u00bb<\/p>\n\n\n\n<p class=\"\">\u00ab\u00a0Le temps de ces investigations, la galerie Campana situ\u00e9e au premier \u00e9tage de l&rsquo;aile sud sera ferm\u00e9e au public par mesure de pr\u00e9caution.\u00a0\u00bb<\/p>\n\n\n\n<p class=\"\">\u00ab\u00a0Le projet \u00ab&nbsp;Louvre &#8211; Nouvelle Renaissance&nbsp;\u00bb annonc\u00e9 par le Pr\u00e9sident de la R\u00e9publique le 28&nbsp;janvier 2025 a pour priorit\u00e9 la remise en \u00e9tat, la modernisation technique et la revitalisation de cet ensemble patrimonial et historique majeur qu&rsquo;est le quadrilat\u00e8re Sully.\u00a0\u00bb, \u00e9crit le mus\u00e9e dans son communiqu\u00e9.<\/p>\n","protected":false},"excerpt":{"rendered":"<p>La direction du mus\u00e9e du Mus\u00e9e du Louvre annonce la fermeture au public d&rsquo;une galerie en raison d\u2019une \u00abfragilit\u00e9\u00bb de l\u2019\u00e9difice. Est concern\u00e9e par cette fermeture \u00ab\u00a0l&rsquo;aile sud du quadrilat\u00e8re Sully\u00a0\u00bb qui \u00ab\u00a0fait l&rsquo;objet depuis plusieurs ann\u00e9es d&rsquo;une surveillance b\u00e2timentaire particuli\u00e8re\u00a0\u00bb, indique le mus\u00e9e dans un communiqu\u00e9. Et de pr\u00e9ciser que \u00ab\u00a0le temps de ces [&hellip;]<\/p>\n","protected":false},"author":2,"featured_media":39970,"comment_status":"open","ping_status":"open","sticky":false,"template":"","format":"standard","meta":{"_jetpack_memberships_contains_paid_content":false,"footnotes":"","jetpack_publicize_message":"","jetpack_publicize_feature_enabled":true,"jetpack_social_post_already_shared":true,"jetpack_social_options":{"image_generator_settings":{"template":"highway","default_image_id":0,"font":"","enabled":true,"token":"eyJpbWciOiJodHRwczpcL1wvd3d3LmljZWFnZXR2LmNvbVwvcmFkaW9zaXRlXC93cC1jb250ZW50XC91cGxvYWRzXC8yMDI1XC8xMVwvcDZhbVVfWm8uanBnIiwidHh0IjoiTGEgZGlyZWN0aW9uIGR1IG11c1x1MDBlOWUgZHUgTG91dnJlIGFubm9uY2UgbGEgZmVybWV0dXJlIGF1IHB1YmxpYyBkJiM4MjE3O3VuZSBnYWxlcmllICYjODIyMDtsZSB0ZW1wcyBkJiM4MjE3O2ludmVzdGlnYXRpb25zJiM4MjIxOyBlbiByYWlzb24gZFx1MjAxOXVuZSAmIzgyMjA7ZnJhZ2lsaXRcdTAwZTkmIzgyMjE7IGRlIGxcdTIwMTlcdTAwZTlkaWZpY2UiLCJ0ZW1wbGF0ZSI6ImhpZ2h3YXkiLCJmb250IjoiIiwiYmxvZ19pZCI6MTExMDE2NDYxfQ.TllzcYSRHlmWLL7FI73YdvF8CfM28POAau09yq-_k-8MQ"},"version":2},"_wpas_customize_per_network":false},"categories":[405],"tags":[],"class_list":["post-39969","post","type-post","status-publish","format-standard","has-post-thumbnail","hentry","category-actu-france-monde"],"jetpack_publicize_connections":[],"jetpack_featured_media_url":"https:\/\/i0.wp.com\/www.iceagetv.com\/radiosite\/wp-content\/uploads\/2025\/11\/p6amU_Zo.jpg?fit=679%2C293&ssl=1","jetpack_sharing_enabled":true,"_links":{"self":[{"href":"https:\/\/www.iceagetv.com\/radiosite\/wp-json\/wp\/v2\/posts\/39969","targetHints":{"allow":["GET"]}}],"collection":[{"href":"https:\/\/www.iceagetv.com\/radiosite\/wp-json\/wp\/v2\/posts"}],"about":[{"href":"https:\/\/www.iceagetv.com\/radiosite\/wp-json\/wp\/v2\/types\/post"}],"author":[{"embeddable":true,"href":"https:\/\/www.iceagetv.com\/radiosite\/wp-json\/wp\/v2\/users\/2"}],"replies":[{"embeddable":true,"href":"https:\/\/www.iceagetv.com\/radiosite\/wp-json\/wp\/v2\/comments?post=39969"}],"version-history":[{"count":1,"href":"https:\/\/www.iceagetv.com\/radiosite\/wp-json\/wp\/v2\/posts\/39969\/revisions"}],"predecessor-version":[{"id":39971,"href":"https:\/\/www.iceagetv.com\/radiosite\/wp-json\/wp\/v2\/posts\/39969\/revisions\/39971"}],"wp:featuredmedia":[{"embeddable":true,"href":"https:\/\/www.iceagetv.com\/radiosite\/wp-json\/wp\/v2\/media\/39970"}],"wp:attachment":[{"href":"https:\/\/www.iceagetv.com\/radiosite\/wp-json\/wp\/v2\/media?parent=39969"}],"wp:term":[{"taxonomy":"category","embeddable":true,"href":"https:\/\/www.iceagetv.com\/radiosite\/wp-json\/wp\/v2\/categories?post=39969"},{"taxonomy":"post_tag","embeddable":true,"href":"https:\/\/www.iceagetv.com\/radiosite\/wp-json\/wp\/v2\/tags?post=39969"}],"curies":[{"name":"wp","href":"https:\/\/api.w.org\/{rel}","templated":true}]}}