{"id":39985,"date":"2025-11-18T20:25:23","date_gmt":"2025-11-18T19:25:23","guid":{"rendered":"https:\/\/www.iceagetv.com\/radiosite\/?p=39985"},"modified":"2025-11-18T20:25:26","modified_gmt":"2025-11-18T19:25:26","slug":"les-groupes-publics-radio-france-et-france-tele-ont-decide-dattaquer-cnews-europe-1-et-le-journal-du-dimanche-en-justice-pour-denigrement-devant-le-tribunal-de-commerce-de-paris","status":"publish","type":"post","link":"https:\/\/www.iceagetv.com\/radiosite\/les-groupes-publics-radio-france-et-france-tele-ont-decide-dattaquer-cnews-europe-1-et-le-journal-du-dimanche-en-justice-pour-denigrement-devant-le-tribunal-de-commerce-de-paris\/","title":{"rendered":"Les groupes publics Radio France et France T\u00e9l\u00e9 ont d\u00e9cid\u00e9 d&rsquo;attaquer CNews, Europe 1 et \u00ab\u00a0le journal du dimanche\u00a0\u00bb en justice pour \u00ab\u00a0d\u00e9nigrement\u00a0\u00bb devant le Tribunal de commerce de Paris"},"content":{"rendered":"\n<p class=\"\">Radio France et France T\u00e9l\u00e9visions ont d\u00e9cid\u00e9 d&rsquo;engager une action pour s&rsquo;attaquer ensemble \u00e0 CNews selon les informations diffus\u00e9es ce soir le Figaro. Les deux groupes d&rsquo;audiovisuel public ont en effet d\u00e9cid\u00e9 d&rsquo;assigner devant le Tribunal de commerce de Paris, la cha\u00eene de t\u00e9l\u00e9 CNews, la radio Europe 1 et l&rsquo;hebdomadaire le JDD.<\/p>\n\n\n\n<p class=\"\">Selon le Figaro, Radio France et France T\u00e9l\u00e9 ont d\u00e9pos\u00e9 plainte&nbsp; pour \u00abd\u00e9nigrement\u00bb. Nos confr\u00e8res pr\u00e9cisent que Radio France et France T\u00e9l\u00e9visions se sont concert\u00e9s avant de lancer cette action en justice mais les deux groupes publics ont agi s\u00e9par\u00e9ment.<\/p>\n\n\n\n<p class=\"\">Dans une lettre commune adress\u00e9e mi-septembre \u00e0 l\u2019Arcom, les deux dirigeantes des groupes publics avaient d\u00e9j\u00e0 d\u00e9nonc\u00e9 une \u00ab campagne de d\u00e9nigrement syst\u00e9matique et quotidienne \u00bb, provenant \u00ab en particulier des antennes de la cha\u00eene de t\u00e9l\u00e9vision CNews et de la station de radio Europe 1 \u00bb<\/p>\n\n\n\n<p class=\"\">Le courrier pointait que des \u00ab propos d\u00e9nigrants \u00bb y avaient \u00ab occup\u00e9 ces derniers jours un temps d\u2019antenne tr\u00e8s significatif \u00bb. Pour appuyer leur propos, France T\u00e9l\u00e9visions et Radio France avaient joint \u00e0 la missive un \u00abbest of\u00bb d\u2019extraits d\u2019\u00e9missions particuli\u00e8rement virulents.<\/p>\n\n\n\n<p class=\"\">Au micro de RTL, le 26 septembre, Delphine Ernotte d\u00e9clarait : \u00abJ\u2019assume ce que je dis et je consid\u00e8re que CNews est une cha\u00eene d\u2019opinion.\u00a0\u00bb Delphine Ernotte a assur\u00e9 par ailleurs que la \u00abdiversit\u00e9 des opinions y est repr\u00e9sent\u00e9e\u00bb et que le groupe audiovisuel public \u00abn\u2019exclut personne\u00bb.<\/p>\n\n\n\n<p class=\"\">\u00c0 la question de savoir si elle qualifiait la couverture de l\u2019actualit\u00e9 de CNews \u00ab\u00e0 l\u2019extr\u00eame droite\u00bb, elle a de nouveau r\u00e9pondu qu\u2019elle \u00abassum[ait]\u00bb ses paroles, \u00e9nonc\u00e9es quelques jours plus t\u00f4t.<\/p>\n\n\n\n<p class=\"\">Dans un entretien au Monde, elle avait appel\u00e9 \u00e0 \u00abadmettre que CNews est un m\u00e9dia d\u2019opinion\u00bb et une \u00abcha\u00eene d\u2019extr\u00eame droite\u00bb.<\/p>\n\n\n\n<p class=\"\">Delphine Ernotte qui avait du affronter \u00e0 la m\u00eame p\u00e9riode un rapport de la Cour des comptes qui \u00e9pingle la situation budg\u00e9taire \u00ab pr\u00e9occupante \u00bb du groupe et alerte face \u00e0 \u00ab la forte d\u00e9gradation financi\u00e8re \u00bb qu\u2019a connue l\u2019entreprise, d\u00e9tenue \u00e0 100 % par l\u2019Etat, entre 2017 et 2024.<\/p>\n\n\n\n<p class=\"\">Dans ce document de 166 pages publi\u00e9 ce mardi 23 septembre, les Sages de la rue Cambon \u00e9voquent, p\u00eale-m\u00eale, le poids des charges de personnels et de fonctionnement, les investissements n\u00e9cessaires pour accompagner la r\u00e9volution num\u00e9rique et les changements d\u2019usages, mais aussi les atermoiements de l\u2019Etat ces derni\u00e8res ann\u00e9es, qui ont priv\u00e9 l\u2019entreprise publique de la stabilit\u00e9 n\u00e9cessaire \u00e0 son bon d\u00e9veloppement.<\/p>\n\n\n\n<p class=\"\">Pour cette juridiction financi\u00e8re, en charge du contr\u00f4le des comptes publics, France T\u00e9l\u00e9visions se trouve d\u00e9sormais \u00ab dans une situation non soutenable sans r\u00e9formes structurelles majeures. \u00bb<\/p>\n\n\n\n<p class=\"\">Depuis la suppression de la redevance audiovisuelle en 2022, le secteur est financ\u00e9 par une fraction de la TVA, un dispositif transitoire qui doit \u00eatre revu d\u2019ici fin 2024. Parall\u00e8lement, la ministre de la Culture Rachida Dati d\u00e9fend un projet de r\u00e9forme visant \u00e0 regrouper France T\u00e9l\u00e9visions, Radio France et l\u2019INA sous une holding commune, France M\u00e9dias.<\/p>\n","protected":false},"excerpt":{"rendered":"<p>Radio France et France T\u00e9l\u00e9visions ont d\u00e9cid\u00e9 d&rsquo;engager une action pour s&rsquo;attaquer ensemble \u00e0 CNews selon les informations diffus\u00e9es ce soir le Figaro. Les deux groupes d&rsquo;audiovisuel public ont en effet d\u00e9cid\u00e9 d&rsquo;assigner devant le Tribunal de commerce de Paris, la cha\u00eene de t\u00e9l\u00e9 CNews, la radio Europe 1 et l&rsquo;hebdomadaire le JDD. Selon le [&hellip;]<\/p>\n","protected":false},"author":2,"featured_media":39986,"comment_status":"open","ping_status":"open","sticky":false,"template":"","format":"standard","meta":{"_jetpack_memberships_contains_paid_content":false,"footnotes":"","jetpack_publicize_message":"","jetpack_publicize_feature_enabled":true,"jetpack_social_post_already_shared":true,"jetpack_social_options":{"image_generator_settings":{"template":"highway","default_image_id":0,"font":"","enabled":true,"token":"eyJpbWciOiJodHRwczpcL1wvd3d3LmljZWFnZXR2LmNvbVwvcmFkaW9zaXRlXC93cC1jb250ZW50XC91cGxvYWRzXC8yMDI1XC8xMVwvb29TRWNNZFQuanBnIiwidHh0IjoiTGVzIGdyb3VwZXMgcHVibGljcyBSYWRpbyBGcmFuY2UgZXQgRnJhbmNlIFRcdTAwZTlsXHUwMGU5IG9udCBkXHUwMGU5Y2lkXHUwMGU5IGQmIzgyMTc7YXR0YXF1ZXIgQ05ld3MsIEV1cm9wZSAxIGV0ICYjODIyMDtsZSBqb3VybmFsIGR1IGRpbWFuY2hlJiM4MjIxOyBlbiBqdXN0aWNlIHBvdXIgJiM4MjIwO2RcdTAwZTluaWdyZW1lbnQmIzgyMjE7IGRldmFudCBsZSBUcmlidW5hbCBkZSBjb21tZXJjZSBkZSBQYXJpcyIsInRlbXBsYXRlIjoiaGlnaHdheSIsImZvbnQiOiIiLCJibG9nX2lkIjoxMTEwMTY0NjF9.iou4nmpit5SsuIzg8YZtON2Stpgqgw5WO5Rr1s7Zef0MQ"},"version":2},"_wpas_customize_per_network":false},"categories":[68],"tags":[],"class_list":["post-39985","post","type-post","status-publish","format-standard","has-post-thumbnail","hentry","category-actu-culturelle"],"jetpack_publicize_connections":[],"jetpack_featured_media_url":"https:\/\/i0.wp.com\/www.iceagetv.com\/radiosite\/wp-content\/uploads\/2025\/11\/ooSEcMdT.jpg?fit=679%2C293&ssl=1","jetpack_sharing_enabled":true,"_links":{"self":[{"href":"https:\/\/www.iceagetv.com\/radiosite\/wp-json\/wp\/v2\/posts\/39985","targetHints":{"allow":["GET"]}}],"collection":[{"href":"https:\/\/www.iceagetv.com\/radiosite\/wp-json\/wp\/v2\/posts"}],"about":[{"href":"https:\/\/www.iceagetv.com\/radiosite\/wp-json\/wp\/v2\/types\/post"}],"author":[{"embeddable":true,"href":"https:\/\/www.iceagetv.com\/radiosite\/wp-json\/wp\/v2\/users\/2"}],"replies":[{"embeddable":true,"href":"https:\/\/www.iceagetv.com\/radiosite\/wp-json\/wp\/v2\/comments?post=39985"}],"version-history":[{"count":1,"href":"https:\/\/www.iceagetv.com\/radiosite\/wp-json\/wp\/v2\/posts\/39985\/revisions"}],"predecessor-version":[{"id":39987,"href":"https:\/\/www.iceagetv.com\/radiosite\/wp-json\/wp\/v2\/posts\/39985\/revisions\/39987"}],"wp:featuredmedia":[{"embeddable":true,"href":"https:\/\/www.iceagetv.com\/radiosite\/wp-json\/wp\/v2\/media\/39986"}],"wp:attachment":[{"href":"https:\/\/www.iceagetv.com\/radiosite\/wp-json\/wp\/v2\/media?parent=39985"}],"wp:term":[{"taxonomy":"category","embeddable":true,"href":"https:\/\/www.iceagetv.com\/radiosite\/wp-json\/wp\/v2\/categories?post=39985"},{"taxonomy":"post_tag","embeddable":true,"href":"https:\/\/www.iceagetv.com\/radiosite\/wp-json\/wp\/v2\/tags?post=39985"}],"curies":[{"name":"wp","href":"https:\/\/api.w.org\/{rel}","templated":true}]}}