{"id":39997,"date":"2025-11-19T13:46:16","date_gmt":"2025-11-19T12:46:16","guid":{"rendered":"https:\/\/www.iceagetv.com\/radiosite\/?p=39997"},"modified":"2025-11-19T13:46:19","modified_gmt":"2025-11-19T12:46:19","slug":"la-taxe-fonciere-va-augmenter-pour-74-millions-de-logements-en-2026-apres-une-mise-a-jour-de-donnees","status":"publish","type":"post","link":"https:\/\/www.iceagetv.com\/radiosite\/la-taxe-fonciere-va-augmenter-pour-74-millions-de-logements-en-2026-apres-une-mise-a-jour-de-donnees\/","title":{"rendered":"La taxe fonci\u00e8re va augmenter pour 7,4\u00a0millions de logements en\u00a02026\u00a0apr\u00e8s une mise \u00e0 jour de donn\u00e9es"},"content":{"rendered":"\n<p class=\"\">C\u2019est une question d\u2019efficacit\u00e9 et d\u2019\u00e9quit\u00e9 de l\u2019imp\u00f4t\u00a0: que chacun paie selon le type de logement qu\u2019il d\u00e9tient\u00a0\u00bb, a justifi\u00e9 le cabinet de la ministre des comptes publics, Am\u00e9lie de Montchalin.Une mise \u00e0 jour des fichiers de logements par le minist\u00e8re de l\u2019\u00e9conomie va provoquer l\u2019augmentation de la taxe fonci\u00e8re pour 7,4&nbsp;millions de logements en&nbsp;2026, a fait savoir Bercy \u00e0 l\u2019Agence France-Presse, ce qui confirme une information du&nbsp;<a href=\"https:\/\/www.leparisien.fr\/economie\/impots\/bercy-va-augmenter-doffice-la-taxe-fonciere-pour-74-millions-de-logements-en-2026-18-11-2025-BNTEXGPX45HJPG52AJCMIN6KNY.php\" target=\"_blank\" rel=\"noreferrer noopener\"><em>Parisien<\/em><\/a>.<\/p>\n\n\n\n<p class=\"\"><em>\u00ab\u00a0C\u2019est une question d\u2019efficacit\u00e9 et d\u2019\u00e9quit\u00e9 de l\u2019imp\u00f4t\u00a0: que chacun paie selon le type de logement qu\u2019il d\u00e9tient\u00a0\u00bb<\/em>, justifie le cabinet de la ministre des comptes publics, Am\u00e9lie de Montchalin.Vous pouvez partager un article en cliquant sur les ic\u00f4nes de partage en haut \u00e0 droite de celui-ci.<br>La reproduction totale ou partielle d\u2019un article, sans l\u2019autorisation \u00e9crite et pr\u00e9alable du <a href=\"https:\/\/www.lemonde.fr\">Monde<\/a>, est strictement interdite.<br>Pour plus d\u2019informations, consultez nos <a href=\"https:\/\/moncompte.lemonde.fr\/cgv\">conditions g\u00e9n\u00e9rales de vente<\/a>.<br>Pour toute demande d\u2019autorisation, contactez <a href=\"mailto:syndication@lemonde.fr\">syndication@lemonde.fr<\/a>.<br>En tant qu\u2019abonn\u00e9, vous pouvez offrir jusqu\u2019\u00e0 cinq articles par mois \u00e0 l\u2019un de vos proches gr\u00e2ce \u00e0 la fonctionnalit\u00e9 \u00ab Offrir un article \u00bb.<\/p>\n\n\n\n<figure class=\"wp-block-embed\"><div class=\"wp-block-embed__wrapper\">\nhttps:\/\/www.lemonde.fr\/economie\/article\/2025\/11\/18\/a-la-suite-d-une-mise-a-jour-de-donnees-la-taxe-fonciere-va-augmenter-pour-7-4-millions-de-logements-en-2026_6653930_3234.html\n<\/div><\/figure>\n\n\n\n<p class=\"\">Pay\u00e9e par quelque 32&nbsp;millions de propri\u00e9taires, la taxe fonci\u00e8re repose sur la surface, mais aussi sur des crit\u00e8res dits \u00ab&nbsp;de confort&nbsp;\u00bb tels que la pr\u00e9sence d\u2019eau courante, d\u2019\u00e9lectricit\u00e9, de toilettes ou de lavabos dans le logement. La pr\u00e9sence de chacun de ces \u00e9l\u00e9ments augmente artificiellement le nombre de m\u00e8tres carr\u00e9s pris en compte, et m\u00e9caniquement le montant de la taxe fonci\u00e8re.<\/p>\n\n\n\n<p class=\"\"><em>\u00ab&nbsp;L\u2019op\u00e9ration de fiabilisation des bases fonci\u00e8res qui va \u00eatre men\u00e9e en&nbsp;2026&nbsp;\u00bb<\/em> vise \u00e0 prendre en compte <em>\u00ab&nbsp;ces \u00e9l\u00e9ments de confort lorsqu\u2019ils ne sont pas aujourd\u2019hui int\u00e9gr\u00e9s \u00e0 la base fonci\u00e8re&nbsp;\u00bb<\/em>, explique la direction g\u00e9n\u00e9rale des finances publiques (DGFiP). D\u2019apr\u00e8s <em>Le Parisien<\/em>, cette mise \u00e0 jour aboutira \u00e0 une hausse moyenne de la taxe d\u2019habitation de 63&nbsp;euros par logement concern\u00e9 et devrait rapporter 466&nbsp;millions d\u2019euros suppl\u00e9mentaires aux collectivit\u00e9s locales.<\/p>\n\n\n\n<p class=\"\"><em>\u00ab&nbsp;Bien s\u00fbr, les propri\u00e9taires dont les logements ne seraient r\u00e9ellement pas \u00e9quip\u00e9s de ces installations pourront tout \u00e0 fait contester leur imposition de taxe fonci\u00e8re et obtenir des d\u00e9gr\u00e8vements correspondants&nbsp;\u00bb<\/em>, pr\u00e9cise la DGFiP.<\/p>\n","protected":false},"excerpt":{"rendered":"<p>C\u2019est une question d\u2019efficacit\u00e9 et d\u2019\u00e9quit\u00e9 de l\u2019imp\u00f4t\u00a0: que chacun paie selon le type de logement qu\u2019il d\u00e9tient\u00a0\u00bb, a justifi\u00e9 le cabinet de la ministre des comptes publics, Am\u00e9lie de Montchalin.Une mise \u00e0 jour des fichiers de logements par le minist\u00e8re de l\u2019\u00e9conomie va provoquer l\u2019augmentation de la taxe fonci\u00e8re pour 7,4&nbsp;millions de logements en&nbsp;2026, [&hellip;]<\/p>\n","protected":false},"author":2,"featured_media":39998,"comment_status":"open","ping_status":"open","sticky":false,"template":"","format":"standard","meta":{"_jetpack_memberships_contains_paid_content":false,"footnotes":"","jetpack_publicize_message":"","jetpack_publicize_feature_enabled":true,"jetpack_social_post_already_shared":true,"jetpack_social_options":{"image_generator_settings":{"template":"highway","default_image_id":0,"font":"","enabled":true,"token":"eyJpbWciOiJodHRwczpcL1wvd3d3LmljZWFnZXR2LmNvbVwvcmFkaW9zaXRlXC93cC1jb250ZW50XC91cGxvYWRzXC8yMDI1XC8xMVwvaW1hZ2UtNS5qcGciLCJ0eHQiOiJMYSB0YXhlIGZvbmNpXHUwMGU4cmUgdmEgYXVnbWVudGVyIHBvdXIgNyw0XHUwMGEwbWlsbGlvbnMgZGUgbG9nZW1lbnRzIGVuXHUwMGEwMjAyNlx1MDBhMGFwclx1MDBlOHMgdW5lIG1pc2UgXHUwMGUwIGpvdXIgZGUgZG9ublx1MDBlOWVzIiwidGVtcGxhdGUiOiJoaWdod2F5IiwiZm9udCI6IiIsImJsb2dfaWQiOjExMTAxNjQ2MX0.K10GrGxB2XkWFbSlUNfWuyphf3bpJ1ksgFwSvHOsmNIMQ"},"version":2},"_wpas_customize_per_network":false},"categories":[405],"tags":[],"class_list":["post-39997","post","type-post","status-publish","format-standard","has-post-thumbnail","hentry","category-actu-france-monde"],"jetpack_publicize_connections":[],"jetpack_featured_media_url":"https:\/\/i0.wp.com\/www.iceagetv.com\/radiosite\/wp-content\/uploads\/2025\/11\/image-5.jpg?fit=885%2C500&ssl=1","jetpack_sharing_enabled":true,"_links":{"self":[{"href":"https:\/\/www.iceagetv.com\/radiosite\/wp-json\/wp\/v2\/posts\/39997","targetHints":{"allow":["GET"]}}],"collection":[{"href":"https:\/\/www.iceagetv.com\/radiosite\/wp-json\/wp\/v2\/posts"}],"about":[{"href":"https:\/\/www.iceagetv.com\/radiosite\/wp-json\/wp\/v2\/types\/post"}],"author":[{"embeddable":true,"href":"https:\/\/www.iceagetv.com\/radiosite\/wp-json\/wp\/v2\/users\/2"}],"replies":[{"embeddable":true,"href":"https:\/\/www.iceagetv.com\/radiosite\/wp-json\/wp\/v2\/comments?post=39997"}],"version-history":[{"count":1,"href":"https:\/\/www.iceagetv.com\/radiosite\/wp-json\/wp\/v2\/posts\/39997\/revisions"}],"predecessor-version":[{"id":39999,"href":"https:\/\/www.iceagetv.com\/radiosite\/wp-json\/wp\/v2\/posts\/39997\/revisions\/39999"}],"wp:featuredmedia":[{"embeddable":true,"href":"https:\/\/www.iceagetv.com\/radiosite\/wp-json\/wp\/v2\/media\/39998"}],"wp:attachment":[{"href":"https:\/\/www.iceagetv.com\/radiosite\/wp-json\/wp\/v2\/media?parent=39997"}],"wp:term":[{"taxonomy":"category","embeddable":true,"href":"https:\/\/www.iceagetv.com\/radiosite\/wp-json\/wp\/v2\/categories?post=39997"},{"taxonomy":"post_tag","embeddable":true,"href":"https:\/\/www.iceagetv.com\/radiosite\/wp-json\/wp\/v2\/tags?post=39997"}],"curies":[{"name":"wp","href":"https:\/\/api.w.org\/{rel}","templated":true}]}}