{"id":40007,"date":"2025-11-20T09:07:57","date_gmt":"2025-11-20T08:07:57","guid":{"rendered":"https:\/\/www.iceagetv.com\/radiosite\/?p=40007"},"modified":"2025-11-20T09:08:00","modified_gmt":"2025-11-20T08:08:00","slug":"lepidemie-de-grippe-nest-pas-encore-declaree-mais-montre-de-premiers-fremissements-selon-les-premiers-resultats-des-enquetes-en-cours","status":"publish","type":"post","link":"https:\/\/www.iceagetv.com\/radiosite\/lepidemie-de-grippe-nest-pas-encore-declaree-mais-montre-de-premiers-fremissements-selon-les-premiers-resultats-des-enquetes-en-cours\/","title":{"rendered":"L&rsquo;\u00e9pid\u00e9mie de grippe n\u2019est pas encore d\u00e9clar\u00e9e mais montre de premiers fr\u00e9missements, selon les premiers r\u00e9sultats des enqu\u00eates en cours"},"content":{"rendered":"\n<p class=\"\">L&rsquo;\u00e9pid\u00e9mie de grippe n\u2019est pas encore d\u00e9clar\u00e9e mais montre de premiers fr\u00e9missements, selon les premiers r\u00e9sultats des enqu\u00eates en cours. La semaine derni\u00e8re, \u00abune l\u00e9g\u00e8re augmentation des indicateurs \u00e9tait observ\u00e9e en ville, plus particuli\u00e8rement chez les 0-18 ans\u00bb, a remarqu\u00e9 Sant\u00e9 publique France.<\/p>\n\n\n\n<p class=\"\">\u00abLe taux de positivit\u00e9 \u00e9tait en nette augmentation et le plus \u00e9lev\u00e9 dans cette classe d&rsquo;\u00e2ge, marquant un d\u00e9but de circulation des virus grippaux dans cette population\u00bb, a-t-elle point\u00e9.<\/p>\n\n\n\n<p class=\"\">De son c\u00f4t\u00e9 &lsquo;\u00e9pid\u00e9mie de bronchiolite, une maladie hivernale qui touche principalement les b\u00e9b\u00e9s, s&rsquo;\u00e9tend d\u00e9sormais en Normandie, deuxi\u00e8me r\u00e9gion hexagonale touch\u00e9e apr\u00e8s l&rsquo;\u00cele-de-France, a annonc\u00e9 mercredi l&rsquo;agence de sant\u00e9 publique. Apr\u00e8s une br\u00e8ve stabilisation probablement li\u00e9e aux vacances scolaires de la Toussaint, la bronchiolite, le plus souvent caus\u00e9e par le virus respiratoire syncytial (VRS), s&rsquo;est remise \u00e0 gagner du terrain lors de la semaine achev\u00e9e dimanche 16 novembre, selon le point hebdomadaire de Sant\u00e9 publique France.<\/p>\n\n\n\n<p class=\"\">Apr\u00e8s la r\u00e9gion parisienne, d\u00e9j\u00e0 touch\u00e9e depuis fin octobre par l&rsquo;\u00e9pid\u00e9mie, \u00abla Normandie passait en \u00e9pid\u00e9mie\u00bb \u00e0 ce moment, a not\u00e9 SpF. D&rsquo;autres r\u00e9gions devraient suivre: Auvergne-Rh\u00f4ne-Alpes, Bretagne, Hauts-de-France et Pays de la Loire sont d\u00e9j\u00e0 consid\u00e9r\u00e9es en pr\u00e9-\u00e9pid\u00e9mie.<\/p>\n\n\n\n<p class=\"\">Si elle est g\u00e9n\u00e9ralement sans gravit\u00e9, la bronchiolite est susceptible de provoquer des complications chez les nourrissons et de les conduire \u00e0 l&rsquo;h\u00f4pital, en particulier quand ils ont moins d&rsquo;un an et, plus encore, quand ils sont \u00e2g\u00e9s de seulement quelques mois.<\/p>\n","protected":false},"excerpt":{"rendered":"<p>L&rsquo;\u00e9pid\u00e9mie de grippe n\u2019est pas encore d\u00e9clar\u00e9e mais montre de premiers fr\u00e9missements, selon les premiers r\u00e9sultats des enqu\u00eates en cours. La semaine derni\u00e8re, \u00abune l\u00e9g\u00e8re augmentation des indicateurs \u00e9tait observ\u00e9e en ville, plus particuli\u00e8rement chez les 0-18 ans\u00bb, a remarqu\u00e9 Sant\u00e9 publique France. \u00abLe taux de positivit\u00e9 \u00e9tait en nette augmentation et le plus \u00e9lev\u00e9 [&hellip;]<\/p>\n","protected":false},"author":2,"featured_media":40008,"comment_status":"open","ping_status":"open","sticky":false,"template":"","format":"standard","meta":{"_jetpack_memberships_contains_paid_content":false,"footnotes":"","jetpack_publicize_message":"","jetpack_publicize_feature_enabled":true,"jetpack_social_post_already_shared":true,"jetpack_social_options":{"image_generator_settings":{"template":"highway","default_image_id":0,"font":"","enabled":true,"token":"eyJpbWciOiJodHRwczpcL1wvd3d3LmljZWFnZXR2LmNvbVwvcmFkaW9zaXRlXC93cC1jb250ZW50XC91cGxvYWRzXC8yMDI1XC8xMVwvT0pLTXBwejguanBnIiwidHh0IjoiTCYjODIxNztcdTAwZTlwaWRcdTAwZTltaWUgZGUgZ3JpcHBlIG5cdTIwMTllc3QgcGFzIGVuY29yZSBkXHUwMGU5Y2xhclx1MDBlOWUgbWFpcyBtb250cmUgZGUgcHJlbWllcnMgZnJcdTAwZTltaXNzZW1lbnRzLCBzZWxvbiBsZXMgcHJlbWllcnMgclx1MDBlOXN1bHRhdHMgZGVzIGVucXVcdTAwZWF0ZXMgZW4gY291cnMiLCJ0ZW1wbGF0ZSI6ImhpZ2h3YXkiLCJmb250IjoiIiwiYmxvZ19pZCI6MTExMDE2NDYxfQ.kdStfCtN522hng_elHkY9uEllKxyECByZKZcSjGYNd4MQ"},"version":2},"_wpas_customize_per_network":false},"categories":[405],"tags":[],"class_list":["post-40007","post","type-post","status-publish","format-standard","has-post-thumbnail","hentry","category-actu-france-monde"],"jetpack_publicize_connections":[],"jetpack_featured_media_url":"https:\/\/i0.wp.com\/www.iceagetv.com\/radiosite\/wp-content\/uploads\/2025\/11\/OJKMppz8.jpg?fit=679%2C293&ssl=1","jetpack_sharing_enabled":true,"_links":{"self":[{"href":"https:\/\/www.iceagetv.com\/radiosite\/wp-json\/wp\/v2\/posts\/40007","targetHints":{"allow":["GET"]}}],"collection":[{"href":"https:\/\/www.iceagetv.com\/radiosite\/wp-json\/wp\/v2\/posts"}],"about":[{"href":"https:\/\/www.iceagetv.com\/radiosite\/wp-json\/wp\/v2\/types\/post"}],"author":[{"embeddable":true,"href":"https:\/\/www.iceagetv.com\/radiosite\/wp-json\/wp\/v2\/users\/2"}],"replies":[{"embeddable":true,"href":"https:\/\/www.iceagetv.com\/radiosite\/wp-json\/wp\/v2\/comments?post=40007"}],"version-history":[{"count":1,"href":"https:\/\/www.iceagetv.com\/radiosite\/wp-json\/wp\/v2\/posts\/40007\/revisions"}],"predecessor-version":[{"id":40009,"href":"https:\/\/www.iceagetv.com\/radiosite\/wp-json\/wp\/v2\/posts\/40007\/revisions\/40009"}],"wp:featuredmedia":[{"embeddable":true,"href":"https:\/\/www.iceagetv.com\/radiosite\/wp-json\/wp\/v2\/media\/40008"}],"wp:attachment":[{"href":"https:\/\/www.iceagetv.com\/radiosite\/wp-json\/wp\/v2\/media?parent=40007"}],"wp:term":[{"taxonomy":"category","embeddable":true,"href":"https:\/\/www.iceagetv.com\/radiosite\/wp-json\/wp\/v2\/categories?post=40007"},{"taxonomy":"post_tag","embeddable":true,"href":"https:\/\/www.iceagetv.com\/radiosite\/wp-json\/wp\/v2\/tags?post=40007"}],"curies":[{"name":"wp","href":"https:\/\/api.w.org\/{rel}","templated":true}]}}