{"id":40016,"date":"2025-11-20T17:32:14","date_gmt":"2025-11-20T16:32:14","guid":{"rendered":"https:\/\/www.iceagetv.com\/radiosite\/?p=40016"},"modified":"2025-11-20T17:32:17","modified_gmt":"2025-11-20T16:32:17","slug":"colere-des-medecins-apres-une-nouvelle-agression-dans-le-nord-de-la-france-sos-medecins-decide-de-fermer-ses-antennes-jusqua-samedi-matin-par-solidarite","status":"publish","type":"post","link":"https:\/\/www.iceagetv.com\/radiosite\/colere-des-medecins-apres-une-nouvelle-agression-dans-le-nord-de-la-france-sos-medecins-decide-de-fermer-ses-antennes-jusqua-samedi-matin-par-solidarite\/","title":{"rendered":"Col\u00e8re des m\u00e9decins apr\u00e8s une nouvelle agression dans le nord de la France : SOS-M\u00e9decins d\u00e9cide de fermer ses antennes jusqu\u2019\u00e0 samedi matin par solidarit\u00e9"},"content":{"rendered":"\n<p class=\"\">Les antennes SOS M\u00e9decins de Roubaix-Tourcoing et Lille sont ferm\u00e9es depuis jeudi matin et jusqu&rsquo;\u00e0 \u00absamedi matin, 8 heures\u00bb, \u00aben solidarit\u00e9\u00bb apr\u00e8s l&rsquo;agression mardi d&rsquo;un praticien, a d\u00e9clar\u00e9 jeudi \u00e0 l&rsquo;AFP le pr\u00e9sident de SOS M\u00e9decins Roubaix-Tourcoing Serge Bomoko. Selon lui, c&rsquo;est une \u00abexp\u00e9dition punitive\u00bb qui a eu lieu mardi dans le centre SOS M\u00e9decins de Tourcoing. Dans la matin\u00e9e, une femme est venue avec deux jeunes enfants, dont l&rsquo;un, \u00abbruyant\u00bb, \u00abperturbait la qui\u00e9tude de la salle d&rsquo;attente et d\u00e9rangeait les m\u00e9decins\u00bb.<\/p>\n\n\n\n<p class=\"\">L&rsquo;un d&rsquo;entre eux le fait savoir \u00e0 cette patiente \u00e0 plusieurs reprises. Elle est n\u00e9anmoins bien re\u00e7ue en consultation par un autre m\u00e9decin, puis quitte les lieux, raconte Bomoko. Mais en fin d&rsquo;apr\u00e8s-midi, un homme revient avec cette femme, fait irruption dans la salle de consultation du m\u00e9decin qui lui avait demand\u00e9 de calmer son enfant, le \u00abpropulse violemment au sol\u00bb et lui \u00abdonne un coup de poing dans les c\u00f4tes\u00bb.<\/p>\n\n\n\n<p class=\"\">La victime a d\u00e9pos\u00e9 plainte mercredi. Une enqu\u00eate a \u00e9t\u00e9 ouverte pour \u00abviolence sur un professionnel de sant\u00e9\u00bb, a confirm\u00e9 jeudi \u00e0 l&rsquo;AFP le parquet de Lille. L&rsquo;agresseur pr\u00e9sum\u00e9, le p\u00e8re de l&rsquo;enfant, s&rsquo;est \u00abpr\u00e9sent\u00e9 spontan\u00e9ment au commissariat\u00bb et a \u00e9t\u00e9 plac\u00e9 en garde \u00e0 vue mercredi soir, a pr\u00e9cis\u00e9 le parquet.<\/p>\n\n\n\n<p class=\"\">Bomoko d\u00e9plore une situation \u00abgrave\u00bb et des agressions envers les soignants qui \u00abvont crescendo\u00bb: \u00abIl y a quelques ann\u00e9es, c&rsquo;\u00e9tait un milieu sanctuaris\u00e9, aujourd&rsquo;hui plus du tout (&#8230;). Quand on a la boule au ventre pour aller travailler avec un si beau m\u00e9tier, c&rsquo;est qu&rsquo;il y a un probl\u00e8me.\u00bb \u00abJe suis en col\u00e8re, c&rsquo;est insupportable\u00bb, d\u00e9nonce aussi le pr\u00e9sident du conseil de l&rsquo;Ordre des m\u00e9decins du Nord Jean-Philippe Platel. Il d\u00e9plore des agressions envers les m\u00e9decins \u00aben hausse\u00bb dans toute la France, et particuli\u00e8rement dans le Nord.<\/p>\n\n\n\n<p class=\"\">\u00abOn a le triste privil\u00e8ge d&rsquo;\u00eatre en t\u00eate\u00bb, avec \u00abpr\u00e8s de 400 agressions en 2024, et d\u00e9j\u00e0 autour de 300 en 2025 dans le d\u00e9partement, on va probablement encore d\u00e9passer les chiffres de l&rsquo;an dernier\u00bb, selon Platel. Il rappelle aussi une autre agression \u00abpr\u00e9m\u00e9dit\u00e9e\u00bb d&rsquo;un docteur de SOS M\u00e9decins \u00e0 Lille d\u00e9but juillet. Les deux auteurs avaient \u00e9t\u00e9 condamn\u00e9s \u00e0 un an de prison ferme, effectu\u00e9s sous bracelet \u00e9lectronique.<\/p>\n\n\n\n<p class=\"\">En France, les actes de violence envers les m\u00e9decins, incluant les signalements d&rsquo;agressions verbales et physiques, ont augment\u00e9 de 26% entre 2023 et 2024, selon les derniers chiffres disponibles de l&rsquo;observatoire national de la s\u00e9curit\u00e9 des m\u00e9decins. La loi dite Pradal, promulgu\u00e9e en juillet, a notamment durci les sanctions pour violences et outrages \u00e0 l&rsquo;encontre des soignants.<\/p>\n","protected":false},"excerpt":{"rendered":"<p>Les antennes SOS M\u00e9decins de Roubaix-Tourcoing et Lille sont ferm\u00e9es depuis jeudi matin et jusqu&rsquo;\u00e0 \u00absamedi matin, 8 heures\u00bb, \u00aben solidarit\u00e9\u00bb apr\u00e8s l&rsquo;agression mardi d&rsquo;un praticien, a d\u00e9clar\u00e9 jeudi \u00e0 l&rsquo;AFP le pr\u00e9sident de SOS M\u00e9decins Roubaix-Tourcoing Serge Bomoko. Selon lui, c&rsquo;est une \u00abexp\u00e9dition punitive\u00bb qui a eu lieu mardi dans le centre SOS M\u00e9decins [&hellip;]<\/p>\n","protected":false},"author":2,"featured_media":40017,"comment_status":"open","ping_status":"open","sticky":false,"template":"","format":"standard","meta":{"_jetpack_memberships_contains_paid_content":false,"footnotes":"","jetpack_publicize_message":"","jetpack_publicize_feature_enabled":true,"jetpack_social_post_already_shared":true,"jetpack_social_options":{"image_generator_settings":{"template":"highway","default_image_id":0,"font":"","enabled":true,"token":"eyJpbWciOiJodHRwczpcL1wvd3d3LmljZWFnZXR2LmNvbVwvcmFkaW9zaXRlXC93cC1jb250ZW50XC91cGxvYWRzXC8yMDI1XC8xMVwvVGhsWFFUVDUuanBnIiwidHh0IjoiQ29sXHUwMGU4cmUgZGVzIG1cdTAwZTlkZWNpbnMgYXByXHUwMGU4cyB1bmUgbm91dmVsbGUgYWdyZXNzaW9uIGRhbnMgbGUgbm9yZCBkZSBsYSBGcmFuY2UgOiBTT1MtTVx1MDBlOWRlY2lucyBkXHUwMGU5Y2lkZSBkZSBmZXJtZXIgc2VzIGFudGVubmVzIGp1c3F1XHUyMDE5XHUwMGUwIHNhbWVkaSBtYXRpbiBwYXIgc29saWRhcml0XHUwMGU5IiwidGVtcGxhdGUiOiJoaWdod2F5IiwiZm9udCI6IiIsImJsb2dfaWQiOjExMTAxNjQ2MX0.uHLbz1Hz1vNdvcYej2riHTP0y-Yx2lwX0u6nFJxG-asMQ"},"version":2},"_wpas_customize_per_network":false},"categories":[405],"tags":[],"class_list":["post-40016","post","type-post","status-publish","format-standard","has-post-thumbnail","hentry","category-actu-france-monde"],"jetpack_publicize_connections":[],"jetpack_featured_media_url":"https:\/\/i0.wp.com\/www.iceagetv.com\/radiosite\/wp-content\/uploads\/2025\/11\/ThlXQTT5.jpg?fit=679%2C293&ssl=1","jetpack_sharing_enabled":true,"_links":{"self":[{"href":"https:\/\/www.iceagetv.com\/radiosite\/wp-json\/wp\/v2\/posts\/40016","targetHints":{"allow":["GET"]}}],"collection":[{"href":"https:\/\/www.iceagetv.com\/radiosite\/wp-json\/wp\/v2\/posts"}],"about":[{"href":"https:\/\/www.iceagetv.com\/radiosite\/wp-json\/wp\/v2\/types\/post"}],"author":[{"embeddable":true,"href":"https:\/\/www.iceagetv.com\/radiosite\/wp-json\/wp\/v2\/users\/2"}],"replies":[{"embeddable":true,"href":"https:\/\/www.iceagetv.com\/radiosite\/wp-json\/wp\/v2\/comments?post=40016"}],"version-history":[{"count":1,"href":"https:\/\/www.iceagetv.com\/radiosite\/wp-json\/wp\/v2\/posts\/40016\/revisions"}],"predecessor-version":[{"id":40018,"href":"https:\/\/www.iceagetv.com\/radiosite\/wp-json\/wp\/v2\/posts\/40016\/revisions\/40018"}],"wp:featuredmedia":[{"embeddable":true,"href":"https:\/\/www.iceagetv.com\/radiosite\/wp-json\/wp\/v2\/media\/40017"}],"wp:attachment":[{"href":"https:\/\/www.iceagetv.com\/radiosite\/wp-json\/wp\/v2\/media?parent=40016"}],"wp:term":[{"taxonomy":"category","embeddable":true,"href":"https:\/\/www.iceagetv.com\/radiosite\/wp-json\/wp\/v2\/categories?post=40016"},{"taxonomy":"post_tag","embeddable":true,"href":"https:\/\/www.iceagetv.com\/radiosite\/wp-json\/wp\/v2\/tags?post=40016"}],"curies":[{"name":"wp","href":"https:\/\/api.w.org\/{rel}","templated":true}]}}