{"id":40019,"date":"2025-11-21T08:31:03","date_gmt":"2025-11-21T07:31:03","guid":{"rendered":"https:\/\/www.iceagetv.com\/radiosite\/?p=40019"},"modified":"2025-11-21T08:31:05","modified_gmt":"2025-11-21T07:31:05","slug":"convoque-a-lassemblee-nationale-le-26-novembre-le-geant-chinois-shein-refuse-de-venir-provoquant-la-colere-de-la-presidente-de-la-commission-la-representation-nationale-nest-pas-optionnelle","status":"publish","type":"post","link":"https:\/\/www.iceagetv.com\/radiosite\/convoque-a-lassemblee-nationale-le-26-novembre-le-geant-chinois-shein-refuse-de-venir-provoquant-la-colere-de-la-presidente-de-la-commission-la-representation-nationale-nest-pas-optionnelle\/","title":{"rendered":"Convoqu\u00e9 \u00e0 l&rsquo;Assembl\u00e9e Nationale le 26 novembre, le g\u00e9ant Chinois Shein refuse de venir, provoquant la col\u00e8re de la pr\u00e9sidente de la commission : \u00ab\u00a0La repr\u00e9sentation nationale n&rsquo;est pas optionnelle ! Je leur ai propos\u00e9 une nouvelle date\u00a0\u00bb"},"content":{"rendered":"\n<p class=\"\">\u00abJe prends acte du refus de Shein de r\u00e9pondre \u00e0 la convocation\u00bb du 26, a indiqu\u00e9 la d\u00e9put\u00e9e Sandrine Le Feur (Renaissance), pr\u00e9sidente de cette commission. \u00abIl y a une r\u00e8gle simple : la repr\u00e9sentation nationale n&rsquo;est pas optionnelle. Je leur ai propos\u00e9 une nouvelle date de convocation\u00bb. Si le g\u00e9ant asiatique du commerce en ligne \u00abcontinue \u00e0 se soustraire \u00e0 ses obligations\u00bb, la d\u00e9put\u00e9e r\u00e9it\u00e8re sa volont\u00e9 de saisir le procureur de la R\u00e9publique.<\/p>\n\n\n\n<p class=\"\">Shein ne dit pas refuser le principe d&rsquo;une audition mais \u00e9voque un probl\u00e8me d&rsquo;agenda : il est convoqu\u00e9 mardi matin devant le tribunal judiciaire de Paris, qui devra statuer sur la suspension du site en France apr\u00e8s la d\u00e9couverte de la vente de poup\u00e9es sexuelles d&rsquo;apparence enfantine et d&rsquo;armes de cat\u00e9gorie A.<\/p>\n\n\n\n<p class=\"\">\u00abNous ne serons pas en mesure d&rsquo;\u00eatre pr\u00e9sents le 26 novembre prochain compte tenu d&rsquo;une \u00e9ch\u00e9ance judiciaire\u00bb, \u00e9crit jeudi Shein dans un courrier adress\u00e9 \u00e0 la pr\u00e9sidente de la commission. Shein avait aussi d\u00e9clin\u00e9 une audition le 18 novembre devant la mission d&rsquo;information sur les contr\u00f4les des produits import\u00e9s en France, \u00e9voquant d\u00e9j\u00e0 l&rsquo;\u00e9ch\u00e9ance judiciaire du 26.<\/p>\n\n\n\n<p class=\"\">\u00abLes sujets que nous devons aborder (conditions de production, environnement, respect des r\u00e8gles du commerce et protection des consommateurs) exigent transparence et responsabilit\u00e9\u00bb, soul\u00e8ve Sandrine Le Feur.<\/p>\n\n\n\n<p class=\"\">\u00abLes questions des d\u00e9put\u00e9s ne concernent pas les enqu\u00eates judiciaires, ils connaissent le principe de la s\u00e9paration des pouvoirs\u00bb.<\/p>\n\n\n\n<p class=\"\">Par ailleurs jeudi, une proposition de r\u00e9solution europ\u00e9enne a \u00e9t\u00e9 d\u00e9pos\u00e9e \u00e0 l\u2019Assembl\u00e9e nationale par des d\u00e9put\u00e9s de tous bords, except\u00e9s les groupes LFI, RN et UDR, a annonc\u00e9 Olivia Gr\u00e9goire, d\u00e9put\u00e9e EPR, r\u00e9clamant plus de fermet\u00e9 envers certaines plateformes. Elle sera examin\u00e9e mercredi.<\/p>\n\n\n\n<p class=\"\">Dans un communiqu\u00e9, Shein \u00abr\u00e9it\u00e8re sa volont\u00e9 de participer aux travaux de la commission\u00bb, \u00abdans le respect des principes de s\u00e9paration des pouvoirs\u00bb.<\/p>\n\n\n\n<p class=\"\">La plateforme, aussi vis\u00e9e par une enqu\u00eate confi\u00e9e \u00e0 l&rsquo;Office des mineurs, a suspendu les ventes r\u00e9alis\u00e9es sur son site fran\u00e7ais par des vendeurs tiers, sa \u00abmarketplace\u00bb, ainsi que celles hors habillement.<\/p>\n","protected":false},"excerpt":{"rendered":"<p>\u00abJe prends acte du refus de Shein de r\u00e9pondre \u00e0 la convocation\u00bb du 26, a indiqu\u00e9 la d\u00e9put\u00e9e Sandrine Le Feur (Renaissance), pr\u00e9sidente de cette commission. \u00abIl y a une r\u00e8gle simple : la repr\u00e9sentation nationale n&rsquo;est pas optionnelle. Je leur ai propos\u00e9 une nouvelle date de convocation\u00bb. Si le g\u00e9ant asiatique du commerce en [&hellip;]<\/p>\n","protected":false},"author":2,"featured_media":40020,"comment_status":"open","ping_status":"open","sticky":false,"template":"","format":"standard","meta":{"_jetpack_memberships_contains_paid_content":false,"footnotes":"","jetpack_publicize_message":"","jetpack_publicize_feature_enabled":true,"jetpack_social_post_already_shared":true,"jetpack_social_options":{"image_generator_settings":{"template":"highway","default_image_id":0,"font":"","enabled":true,"token":"eyJpbWciOiJodHRwczpcL1wvd3d3LmljZWFnZXR2LmNvbVwvcmFkaW9zaXRlXC93cC1jb250ZW50XC91cGxvYWRzXC8yMDI1XC8xMVwvcXZ0bkViRVkuanBnIiwidHh0IjoiQ29udm9xdVx1MDBlOSBcdTAwZTAgbCYjODIxNztBc3NlbWJsXHUwMGU5ZSBOYXRpb25hbGUgbGUgMjYgbm92ZW1icmUsIGxlIGdcdTAwZTlhbnQgQ2hpbm9pcyBTaGVpbiByZWZ1c2UgZGUgdmVuaXIsIHByb3ZvcXVhbnQgbGEgY29sXHUwMGU4cmUgZGUgbGEgcHJcdTAwZTlzaWRlbnRlIGRlIGxhIGNvbW1pc3Npb24gOiAmIzgyMjA7TGEgcmVwclx1MDBlOXNlbnRhdGlvbiBuYXRpb25hbGUgbiYjODIxNztlc3QgcGFzIG9wdGlvbm5lbGxlICEgSmUgbGV1ciBhaSBwcm9wb3NcdTAwZTkgdW5lIG5vdXZlbGxlIGRhdGUmIzgyMjE7IiwidGVtcGxhdGUiOiJoaWdod2F5IiwiZm9udCI6IiIsImJsb2dfaWQiOjExMTAxNjQ2MX0.H0tiaRRpfC3kS3nZYyANmKHepBqh28b9RTihp1IkJLwMQ"},"version":2},"_wpas_customize_per_network":false},"categories":[405],"tags":[],"class_list":["post-40019","post","type-post","status-publish","format-standard","has-post-thumbnail","hentry","category-actu-france-monde"],"jetpack_publicize_connections":[],"jetpack_featured_media_url":"https:\/\/i0.wp.com\/www.iceagetv.com\/radiosite\/wp-content\/uploads\/2025\/11\/qvtnEbEY.jpg?fit=679%2C293&ssl=1","jetpack_sharing_enabled":true,"_links":{"self":[{"href":"https:\/\/www.iceagetv.com\/radiosite\/wp-json\/wp\/v2\/posts\/40019","targetHints":{"allow":["GET"]}}],"collection":[{"href":"https:\/\/www.iceagetv.com\/radiosite\/wp-json\/wp\/v2\/posts"}],"about":[{"href":"https:\/\/www.iceagetv.com\/radiosite\/wp-json\/wp\/v2\/types\/post"}],"author":[{"embeddable":true,"href":"https:\/\/www.iceagetv.com\/radiosite\/wp-json\/wp\/v2\/users\/2"}],"replies":[{"embeddable":true,"href":"https:\/\/www.iceagetv.com\/radiosite\/wp-json\/wp\/v2\/comments?post=40019"}],"version-history":[{"count":1,"href":"https:\/\/www.iceagetv.com\/radiosite\/wp-json\/wp\/v2\/posts\/40019\/revisions"}],"predecessor-version":[{"id":40021,"href":"https:\/\/www.iceagetv.com\/radiosite\/wp-json\/wp\/v2\/posts\/40019\/revisions\/40021"}],"wp:featuredmedia":[{"embeddable":true,"href":"https:\/\/www.iceagetv.com\/radiosite\/wp-json\/wp\/v2\/media\/40020"}],"wp:attachment":[{"href":"https:\/\/www.iceagetv.com\/radiosite\/wp-json\/wp\/v2\/media?parent=40019"}],"wp:term":[{"taxonomy":"category","embeddable":true,"href":"https:\/\/www.iceagetv.com\/radiosite\/wp-json\/wp\/v2\/categories?post=40019"},{"taxonomy":"post_tag","embeddable":true,"href":"https:\/\/www.iceagetv.com\/radiosite\/wp-json\/wp\/v2\/tags?post=40019"}],"curies":[{"name":"wp","href":"https:\/\/api.w.org\/{rel}","templated":true}]}}