{"id":40025,"date":"2025-11-21T13:56:47","date_gmt":"2025-11-21T12:56:47","guid":{"rendered":"https:\/\/www.iceagetv.com\/radiosite\/?p=40025"},"modified":"2025-11-21T13:56:50","modified_gmt":"2025-11-21T12:56:50","slug":"nicolas-sarkozy-publiera-le-10-decembre-son-livre-ecrit-en-prison-intitule-le-journal-dun-prisonnier-chez-fayard-en-prison-il-ny-a-rien-a-voir-et-rien-a-faire-joublie-l","status":"publish","type":"post","link":"https:\/\/www.iceagetv.com\/radiosite\/nicolas-sarkozy-publiera-le-10-decembre-son-livre-ecrit-en-prison-intitule-le-journal-dun-prisonnier-chez-fayard-en-prison-il-ny-a-rien-a-voir-et-rien-a-faire-joublie-l\/","title":{"rendered":"Nicolas Sarkozy publiera le 10 d\u00e9cembre son livre \u00e9crit en prison, intitul\u00e9 \u00ab\u00a0Le journal d&rsquo;un prisonnier\u00a0\u00bb chez Fayard : \u00ab\u00a0En prison, il n\u2019y a rien \u00e0 voir, et rien \u00e0 faire. J\u2019oublie le silence qui n\u2019existe pas \u00e0 la Sant\u00e9\u00a0\u00bb"},"content":{"rendered":"\n<p class=\"\">Nicolas Sarkozy publiera le 10 d\u00e9cembre prochain son livre \u00e9crit en prison et intitul\u00e9 \u00ab\u00a0Le journal d&rsquo;un prisonnier\u00a0\u00bb chez Fayard.<\/p>\n\n\n\n<p class=\"\">Dans un message post\u00e9 sur X, l&rsquo;ancien pr\u00e9sident de la R\u00e9publique \u00e9crit :<\/p>\n\n\n\n<p class=\"\">\u00ab En prison, il n\u2019y a rien \u00e0 voir, et rien \u00e0 faire. J\u2019oublie le silence qui n\u2019existe pas \u00e0 la Sant\u00e9 o\u00f9 il y a beaucoup \u00e0 entendre. Le bruit y est h\u00e9las constant. Mais \u00e0 l\u2019image du d\u00e9sert la vie int\u00e9rieure se fortifie en prison. \u00bb Nicolas Sarkozy, Le journal d\u2019un prisonnier. Disponible en pr\u00e9commande. En librairie le 10 d\u00e9cembre. @EditionsFayard\u00a0\u00bb<\/p>\n\n\n\n<p class=\"\">L\u2019ancien pr\u00e9sident de la R\u00e9publique Nicolas Sarkozy a \u00e9t\u00e9 incarc\u00e9r\u00e9 le 21 octobre 2025 \u00e0 la prison de La Sant\u00e9 \u00e0 Paris, apr\u00e8s avoir \u00e9t\u00e9 condamn\u00e9 \u00e0 cinq ans de prison pour association de malfaiteurs dans l\u2019affaire du financement libyen de sa campagne de 2007. Cette incarc\u00e9ration marque une premi\u00e8re historique : un ancien chef d\u2019\u00c9tat fran\u00e7ais entre en prison apr\u00e8s l\u2019exercice de ses fonctions. D\u00e8s son arriv\u00e9e, la situation a cr\u00e9\u00e9 une onde de choc politique et m\u00e9diatique.<\/p>\n\n\n\n<p class=\"\">Selon ses avocats, les premiers jours ont \u00e9t\u00e9 extr\u00eamement \u00e9prouvants : Sarkozy a qualifi\u00e9 son incarc\u00e9ration de \u00ab tr\u00e8s dure\u2026 voire \u00e9puisante \u00bb.<\/p>\n\n\n\n<p class=\"\">Plac\u00e9 en quartier d\u2019isolement ou sous forte surveillance, il a d\u00fb faire face aux contraintes carc\u00e9rales et \u00e0 la perte de ses rep\u00e8res habituels.<\/p>\n\n\n\n<p class=\"\">Son entourage souligne que la d\u00e9tention lui a demand\u00e9 un effort de r\u00e9silience important, tant du point de vue psychologique que physique. Apr\u00e8s quelques semaines, la cour d\u2019appel a autoris\u00e9 sa lib\u00e9ration sous contr\u00f4le judiciaire le 10 novembre 2025, estimant qu\u2019il ne constituait plus un risque de fuite.<\/p>\n\n\n\n<p class=\"\">Il reste soumis \u00e0 de strictes conditions : interdiction de quitter le territoire fran\u00e7ais, interdiction de contacter certains co\u2010mis en cause, et possibilit\u00e9 de placement sous surveillance \u00e9lectronique. Cette exp\u00e9rience p\u00e9nale intervient alors que Sarkozy pr\u00e9pare son appel et tente de red\u00e9finir son avenir politique.&nbsp;Pour lui, ce passage par la prison est aussi devenu un symbole de ce qu\u2019il pr\u00e9sente comme une lutte pour sa \u00ab v\u00e9rit\u00e9 \u00bb.<\/p>\n","protected":false},"excerpt":{"rendered":"<p>Nicolas Sarkozy publiera le 10 d\u00e9cembre prochain son livre \u00e9crit en prison et intitul\u00e9 \u00ab\u00a0Le journal d&rsquo;un prisonnier\u00a0\u00bb chez Fayard. Dans un message post\u00e9 sur X, l&rsquo;ancien pr\u00e9sident de la R\u00e9publique \u00e9crit : \u00ab En prison, il n\u2019y a rien \u00e0 voir, et rien \u00e0 faire. J\u2019oublie le silence qui n\u2019existe pas \u00e0 la Sant\u00e9 [&hellip;]<\/p>\n","protected":false},"author":2,"featured_media":40026,"comment_status":"open","ping_status":"open","sticky":false,"template":"","format":"standard","meta":{"_jetpack_memberships_contains_paid_content":false,"footnotes":"","jetpack_publicize_message":"","jetpack_publicize_feature_enabled":true,"jetpack_social_post_already_shared":true,"jetpack_social_options":{"image_generator_settings":{"template":"highway","default_image_id":0,"font":"","enabled":true,"token":"eyJpbWciOiJodHRwczpcL1wvd3d3LmljZWFnZXR2LmNvbVwvcmFkaW9zaXRlXC93cC1jb250ZW50XC91cGxvYWRzXC8yMDI1XC8xMVwvRzZSenZsRFcwQUExdUtfLmpwZyIsInR4dCI6Ik5pY29sYXMgU2Fya296eSBwdWJsaWVyYSBsZSAxMCBkXHUwMGU5Y2VtYnJlIHNvbiBsaXZyZSBcdTAwZTljcml0IGVuIHByaXNvbiwgaW50aXR1bFx1MDBlOSAmIzgyMjA7TGUgam91cm5hbCBkJiM4MjE3O3VuIHByaXNvbm5pZXImIzgyMjE7IGNoZXogRmF5YXJkIDogJiM4MjIwO0VuIHByaXNvbiwgaWwgblx1MjAxOXkgYSByaWVuIFx1MDBlMCB2b2lyLCBldCByaWVuIFx1MDBlMCBmYWlyZS4gSlx1MjAxOW91YmxpZSBsZSBzaWxlbmNlIHF1aSBuXHUyMDE5ZXhpc3RlIHBhcyBcdTAwZTAgbGEgU2FudFx1MDBlOSYjODIyMTsiLCJ0ZW1wbGF0ZSI6ImhpZ2h3YXkiLCJmb250IjoiIiwiYmxvZ19pZCI6MTExMDE2NDYxfQ.c9QrO7UbeoWNS29shWM76YwTGVLfHGK6vtMCFMe-PR0MQ"},"version":2},"_wpas_customize_per_network":false},"categories":[405],"tags":[],"class_list":["post-40025","post","type-post","status-publish","format-standard","has-post-thumbnail","hentry","category-actu-france-monde"],"jetpack_publicize_connections":[],"jetpack_featured_media_url":"https:\/\/i0.wp.com\/www.iceagetv.com\/radiosite\/wp-content\/uploads\/2025\/11\/G6RzvlDW0AA1uK_.jpg?fit=288%2C360&ssl=1","jetpack_sharing_enabled":true,"_links":{"self":[{"href":"https:\/\/www.iceagetv.com\/radiosite\/wp-json\/wp\/v2\/posts\/40025","targetHints":{"allow":["GET"]}}],"collection":[{"href":"https:\/\/www.iceagetv.com\/radiosite\/wp-json\/wp\/v2\/posts"}],"about":[{"href":"https:\/\/www.iceagetv.com\/radiosite\/wp-json\/wp\/v2\/types\/post"}],"author":[{"embeddable":true,"href":"https:\/\/www.iceagetv.com\/radiosite\/wp-json\/wp\/v2\/users\/2"}],"replies":[{"embeddable":true,"href":"https:\/\/www.iceagetv.com\/radiosite\/wp-json\/wp\/v2\/comments?post=40025"}],"version-history":[{"count":1,"href":"https:\/\/www.iceagetv.com\/radiosite\/wp-json\/wp\/v2\/posts\/40025\/revisions"}],"predecessor-version":[{"id":40027,"href":"https:\/\/www.iceagetv.com\/radiosite\/wp-json\/wp\/v2\/posts\/40025\/revisions\/40027"}],"wp:featuredmedia":[{"embeddable":true,"href":"https:\/\/www.iceagetv.com\/radiosite\/wp-json\/wp\/v2\/media\/40026"}],"wp:attachment":[{"href":"https:\/\/www.iceagetv.com\/radiosite\/wp-json\/wp\/v2\/media?parent=40025"}],"wp:term":[{"taxonomy":"category","embeddable":true,"href":"https:\/\/www.iceagetv.com\/radiosite\/wp-json\/wp\/v2\/categories?post=40025"},{"taxonomy":"post_tag","embeddable":true,"href":"https:\/\/www.iceagetv.com\/radiosite\/wp-json\/wp\/v2\/tags?post=40025"}],"curies":[{"name":"wp","href":"https:\/\/api.w.org\/{rel}","templated":true}]}}