{"id":40046,"date":"2025-11-22T13:37:38","date_gmt":"2025-11-22T12:37:38","guid":{"rendered":"https:\/\/www.iceagetv.com\/radiosite\/?p=40046"},"modified":"2025-11-22T13:37:40","modified_gmt":"2025-11-22T12:37:40","slug":"lancien-president-bresilien-jair-bolsonaro-a-ete-envoye-en-prison-a-annonce-son-avocat-il-a-ete-condamne-hier-a-27-ans-de-prison-pour-tentative-de-coup-detat-en-2023","status":"publish","type":"post","link":"https:\/\/www.iceagetv.com\/radiosite\/lancien-president-bresilien-jair-bolsonaro-a-ete-envoye-en-prison-a-annonce-son-avocat-il-a-ete-condamne-hier-a-27-ans-de-prison-pour-tentative-de-coup-detat-en-2023\/","title":{"rendered":"L&rsquo;ancien pr\u00e9sident br\u00e9silien Jair Bolsonaro a \u00e9t\u00e9 envoy\u00e9 en prison, a annonc\u00e9 son avocat &#8211; Il a \u00e9t\u00e9 condamn\u00e9, hier, \u00e0 27 ans de prison pour tentative de coup d&rsquo;Etat en 2023"},"content":{"rendered":"\n<p class=\"\">L&rsquo;ancien pr\u00e9sident br\u00e9silien Jair Bolsonaro a \u00e9t\u00e9 envoy\u00e9 en prison, a annonc\u00e9 son avocat. La d\u00e9fense de l&rsquo;ancien dirigeant demandait qu&rsquo;il purge chez lui la peine de 27 ans de prison \u00e0 laquelle il a \u00e9t\u00e9 condamn\u00e9 pour tentative de coup d&rsquo;Etat en 2023.<\/p>\n\n\n\n<p class=\"\">L\u2019ancien pr\u00e9sident br\u00e9silien Jair Bolsonaro a \u00e9t\u00e9 condamn\u00e9 ce vendredi \u00e0 une peine de prison pour son implication dans la tentative de coup d\u2019\u00c9tat visant \u00e0 renverser les r\u00e9sultats de l\u2019\u00e9lection pr\u00e9sidentielle de 2022.<\/p>\n\n\n\n<p class=\"\">La justice br\u00e9silienne a estim\u00e9 que Bolsonaro avait jou\u00e9 un r\u00f4le central dans la strat\u00e9gie visant \u00e0 contester le scrutin perdu face \u00e0 Lula, encourageant ses partisans les plus radicaux \u00e0 agir pour emp\u00eacher la transition d\u00e9mocratique.<\/p>\n\n\n\n<p class=\"\">Les magistrats ont retenu contre lui la diffusion de fausses informations, la manipulation de l\u2019opinion publique et l\u2019incitation directe au soul\u00e8vement qui a conduit \u00e0 l\u2019attaque du Congr\u00e8s, de la Cour supr\u00eame et du palais pr\u00e9sidentiel le 8 janvier 2023. Pendant le proc\u00e8s, Bolsonaro a ni\u00e9 toute responsabilit\u00e9, affirmant \u00eatre victime d\u2019une pers\u00e9cution politique.<\/p>\n\n\n\n<p class=\"\">Mais les juges ont consid\u00e9r\u00e9 que son comportement constituait une menace grave pour les institutions d\u00e9mocratiques du Br\u00e9sil. Cette condamnation marque un tournant historique pour le pays : c\u2019est la premi\u00e8re fois qu\u2019un ancien chef d\u2019\u00c9tat est condamn\u00e9 \u00e0 de la prison pour tentative de renversement institutionnel.<\/p>\n\n\n\n<p class=\"\">Bolsonaro pourrait \u00eatre plac\u00e9 en d\u00e9tention dans les prochains jours, sauf obtention d\u2019un recours suspensif.<\/p>\n\n\n\n<p class=\"\">La d\u00e9cision provoque un s\u00e9isme politique \u00e0 Brasilia et enflamme d\u00e9j\u00e0 les r\u00e9seaux sociaux, o\u00f9 ses partisans d\u00e9noncent un \u00ab proc\u00e8s politique \u00bb, tandis que ses opposants saluent une victoire de l\u2019\u00c9tat de droit.<\/p>\n","protected":false},"excerpt":{"rendered":"<p>L&rsquo;ancien pr\u00e9sident br\u00e9silien Jair Bolsonaro a \u00e9t\u00e9 envoy\u00e9 en prison, a annonc\u00e9 son avocat. La d\u00e9fense de l&rsquo;ancien dirigeant demandait qu&rsquo;il purge chez lui la peine de 27 ans de prison \u00e0 laquelle il a \u00e9t\u00e9 condamn\u00e9 pour tentative de coup d&rsquo;Etat en 2023. L\u2019ancien pr\u00e9sident br\u00e9silien Jair Bolsonaro a \u00e9t\u00e9 condamn\u00e9 ce vendredi \u00e0 [&hellip;]<\/p>\n","protected":false},"author":2,"featured_media":40047,"comment_status":"open","ping_status":"open","sticky":false,"template":"","format":"standard","meta":{"_jetpack_memberships_contains_paid_content":false,"footnotes":"","jetpack_publicize_message":"","jetpack_publicize_feature_enabled":true,"jetpack_social_post_already_shared":true,"jetpack_social_options":{"image_generator_settings":{"template":"highway","default_image_id":0,"font":"","enabled":true,"token":"eyJpbWciOiJodHRwczpcL1wvd3d3LmljZWFnZXR2LmNvbVwvcmFkaW9zaXRlXC93cC1jb250ZW50XC91cGxvYWRzXC8yMDI1XC8xMVwvMXN6Q0pLVWYucG5nIiwidHh0IjoiTCYjODIxNzthbmNpZW4gcHJcdTAwZTlzaWRlbnQgYnJcdTAwZTlzaWxpZW4gSmFpciBCb2xzb25hcm8gYSBcdTAwZTl0XHUwMGU5IGVudm95XHUwMGU5IGVuIHByaXNvbiwgYSBhbm5vbmNcdTAwZTkgc29uIGF2b2NhdCAmIzgyMTE7IElsIGEgXHUwMGU5dFx1MDBlOSBjb25kYW1uXHUwMGU5LCBoaWVyLCBcdTAwZTAgMjcgYW5zIGRlIHByaXNvbiBwb3VyIHRlbnRhdGl2ZSBkZSBjb3VwIGQmIzgyMTc7RXRhdCBlbiAyMDIzIiwidGVtcGxhdGUiOiJoaWdod2F5IiwiZm9udCI6IiIsImJsb2dfaWQiOjExMTAxNjQ2MX0.napjFnipTGO97GdsNrNvb6DmRWXM5lk5xU6_6u-L05MMQ"},"version":2},"_wpas_customize_per_network":false},"categories":[405],"tags":[],"class_list":["post-40046","post","type-post","status-publish","format-standard","has-post-thumbnail","hentry","category-actu-france-monde"],"jetpack_publicize_connections":[],"jetpack_featured_media_url":"https:\/\/i0.wp.com\/www.iceagetv.com\/radiosite\/wp-content\/uploads\/2025\/11\/1szCJKUf.png?fit=680%2C382&ssl=1","jetpack_sharing_enabled":true,"_links":{"self":[{"href":"https:\/\/www.iceagetv.com\/radiosite\/wp-json\/wp\/v2\/posts\/40046","targetHints":{"allow":["GET"]}}],"collection":[{"href":"https:\/\/www.iceagetv.com\/radiosite\/wp-json\/wp\/v2\/posts"}],"about":[{"href":"https:\/\/www.iceagetv.com\/radiosite\/wp-json\/wp\/v2\/types\/post"}],"author":[{"embeddable":true,"href":"https:\/\/www.iceagetv.com\/radiosite\/wp-json\/wp\/v2\/users\/2"}],"replies":[{"embeddable":true,"href":"https:\/\/www.iceagetv.com\/radiosite\/wp-json\/wp\/v2\/comments?post=40046"}],"version-history":[{"count":1,"href":"https:\/\/www.iceagetv.com\/radiosite\/wp-json\/wp\/v2\/posts\/40046\/revisions"}],"predecessor-version":[{"id":40048,"href":"https:\/\/www.iceagetv.com\/radiosite\/wp-json\/wp\/v2\/posts\/40046\/revisions\/40048"}],"wp:featuredmedia":[{"embeddable":true,"href":"https:\/\/www.iceagetv.com\/radiosite\/wp-json\/wp\/v2\/media\/40047"}],"wp:attachment":[{"href":"https:\/\/www.iceagetv.com\/radiosite\/wp-json\/wp\/v2\/media?parent=40046"}],"wp:term":[{"taxonomy":"category","embeddable":true,"href":"https:\/\/www.iceagetv.com\/radiosite\/wp-json\/wp\/v2\/categories?post=40046"},{"taxonomy":"post_tag","embeddable":true,"href":"https:\/\/www.iceagetv.com\/radiosite\/wp-json\/wp\/v2\/tags?post=40046"}],"curies":[{"name":"wp","href":"https:\/\/api.w.org\/{rel}","templated":true}]}}