{"id":40063,"date":"2025-11-23T14:38:40","date_gmt":"2025-11-23T13:38:40","guid":{"rendered":"https:\/\/www.iceagetv.com\/radiosite\/?p=40063"},"modified":"2025-11-23T14:38:42","modified_gmt":"2025-11-23T13:38:42","slug":"leurope-pourrait-soumettre-les-deux-plus-gros-operateurs-mondiaux-amazon-et-microsoft-a-des-regles-renforcees-notamment-pour-mieux-controler-le-secteur-du-cloud","status":"publish","type":"post","link":"https:\/\/www.iceagetv.com\/radiosite\/leurope-pourrait-soumettre-les-deux-plus-gros-operateurs-mondiaux-amazon-et-microsoft-a-des-regles-renforcees-notamment-pour-mieux-controler-le-secteur-du-cloud\/","title":{"rendered":"L&rsquo;Europe pourrait soumettre les deux plus gros op\u00e9rateurs mondiaux Amazon et Microsoft, \u00e0 des r\u00e8gles renforc\u00e9es, notamment pour mieux contr\u00f4ler le secteur du cloud"},"content":{"rendered":"\n<p class=\"\">Secousses \u00e0 venir dans le cloud? L&rsquo;Europe pourrait soumettre les deux plus gros op\u00e9rateurs mondiaux, Amazon et Microsoft, \u00e0 des r\u00e8gles renforc\u00e9es, et r\u00e9fl\u00e9chit \u00e0 muscler son arsenal pour mieux contr\u00f4ler ce secteur crucial pour toute l&rsquo;\u00e9conomie, comme l&rsquo;ont montr\u00e9 des pannes retentissantes.<\/p>\n\n\n\n<p class=\"\">La vice-pr\u00e9sidente de la Commission europ\u00e9nne charg\u00e9e du Num\u00e9rique, Henna Virkkunen, a annonc\u00e9 lors d&rsquo;une conf\u00e9rence \u00e0 Berlin l&rsquo;ouverture de deux enqu\u00eates qui visent \u00e0 \u00e9tablir si Amazon Web Services et Microsoft Azure, num\u00e9ros un et deux du secteur, doivent \u00eatre soumisses aux obligations du r\u00e8glement europ\u00e9en sur les march\u00e9s num\u00e9riques (DMA).<\/p>\n\n\n\n<p class=\"\">Le DMA est une loi embl\u00e9matique entr\u00e9e en vigueur l&rsquo;an dernier et qui vise \u00e0 mettre fin aux abus de position dominante des g\u00e9ants technologiques, via des r\u00e8gles et des contr\u00f4les renforc\u00e9s.<\/p>\n\n\n\n<p class=\"\">Texte phare de l&rsquo;arsenal juridique europ\u00e9en en mati\u00e8re de num\u00e9rique, il pr\u00e9voit des amendes pouvant aller jusqu&rsquo;\u00e0 10% du chiffre d&rsquo;affaires mondial de l&rsquo;entreprise en cas d&rsquo;infraction, et m\u00eame 20% en cas de r\u00e9cidive.<\/p>\n\n\n\n<p class=\"\">Le cloud, r\u00e9seau mondial de serveurs, de base de donn\u00e9es et de logiciels connect\u00e9s, est devenu l&rsquo;\u00e9pine dorsale de l&rsquo;informatique mondiale sur laquelle repose une tr\u00e8s large part de l&rsquo;\u00e9conomie et de services du quotidien.<\/p>\n\n\n\n<p class=\"\">Au niveau mondial, ce march\u00e9 est domin\u00e9 par un trio de g\u00e9ants Am\u00e9ricains : Amazon Web Services (AWS) d\u00e9tenait 30% des parts au deuxi\u00e8me trimestre 2025, suivi par Microsoft Azure (20%) et Google Cloud (13%), selon le cabinet Synergy Research Group.<\/p>\n\n\n\n<p class=\"\">Cette forte concentration, ainsi que plusieurs pannes majeures qui ont d\u00e9montr\u00e9 ces derniers mois la vuln\u00e9rabilit\u00e9 des clients en cas de dysfonctionnement de ces plateformes, nourrissent des appels \u00e0 une plus forte r\u00e9gulation du secteur en Europe.<\/p>\n\n\n\n<p class=\"\">En octobre, AWS et Microsoft avaient subi coup sur coup des pannes mondiales qui avaient bloqu\u00e9 ou perturb\u00e9 l&rsquo;activit\u00e9 d&rsquo;une longue liste d&rsquo;entreprises et applications, illustrant la d\u00e9pendance mondiale \u00e0 l&rsquo;\u00e9gard des infrastructures et des programmes d\u00e9ploy\u00e9s par les g\u00e9ants am\u00e9ricains.<\/p>\n\n\n\n<p class=\"\">La Commission s&rsquo;est donn\u00e9e douze mois pour conclure ses enqu\u00eates.<\/p>\n\n\n\n<p class=\"\">Les deux groupes, eux, esp\u00e8rent bien que leurs services cloud pourront \u00e9chapper \u00e0 ces contraintes suppl\u00e9mentaires, qu&rsquo;ils jugent contreproductives pour leurs clients.<\/p>\n\n\n\n<p class=\"\">Selon un porte-parole d&rsquo;AWS, l&rsquo;enqu\u00eate de la Commission devrait d\u00e9montrer \u00ab\u00a0que le secteur de l&rsquo;informatique \u00e0 distance est extr\u00eamement dynamique, offrant aux entreprises un vaste choix, des innovations sans pr\u00e9c\u00e9dent et des co\u00fbts r\u00e9duits\u00a0\u00bb, et que soumettre des op\u00e9rateurs de cloud au DMA risquerait \u00ab\u00a0de brider le progr\u00e8s et de faire grimper les co\u00fbts pour les entreprises europ\u00e9ennes\u00a0\u00bb.<\/p>\n\n\n\n<p class=\"\">Microsoft est \u00ab\u00a0pr\u00eat \u00e0 contribuer \u00e0 l&rsquo;enqu\u00eate de la Commission europ\u00e9enne\u00a0\u00bb, a soulign\u00e9 de son c\u00f4t\u00e9 le groupe de Redmond, tout en assurant lui aussi que le secteur est d\u00e9j\u00e0 \u00ab\u00a0innovant, hautement comp\u00e9titif et un acc\u00e9l\u00e9rateur de croissance pour toute l&rsquo;\u00e9conomie\u00a0\u00bb.<\/p>\n\n\n\n<p class=\"\">Amazon et Microsoft sont d\u00e9j\u00e0 soumis au DMA au titre d&rsquo;autres activit\u00e9s, Amazon Marketplace (service qui permet \u00e0 des vendeurs tiers de proposer leurs produits sur Amazon) et le r\u00e9seau professionnel LinkedIn.<\/p>\n\n\n\n<p class=\"\">En outre, la Commission a ouvert une troisi\u00e8me enqu\u00eate pour voir si les r\u00e8gles du DMA suffiraient \u00e0 r\u00e9guler efficacement les acteurs du cloud, ou s&rsquo;il est n\u00e9cessaire de les adapter pour tenir compte des sp\u00e9cificit\u00e9s du secteur.<\/p>\n\n\n\n<p class=\"\">Par ailleurs, elle a justifi\u00e9 l&rsquo;exclusion de Google Cloud du champ de ses investigations en invoquant sa part de march\u00e9 r\u00e9duite en Europe.<\/p>\n\n\n\n<p class=\"\">\u00ab\u00a0Notre analyse pr\u00e9liminaire montre que Google joue un r\u00f4le moins important sur notre march\u00e9 que les deux autres groupes sur lesquels nous enqu\u00eatons\u00a0\u00bb, a expliqu\u00e9 \u00e0 la presse Thomas Regnier, porte-parole charg\u00e9 des questions num\u00e9riques.<\/p>\n","protected":false},"excerpt":{"rendered":"<p>Secousses \u00e0 venir dans le cloud? L&rsquo;Europe pourrait soumettre les deux plus gros op\u00e9rateurs mondiaux, Amazon et Microsoft, \u00e0 des r\u00e8gles renforc\u00e9es, et r\u00e9fl\u00e9chit \u00e0 muscler son arsenal pour mieux contr\u00f4ler ce secteur crucial pour toute l&rsquo;\u00e9conomie, comme l&rsquo;ont montr\u00e9 des pannes retentissantes. La vice-pr\u00e9sidente de la Commission europ\u00e9nne charg\u00e9e du Num\u00e9rique, Henna Virkkunen, a [&hellip;]<\/p>\n","protected":false},"author":2,"featured_media":40064,"comment_status":"open","ping_status":"open","sticky":false,"template":"","format":"standard","meta":{"_jetpack_memberships_contains_paid_content":false,"footnotes":"","jetpack_publicize_message":"","jetpack_publicize_feature_enabled":true,"jetpack_social_post_already_shared":true,"jetpack_social_options":{"image_generator_settings":{"template":"highway","default_image_id":0,"font":"","enabled":true,"token":"eyJpbWciOiJodHRwczpcL1wvd3d3LmljZWFnZXR2LmNvbVwvcmFkaW9zaXRlXC93cC1jb250ZW50XC91cGxvYWRzXC8yMDI1XC8xMVwveU5RcGVTOXMuanBnIiwidHh0IjoiTCYjODIxNztFdXJvcGUgcG91cnJhaXQgc291bWV0dHJlIGxlcyBkZXV4IHBsdXMgZ3JvcyBvcFx1MDBlOXJhdGV1cnMgbW9uZGlhdXggQW1hem9uIGV0IE1pY3Jvc29mdCwgXHUwMGUwIGRlcyByXHUwMGU4Z2xlcyByZW5mb3JjXHUwMGU5ZXMsIG5vdGFtbWVudCBwb3VyIG1pZXV4IGNvbnRyXHUwMGY0bGVyIGxlIHNlY3RldXIgZHUgY2xvdWQiLCJ0ZW1wbGF0ZSI6ImhpZ2h3YXkiLCJmb250IjoiIiwiYmxvZ19pZCI6MTExMDE2NDYxfQ.wvLk5miMnHEWrgmai4mO0QYpCq9LgzcK1P5x28bvkcYMQ"},"version":2},"_wpas_customize_per_network":false},"categories":[16],"tags":[],"class_list":["post-40063","post","type-post","status-publish","format-standard","has-post-thumbnail","hentry","category-actu-high-tech"],"jetpack_publicize_connections":[],"jetpack_featured_media_url":"https:\/\/i0.wp.com\/www.iceagetv.com\/radiosite\/wp-content\/uploads\/2025\/11\/yNQpeS9s.jpg?fit=679%2C293&ssl=1","jetpack_sharing_enabled":true,"_links":{"self":[{"href":"https:\/\/www.iceagetv.com\/radiosite\/wp-json\/wp\/v2\/posts\/40063","targetHints":{"allow":["GET"]}}],"collection":[{"href":"https:\/\/www.iceagetv.com\/radiosite\/wp-json\/wp\/v2\/posts"}],"about":[{"href":"https:\/\/www.iceagetv.com\/radiosite\/wp-json\/wp\/v2\/types\/post"}],"author":[{"embeddable":true,"href":"https:\/\/www.iceagetv.com\/radiosite\/wp-json\/wp\/v2\/users\/2"}],"replies":[{"embeddable":true,"href":"https:\/\/www.iceagetv.com\/radiosite\/wp-json\/wp\/v2\/comments?post=40063"}],"version-history":[{"count":1,"href":"https:\/\/www.iceagetv.com\/radiosite\/wp-json\/wp\/v2\/posts\/40063\/revisions"}],"predecessor-version":[{"id":40065,"href":"https:\/\/www.iceagetv.com\/radiosite\/wp-json\/wp\/v2\/posts\/40063\/revisions\/40065"}],"wp:featuredmedia":[{"embeddable":true,"href":"https:\/\/www.iceagetv.com\/radiosite\/wp-json\/wp\/v2\/media\/40064"}],"wp:attachment":[{"href":"https:\/\/www.iceagetv.com\/radiosite\/wp-json\/wp\/v2\/media?parent=40063"}],"wp:term":[{"taxonomy":"category","embeddable":true,"href":"https:\/\/www.iceagetv.com\/radiosite\/wp-json\/wp\/v2\/categories?post=40063"},{"taxonomy":"post_tag","embeddable":true,"href":"https:\/\/www.iceagetv.com\/radiosite\/wp-json\/wp\/v2\/tags?post=40063"}],"curies":[{"name":"wp","href":"https:\/\/api.w.org\/{rel}","templated":true}]}}