{"id":40066,"date":"2025-11-23T17:30:48","date_gmt":"2025-11-23T16:30:48","guid":{"rendered":"https:\/\/www.iceagetv.com\/radiosite\/?p=40066"},"modified":"2025-11-23T17:30:51","modified_gmt":"2025-11-23T16:30:51","slug":"eurovision-le-diffuseur-autrichien-espere-un-compromis-sur-la-participation-disrael-afin-de-pouvoir-accueillir-le-plus-de-participants-possibles-autour-de-regles-communes-nouvelles-repondan","status":"publish","type":"post","link":"https:\/\/www.iceagetv.com\/radiosite\/eurovision-le-diffuseur-autrichien-espere-un-compromis-sur-la-participation-disrael-afin-de-pouvoir-accueillir-le-plus-de-participants-possibles-autour-de-regles-communes-nouvelles-repondan\/","title":{"rendered":"Eurovision: Le diffuseur autrichien esp\u00e8re un compromis sur la participation d&rsquo;Isra\u00ebl afin de pouvoir accueillir le \u00ab\u00a0plus de participants possibles\u00a0\u00bb autour de \u00ab\u00a0r\u00e8gles communes nouvelles\u00a0\u00bb r\u00e9pondant aux inqui\u00e9tudes"},"content":{"rendered":"\n<p class=\"\">Le groupe audiovisuel public autrichien ORF esp\u00e8re qu&rsquo;un compromis sera trouv\u00e9 en d\u00e9cembre au sujet de la participation d&rsquo;Isra\u00ebl \u00e0 l&rsquo;Eurovision, afin que l&rsquo;Autriche puisse accueillir le \u00ab\u00a0plus de participants possibles\u00a0\u00bb autour de \u00ab\u00a0r\u00e8gles communes nouvelles\u00a0\u00bb r\u00e9pondant aux inqui\u00e9tudes.<\/p>\n\n\n\n<p class=\"\">\u00ab\u00a0Honn\u00eatement, le temps de la diplomatie est arriv\u00e9\u00a0\u00bb, a d\u00e9clar\u00e9 Roland Weissmann, le directeur g\u00e9n\u00e9ral d&rsquo;ORF, \u00e0 Vienne, lors d&rsquo;une conf\u00e9rence de presse. Il affirme avoir men\u00e9 un \u00ab\u00a0intense travail\u00a0\u00bb en coulisses pour convaincre ses homologues \u00e9trangers de faire le voyage \u00e0 Vienne les 12 et 14 mai, pour les demi-finales, et la finale le 16 mai.<\/p>\n\n\n\n<p class=\"\">Les membres de l&rsquo;Union europ\u00e9enne de radio-T\u00e9l\u00e9vision (UER) doivent voter en assembl\u00e9e g\u00e9n\u00e9rale les 4 et 5 d\u00e9cembre sur de \u00ab\u00a0nouvelles r\u00e8gles\u00a0\u00bb de participation. M. Weissmann n&rsquo;a pas voulu pr\u00e9ciser quelles modifications \u00e9taient en discussion. L&rsquo;Espagne, l&rsquo;Irlande, la Slov\u00e9nie, l&rsquo;Islande et les Pays-Bas ont menac\u00e9 de boycotter le Concours Eurovision de la Chanson (ESC) si Isra\u00ebl y participe. D&rsquo;autres pays, comme la Belgique, la Su\u00e8de et la Finlande, ont aussi indiqu\u00e9 y songer.<\/p>\n\n\n\n<p class=\"\">L&rsquo;association de l&rsquo;audiovisuel public n\u00e9erlandaise Avrotros avait justifi\u00e9 sa position par les \u00ab\u00a0s\u00e9rieuses violations de la libert\u00e9 de la presse\u00a0\u00bb \u00e0 Gaza. Elle accusait aussi Isra\u00ebl d&rsquo;avoir commis \u00ab\u00a0des interf\u00e9rences prouv\u00e9es lors de la derni\u00e8re \u00e9dition, se livrant \u00e0 une instrumentalisation politique de l&rsquo;\u00e9v\u00e9nement\u00a0\u00bb.<\/p>\n\n\n\n<p class=\"\">La chanteuse isra\u00e9lienne Yuval Raphael, survivante de l&rsquo;attaque du 7 octobre, \u00e9tait arriv\u00e9e seconde au concours 2025, port\u00e9e par le vote du public. Le contret\u00e9nor autrichien JJ avait remport\u00e9 le concours organis\u00e9 en Suisse, ce qui vaut \u00e0 son pays d&rsquo;organiser la 70e \u00e9dition de la plus grande comp\u00e9tition musicale diffus\u00e9e en direct \u00e0 la t\u00e9l\u00e9vision dans le monde. L&rsquo;\u00e9v\u00e9nement, qui a recens\u00e9 en mai 160 millions de t\u00e9l\u00e9spectateurs, est r\u00e9guli\u00e8rement le th\u00e9\u00e2tre d&rsquo;oppositions g\u00e9opolitiques.<\/p>\n\n\n\n<p class=\"\">La Russie en a \u00e9t\u00e9 exclue \u00e0 la suite de l&rsquo;invasion de l&rsquo;Ukraine en 2022. Le B\u00e9larus l&rsquo;avait \u00e9t\u00e9 un an plus t\u00f4t, apr\u00e8s la r\u00e9\u00e9lection contest\u00e9e du pr\u00e9sident Alexandre Loukachenko.<\/p>\n\n\n\n<p class=\"\">La Roumanie,la Moldavie et la Bulgarie ont, elles, annonc\u00e9 qu&rsquo;elles comptaient y faire leur retour en 2026. Le Canada se dit aussi int\u00e9ress\u00e9. Quelque 90.000 tickets doivent \u00eatre mis en vente pour l&rsquo;\u00e9v\u00e9nement qui aura lieu dans une salle de concert \u00e0 Vienne.<\/p>\n","protected":false},"excerpt":{"rendered":"<p>Le groupe audiovisuel public autrichien ORF esp\u00e8re qu&rsquo;un compromis sera trouv\u00e9 en d\u00e9cembre au sujet de la participation d&rsquo;Isra\u00ebl \u00e0 l&rsquo;Eurovision, afin que l&rsquo;Autriche puisse accueillir le \u00ab\u00a0plus de participants possibles\u00a0\u00bb autour de \u00ab\u00a0r\u00e8gles communes nouvelles\u00a0\u00bb r\u00e9pondant aux inqui\u00e9tudes. \u00ab\u00a0Honn\u00eatement, le temps de la diplomatie est arriv\u00e9\u00a0\u00bb, a d\u00e9clar\u00e9 Roland Weissmann, le directeur g\u00e9n\u00e9ral d&rsquo;ORF, [&hellip;]<\/p>\n","protected":false},"author":2,"featured_media":40067,"comment_status":"open","ping_status":"open","sticky":false,"template":"","format":"standard","meta":{"_jetpack_memberships_contains_paid_content":false,"footnotes":"","jetpack_publicize_message":"","jetpack_publicize_feature_enabled":true,"jetpack_social_post_already_shared":true,"jetpack_social_options":{"image_generator_settings":{"template":"highway","default_image_id":0,"font":"","enabled":true,"token":"eyJpbWciOiJodHRwczpcL1wvd3d3LmljZWFnZXR2LmNvbVwvcmFkaW9zaXRlXC93cC1jb250ZW50XC91cGxvYWRzXC8yMDI1XC8xMVwveWRDVnJUaWQuanBnIiwidHh0IjoiRXVyb3Zpc2lvbjogTGUgZGlmZnVzZXVyIGF1dHJpY2hpZW4gZXNwXHUwMGU4cmUgdW4gY29tcHJvbWlzIHN1ciBsYSBwYXJ0aWNpcGF0aW9uIGQmIzgyMTc7SXNyYVx1MDBlYmwgYWZpbiBkZSBwb3V2b2lyIGFjY3VlaWxsaXIgbGUgJiM4MjIwO3BsdXMgZGUgcGFydGljaXBhbnRzIHBvc3NpYmxlcyYjODIyMTsgYXV0b3VyIGRlICYjODIyMDtyXHUwMGU4Z2xlcyBjb21tdW5lcyBub3V2ZWxsZXMmIzgyMjE7IHJcdTAwZTlwb25kYW50IGF1eCBpbnF1aVx1MDBlOXR1ZGVzIiwidGVtcGxhdGUiOiJoaWdod2F5IiwiZm9udCI6IiIsImJsb2dfaWQiOjExMTAxNjQ2MX0.qjnuT2QbxUYyKXRZ2bmGoQv89zDJlqus6-noet4z4uoMQ"},"version":2},"_wpas_customize_per_network":false},"categories":[68],"tags":[],"class_list":["post-40066","post","type-post","status-publish","format-standard","has-post-thumbnail","hentry","category-actu-culturelle"],"jetpack_publicize_connections":[],"jetpack_featured_media_url":"https:\/\/i0.wp.com\/www.iceagetv.com\/radiosite\/wp-content\/uploads\/2025\/11\/ydCVrTid.jpg?fit=679%2C293&ssl=1","jetpack_sharing_enabled":true,"_links":{"self":[{"href":"https:\/\/www.iceagetv.com\/radiosite\/wp-json\/wp\/v2\/posts\/40066","targetHints":{"allow":["GET"]}}],"collection":[{"href":"https:\/\/www.iceagetv.com\/radiosite\/wp-json\/wp\/v2\/posts"}],"about":[{"href":"https:\/\/www.iceagetv.com\/radiosite\/wp-json\/wp\/v2\/types\/post"}],"author":[{"embeddable":true,"href":"https:\/\/www.iceagetv.com\/radiosite\/wp-json\/wp\/v2\/users\/2"}],"replies":[{"embeddable":true,"href":"https:\/\/www.iceagetv.com\/radiosite\/wp-json\/wp\/v2\/comments?post=40066"}],"version-history":[{"count":1,"href":"https:\/\/www.iceagetv.com\/radiosite\/wp-json\/wp\/v2\/posts\/40066\/revisions"}],"predecessor-version":[{"id":40068,"href":"https:\/\/www.iceagetv.com\/radiosite\/wp-json\/wp\/v2\/posts\/40066\/revisions\/40068"}],"wp:featuredmedia":[{"embeddable":true,"href":"https:\/\/www.iceagetv.com\/radiosite\/wp-json\/wp\/v2\/media\/40067"}],"wp:attachment":[{"href":"https:\/\/www.iceagetv.com\/radiosite\/wp-json\/wp\/v2\/media?parent=40066"}],"wp:term":[{"taxonomy":"category","embeddable":true,"href":"https:\/\/www.iceagetv.com\/radiosite\/wp-json\/wp\/v2\/categories?post=40066"},{"taxonomy":"post_tag","embeddable":true,"href":"https:\/\/www.iceagetv.com\/radiosite\/wp-json\/wp\/v2\/tags?post=40066"}],"curies":[{"name":"wp","href":"https:\/\/api.w.org\/{rel}","templated":true}]}}