{"id":40125,"date":"2025-11-27T08:41:58","date_gmt":"2025-11-27T07:41:58","guid":{"rendered":"https:\/\/www.iceagetv.com\/radiosite\/?p=40125"},"modified":"2025-11-27T08:42:00","modified_gmt":"2025-11-27T07:42:00","slug":"tirs-a-washington-le-suspect-avait-travaille-avec-larmee-americaine-et-la-cia-en-afghanistan","status":"publish","type":"post","link":"https:\/\/www.iceagetv.com\/radiosite\/tirs-a-washington-le-suspect-avait-travaille-avec-larmee-americaine-et-la-cia-en-afghanistan\/","title":{"rendered":"Tirs \u00e0 Washington: le suspect avait travaill\u00e9 avec l&rsquo;arm\u00e9e am\u00e9ricaine et la CIA en Afghanistan"},"content":{"rendered":"\n<p class=\"\">Le ressortissant afghan soup\u00e7onn\u00e9 d&rsquo;avoir tir\u00e9 sur deux militaires de la Garde nationale \u00e0 Washington a, selon Fox News, travaill\u00e9 dans le pass\u00e9 avec l&rsquo;arm\u00e9e am\u00e9ricaine et la CIA en Afghanistan.<\/p>\n\n\n\n<p class=\"\">Le ressortissant afghan soup\u00e7onn\u00e9 d&rsquo;avoir tir\u00e9 sur&nbsp;<a href=\"https:\/\/www.bfmtv.com\/international\/amerique-nord\/etats-unis\/deux-militaires-de-la-garde-nationale-touches-par-des-tirs-a-washington-pres-de-la-maison-blanche_AN-202511261019.html\">deux militaires de la Garde nationale<\/a>&nbsp;\u00e0 Washington avait travaill\u00e9 avec les forces arm\u00e9es am\u00e9ricaines en Afghanistan avant d&rsquo;\u00eatre exfiltr\u00e9 vers les \u00c9tats-Unis, ont affirm\u00e9 ce mercredi 26 novembre des m\u00e9dias am\u00e9ricains.<\/p>\n\n\n\n<p class=\"\">Selon la cha\u00eene\u00a0<a href=\"https:\/\/www.foxnews.com\/us\/law-enforcement-responding-2-national-guard-members-shot-near-white-house\" target=\"_blank\" rel=\"noreferrer noopener\">Fox News<\/a>, le suspect, \u00e2g\u00e9 de 29 ans, avait travaill\u00e9 avec l&rsquo;arm\u00e9e am\u00e9ricaine et la CIA en Afghanistan et est arriv\u00e9 aux \u00c9tats-Unis en septembre 2021, un mois apr\u00e8s le retrait chaotique des forces am\u00e9ricaines de ce pays.Fox News cite le directeur de la CIA,\u00a0<a href=\"https:\/\/www.bfmtv.com\/international\/donald-trump-change-de-chef-des-services-de-renseignement_AN-201907290021.html\">John Ratcliffe<\/a>, selon qui le suspect avait travaill\u00e9 avec les \u00c9tats-Unis \u00e0 Kandahar, dans la sud de l&rsquo;Afghanistan, o\u00f9 se trouvait une des plus importantes bases militaires am\u00e9ricaines.\u00a0\u00bbDans le sillage du retrait d\u00e9sastreux d&rsquo;Afghanistan par Joe Biden, l&rsquo;administration Biden a justifi\u00e9 d&#8217;emmener le tireur pr\u00e9sum\u00e9 aux \u00c9tats-Unis en septembre 2021 en raison de son travail pass\u00e9 avec le gouvernement am\u00e9ricain, y compris la CIA, en tant que membre d&rsquo;une force partenaire \u00e0 Kandahar\u00a0\u00bb, a d\u00e9clar\u00e9 John Ratcliffe \u00e0 Fox News.<\/p>\n\n\n\n<p class=\"\">Donald Trump avait quant \u00e0 lui indiqu\u00e9 que le suspect arr\u00eat\u00e9 \u00ab\u00a0est un \u00e9tranger qui est entr\u00e9 dans notre pays en provenance d&rsquo;Afghanistan\u00a0\u00bb et qui \u00ab\u00a0a \u00e9t\u00e9 amen\u00e9 ici par le gouvernement Biden en septembre 2021\u00a0\u00bb. Depuis la Floride, o\u00f9 il passe la f\u00eate de Thanksgiving, le pr\u00e9sident am\u00e9ricain a d\u00e9nonc\u00e9 un \u00ab\u00a0acte de terreur\u00a0\u00bb.Deux militaires \u00ab\u00a0gri\u00e8vement bless\u00e9s\u00a0\u00bb<\/p>\n\n\n\n<p class=\"\"><a href=\"https:\/\/www.bfmtv.com\/international\/amerique-nord\/etats-unis\/militaires-blesses-suspect-arrete-ce-que-l-on-sait-sur-les-tirs-qui-ont-vise-deux-membres-de-la-garde-nationale-a-washington_AV-202511261125.html\">Les tirs ont eu lieu ce mercredi apr\u00e8s-midi<\/a>&nbsp;en plein centre de la capitale am\u00e9ricaine, investie depuis ao\u00fbt par des centaines de ces militaires de r\u00e9serve pour y mener des patrouilles \u00e0 pied, \u00e0 la demande du pr\u00e9sident am\u00e9ricain Donald Trump et contre l&rsquo;avis des autorit\u00e9s locales d\u00e9mocrates.<\/p>\n\n\n\n<p class=\"\">Les deux militaires touch\u00e9s sont \u00ab\u00a0gri\u00e8vement bless\u00e9s\u00a0\u00bb et le tireur pr\u00e9sum\u00e9 est lui aussi \u00ab\u00a0s\u00e9v\u00e8rement bless\u00e9\u00a0\u00bb, a \u00e9crit Donald Trump sur son r\u00e9seau Truth Social, qualifiant l&rsquo;auteur d'\u00a0\u00bbanimal\u00a0\u00bb qui \u00ab\u00a0paierait tr\u00e8s cher\u00a0\u00bb son acte.<\/p>\n","protected":false},"excerpt":{"rendered":"<p>Le ressortissant afghan soup\u00e7onn\u00e9 d&rsquo;avoir tir\u00e9 sur deux militaires de la Garde nationale \u00e0 Washington a, selon Fox News, travaill\u00e9 dans le pass\u00e9 avec l&rsquo;arm\u00e9e am\u00e9ricaine et la CIA en Afghanistan. Le ressortissant afghan soup\u00e7onn\u00e9 d&rsquo;avoir tir\u00e9 sur&nbsp;deux militaires de la Garde nationale&nbsp;\u00e0 Washington avait travaill\u00e9 avec les forces arm\u00e9es am\u00e9ricaines en Afghanistan avant d&rsquo;\u00eatre [&hellip;]<\/p>\n","protected":false},"author":2,"featured_media":40126,"comment_status":"open","ping_status":"open","sticky":false,"template":"","format":"standard","meta":{"_jetpack_memberships_contains_paid_content":false,"footnotes":"","jetpack_publicize_message":"","jetpack_publicize_feature_enabled":true,"jetpack_social_post_already_shared":true,"jetpack_social_options":{"image_generator_settings":{"template":"highway","default_image_id":0,"font":"","enabled":true,"token":"eyJpbWciOiJodHRwczpcL1wvd3d3LmljZWFnZXR2LmNvbVwvcmFkaW9zaXRlXC93cC1jb250ZW50XC91cGxvYWRzXC8yMDI1XC8xMVwvVGlycy1hLVdhc2hpbmd0b24uanBnIiwidHh0IjoiVGlycyBcdTAwZTAgV2FzaGluZ3RvbjogbGUgc3VzcGVjdCBhdmFpdCB0cmF2YWlsbFx1MDBlOSBhdmVjIGwmIzgyMTc7YXJtXHUwMGU5ZSBhbVx1MDBlOXJpY2FpbmUgZXQgbGEgQ0lBIGVuIEFmZ2hhbmlzdGFuIiwidGVtcGxhdGUiOiJoaWdod2F5IiwiZm9udCI6IiIsImJsb2dfaWQiOjExMTAxNjQ2MX0.W_JLY8UCBrL1x-hqklQvYaB-6PUQulxTsv8bs1pOYuMMQ"},"version":2},"_wpas_customize_per_network":false},"categories":[405],"tags":[],"class_list":["post-40125","post","type-post","status-publish","format-standard","has-post-thumbnail","hentry","category-actu-france-monde"],"jetpack_publicize_connections":[],"jetpack_featured_media_url":"https:\/\/i0.wp.com\/www.iceagetv.com\/radiosite\/wp-content\/uploads\/2025\/11\/Tirs-a-Washington.jpg?fit=747%2C336&ssl=1","jetpack_sharing_enabled":true,"_links":{"self":[{"href":"https:\/\/www.iceagetv.com\/radiosite\/wp-json\/wp\/v2\/posts\/40125","targetHints":{"allow":["GET"]}}],"collection":[{"href":"https:\/\/www.iceagetv.com\/radiosite\/wp-json\/wp\/v2\/posts"}],"about":[{"href":"https:\/\/www.iceagetv.com\/radiosite\/wp-json\/wp\/v2\/types\/post"}],"author":[{"embeddable":true,"href":"https:\/\/www.iceagetv.com\/radiosite\/wp-json\/wp\/v2\/users\/2"}],"replies":[{"embeddable":true,"href":"https:\/\/www.iceagetv.com\/radiosite\/wp-json\/wp\/v2\/comments?post=40125"}],"version-history":[{"count":1,"href":"https:\/\/www.iceagetv.com\/radiosite\/wp-json\/wp\/v2\/posts\/40125\/revisions"}],"predecessor-version":[{"id":40127,"href":"https:\/\/www.iceagetv.com\/radiosite\/wp-json\/wp\/v2\/posts\/40125\/revisions\/40127"}],"wp:featuredmedia":[{"embeddable":true,"href":"https:\/\/www.iceagetv.com\/radiosite\/wp-json\/wp\/v2\/media\/40126"}],"wp:attachment":[{"href":"https:\/\/www.iceagetv.com\/radiosite\/wp-json\/wp\/v2\/media?parent=40125"}],"wp:term":[{"taxonomy":"category","embeddable":true,"href":"https:\/\/www.iceagetv.com\/radiosite\/wp-json\/wp\/v2\/categories?post=40125"},{"taxonomy":"post_tag","embeddable":true,"href":"https:\/\/www.iceagetv.com\/radiosite\/wp-json\/wp\/v2\/tags?post=40125"}],"curies":[{"name":"wp","href":"https:\/\/api.w.org\/{rel}","templated":true}]}}