{"id":40128,"date":"2025-11-27T11:03:30","date_gmt":"2025-11-27T10:03:30","guid":{"rendered":"https:\/\/www.iceagetv.com\/radiosite\/?p=40128"},"modified":"2025-11-27T11:03:33","modified_gmt":"2025-11-27T10:03:33","slug":"deux-detenus-de-la-prison-de-dijon-se-sont-evades-apres-avoir-scie-les-barreaux-de-leur-cellule-respective-les-deux-hommes-en-quartier-disciplinaire-etaient-en-detention-provisoire-dans-l","status":"publish","type":"post","link":"https:\/\/www.iceagetv.com\/radiosite\/deux-detenus-de-la-prison-de-dijon-se-sont-evades-apres-avoir-scie-les-barreaux-de-leur-cellule-respective-les-deux-hommes-en-quartier-disciplinaire-etaient-en-detention-provisoire-dans-l\/","title":{"rendered":"\u00a0Deux d\u00e9tenus de la prison de Dijon se sont \u00e9vad\u00e9s apr\u00e8s avoir sci\u00e9 les barreaux de leur cellule respective &#8211; Les deux hommes, en quartier disciplinaire, \u00e9taient en d\u00e9tention provisoire dans l\u2019attente de leur proc\u00e8s"},"content":{"rendered":"\n<p class=\"\">Deux d\u00e9tenus se sont \u00e9vad\u00e9s dans la nuit de mercredi \u00e0 jeudi de la prison de Dijon, apr\u00e8s avoir sci\u00e9 les barreaux de leur cellule, a appris l\u2019AFP aupr\u00e8s d\u2019une source polici\u00e8re. L\u2019\u00e9vasion a \u00e9t\u00e9 constat\u00e9e \u00e0 07H00 ce jeudi, a-t-on ajout\u00e9 de m\u00eame source, sans plus de pr\u00e9cision \u00e0 ce stade.<\/p>\n\n\n\n<p class=\"\">Cette \u00e9vasion survient quelques jours apr\u00e8s celle d\u2019un d\u00e9tenu du centre p\u00e9nitentiaire de Rennes-V\u00e9zin (Ille-et-Vilaine) au cours d\u2019une sortie avec d\u2019autres prisonniers au plan\u00e9tarium de la ville. Le Garde des Sceaux avait aussit\u00f4t d\u00e9mis de ses fonctions le directeur de cet \u00e9tablissement.<\/p>\n\n\n\n<p class=\"\">Mercredi, trois organisations professionnelles de directeurs de prison ont fustig\u00e9 le \u00ab&nbsp;m\u00e9pris&nbsp;\u00bb de G\u00e9rald Darmanin, l\u2019accusant de ne reculer \u00ab&nbsp;devant rien pour entretenir son image de fermet\u00e9 et de r\u00e9activit\u00e9&nbsp;\u00bb.<\/p>\n\n\n\n<p class=\"\">Ils lui ont reproch\u00e9 aussi \u00ab&nbsp;de consacrer tous les moyens d\u2019un \u00c9tat endett\u00e9&nbsp;\u00bb aux quartiers de lutte contre la criminalit\u00e9 pour les narcotrafiquants les plus dangereux, qu\u2019il a cr\u00e9\u00e9s, \u00ab&nbsp;quand la grande majorit\u00e9 des services sont exsangues.&nbsp;\u00bb<\/p>\n\n\n\n<p class=\"\">\u00ab&nbsp;Pendant que le garde des Sceaux parade dans des structures surdot\u00e9es, les autres services agonisent&nbsp;\u00bb, \u00e9crivent-ils encore, r\u00e9clamant \u00ab&nbsp;un v\u00e9ritable plan d\u2019urgence pour lutter contre la surpopulation et combler les vacances de postes sans poudre aux yeux ni strat\u00e9gie de communication&nbsp;\u00bb.<\/p>\n\n\n\n<p class=\"\">Le nombre de d\u00e9tenus dans les prisons fran\u00e7aises \u00e9tait de 84.862 au 1er octobre 2025, un chiffre en l\u00e9g\u00e8re hausse par rapport \u00e0 celui enregistr\u00e9 au 1er septembre.<\/p>\n\n\n\n<p class=\"\">Les prisons fran\u00e7aises comptaient seulement 62.501 places op\u00e9rationnelles au 1er octobre, soit une densit\u00e9 carc\u00e9rale de 135,8%.<\/p>\n\n\n\n<p class=\"\">La France figure parmi les mauvais \u00e9l\u00e8ves en Europe en terme de surpopulation carc\u00e9rale, en troisi\u00e8me position derri\u00e8re la Slov\u00e9nie et Chypre, selon une \u00e9tude publi\u00e9e en juillet par le Conseil de l\u2019Europe.<\/p>\n","protected":false},"excerpt":{"rendered":"<p>Deux d\u00e9tenus se sont \u00e9vad\u00e9s dans la nuit de mercredi \u00e0 jeudi de la prison de Dijon, apr\u00e8s avoir sci\u00e9 les barreaux de leur cellule, a appris l\u2019AFP aupr\u00e8s d\u2019une source polici\u00e8re. L\u2019\u00e9vasion a \u00e9t\u00e9 constat\u00e9e \u00e0 07H00 ce jeudi, a-t-on ajout\u00e9 de m\u00eame source, sans plus de pr\u00e9cision \u00e0 ce stade. Cette \u00e9vasion survient [&hellip;]<\/p>\n","protected":false},"author":2,"featured_media":40129,"comment_status":"open","ping_status":"open","sticky":false,"template":"","format":"standard","meta":{"_jetpack_memberships_contains_paid_content":false,"footnotes":"","jetpack_publicize_message":"","jetpack_publicize_feature_enabled":true,"jetpack_social_post_already_shared":true,"jetpack_social_options":{"image_generator_settings":{"template":"highway","default_image_id":0,"font":"","enabled":true,"token":"eyJpbWciOiJodHRwczpcL1wvd3d3LmljZWFnZXR2LmNvbVwvcmFkaW9zaXRlXC93cC1jb250ZW50XC91cGxvYWRzXC8yMDI1XC8xMVwvYVBVNmViZGMuanBnIiwidHh0IjoiXHUwMGEwRGV1eCBkXHUwMGU5dGVudXMgZGUgbGEgcHJpc29uIGRlIERpam9uIHNlIHNvbnQgXHUwMGU5dmFkXHUwMGU5cyBhcHJcdTAwZThzIGF2b2lyIHNjaVx1MDBlOSBsZXMgYmFycmVhdXggZGUgbGV1ciBjZWxsdWxlIHJlc3BlY3RpdmUgJiM4MjExOyBMZXMgZGV1eCBob21tZXMsIGVuIHF1YXJ0aWVyIGRpc2NpcGxpbmFpcmUsIFx1MDBlOXRhaWVudCBlbiBkXHUwMGU5dGVudGlvbiBwcm92aXNvaXJlIGRhbnMgbFx1MjAxOWF0dGVudGUgZGUgbGV1ciBwcm9jXHUwMGU4cyIsInRlbXBsYXRlIjoiaGlnaHdheSIsImZvbnQiOiIiLCJibG9nX2lkIjoxMTEwMTY0NjF9.uH2n_S4j6LYMSYM-lUE48NaVpBokUI4PH5uU_DqZDKwMQ"},"version":2},"_wpas_customize_per_network":false},"categories":[405],"tags":[],"class_list":["post-40128","post","type-post","status-publish","format-standard","has-post-thumbnail","hentry","category-actu-france-monde"],"jetpack_publicize_connections":[],"jetpack_featured_media_url":"https:\/\/i0.wp.com\/www.iceagetv.com\/radiosite\/wp-content\/uploads\/2025\/11\/aPU6ebdc.jpg?fit=679%2C293&ssl=1","jetpack_sharing_enabled":true,"_links":{"self":[{"href":"https:\/\/www.iceagetv.com\/radiosite\/wp-json\/wp\/v2\/posts\/40128","targetHints":{"allow":["GET"]}}],"collection":[{"href":"https:\/\/www.iceagetv.com\/radiosite\/wp-json\/wp\/v2\/posts"}],"about":[{"href":"https:\/\/www.iceagetv.com\/radiosite\/wp-json\/wp\/v2\/types\/post"}],"author":[{"embeddable":true,"href":"https:\/\/www.iceagetv.com\/radiosite\/wp-json\/wp\/v2\/users\/2"}],"replies":[{"embeddable":true,"href":"https:\/\/www.iceagetv.com\/radiosite\/wp-json\/wp\/v2\/comments?post=40128"}],"version-history":[{"count":1,"href":"https:\/\/www.iceagetv.com\/radiosite\/wp-json\/wp\/v2\/posts\/40128\/revisions"}],"predecessor-version":[{"id":40130,"href":"https:\/\/www.iceagetv.com\/radiosite\/wp-json\/wp\/v2\/posts\/40128\/revisions\/40130"}],"wp:featuredmedia":[{"embeddable":true,"href":"https:\/\/www.iceagetv.com\/radiosite\/wp-json\/wp\/v2\/media\/40129"}],"wp:attachment":[{"href":"https:\/\/www.iceagetv.com\/radiosite\/wp-json\/wp\/v2\/media?parent=40128"}],"wp:term":[{"taxonomy":"category","embeddable":true,"href":"https:\/\/www.iceagetv.com\/radiosite\/wp-json\/wp\/v2\/categories?post=40128"},{"taxonomy":"post_tag","embeddable":true,"href":"https:\/\/www.iceagetv.com\/radiosite\/wp-json\/wp\/v2\/tags?post=40128"}],"curies":[{"name":"wp","href":"https:\/\/api.w.org\/{rel}","templated":true}]}}