{"id":40134,"date":"2025-11-27T12:56:52","date_gmt":"2025-11-27T11:56:52","guid":{"rendered":"https:\/\/www.iceagetv.com\/radiosite\/?p=40134"},"modified":"2025-11-27T12:56:55","modified_gmt":"2025-11-27T11:56:55","slug":"emmanuel-macron-annonce-la-creation-dun-nouveau-service-national-purement-militaire-et-volontaire-des-lete-prochain-les-jeunes-volontaires-serviront-pendant-10-mois-uniquement-sur-le","status":"publish","type":"post","link":"https:\/\/www.iceagetv.com\/radiosite\/emmanuel-macron-annonce-la-creation-dun-nouveau-service-national-purement-militaire-et-volontaire-des-lete-prochain-les-jeunes-volontaires-serviront-pendant-10-mois-uniquement-sur-le\/","title":{"rendered":"\u00a0Emmanuel Macron annonce la cr\u00e9ation d&rsquo;un nouveau service national \u00ab\u00a0purement militaire\u00a0\u00bb et volontaire d\u00e8s l&rsquo;\u00e9t\u00e9 prochain &#8211; Les jeunes volontaires serviront pendant 10 mois \u00ab\u00a0uniquement sur le territoire national"},"content":{"rendered":"\n<p class=\"\"><strong>&nbsp;Le point sur ce que l&rsquo;on sait des annonces d&rsquo;Emmanuel Macron<\/strong><\/p>\n\n\n\n<p class=\"\">\u00ab&nbsp;Notre jeunesse a soif d\u2019engagement&nbsp;\u00bb:Emmanuel Macron a ressuscit\u00e9 jeudi un \u00ab&nbsp;service national&nbsp;\u00bb de dix mois pour les jeunes majeurs, qui sera \u00ab&nbsp;purement militaire&nbsp;\u00bb mais volontaire, cens\u00e9 \u00ab&nbsp;r\u00e9pondre aux besoins des arm\u00e9es&nbsp;\u00bb face aux menaces russes et aux risques accrus de conflit.<\/p>\n\n\n\n<p class=\"\">\u00ab&nbsp;La peur n\u2019\u00e9vite jamais le danger. La seule fa\u00e7on de l\u2019\u00e9viter est de s\u2019y pr\u00e9parer&nbsp;\u00bb, a d\u00e9clar\u00e9 le chef de l\u2019Etat dans un discours au sein de la 27e Brigade d\u2019Infanterie de Montagne (BIM) de Varces, en Is\u00e8re, au pied du massif du Vercors enneig\u00e9.<\/p>\n\n\n\n<p class=\"\">Il a aussi pr\u00e9venu que les volontaires serviront \u00ab&nbsp;exclusivement sur le territoire national&nbsp;\u00bb, apr\u00e8s avoir assur\u00e9 d\u00e8s mardi qu\u2019il ne s\u2019agit pas \u00ab&nbsp;d\u2019envoyer nos jeunes en Ukraine&nbsp;\u00bb.<\/p>\n\n\n\n<p class=\"\">Une mani\u00e8re d\u2019essayer de faire taire la pol\u00e9mique politique suscit\u00e9e par les propos du chef d\u2019\u00e9tat-major des arm\u00e9es, le g\u00e9n\u00e9ral Fabien Mandon, qui avait estim\u00e9 que le pays devait \u00eatre pr\u00eat \u00e0 \u00ab&nbsp;accepter de perdre ses enfants&nbsp;\u00bb.<\/p>\n\n\n\n<p class=\"\">Selon le pr\u00e9sident, entour\u00e9 de jeunes et de militaires, \u00ab&nbsp;notre jeunesse a soif d\u2019engagement&nbsp;\u00bb et \u00ab&nbsp;il existe une g\u00e9n\u00e9ration pr\u00eate \u00e0 se lever pour la patrie&nbsp;\u00bb, dans le cadre de l\u2019arm\u00e9e fran\u00e7aise.<\/p>\n\n\n\n<p class=\"\">Emmanuel Macron a donc confirm\u00e9 que ce nouveau dispositif, baptis\u00e9 simplement \u00ab&nbsp;service national&nbsp;\u00bb, sera lanc\u00e9 \u00ab&nbsp;progressivement d\u00e8s l\u2019\u00e9t\u00e9 prochain&nbsp;\u00bb, avec un d\u00e9but de s\u00e9lection des candidats d\u00e8s mi-janvier. Il durera dix mois (un mois de formation, neuf au sein de l\u2019arm\u00e9e).<\/p>\n\n\n\n<p class=\"\">Disette budg\u00e9taire oblige, le dispositif montera en puissance graduellement: la premi\u00e8re ann\u00e9e, il doit concerner 3.000 jeunes, avec un objectif de 10.000 par an en 2030, puis une ambition de 42.500 en 2035. Ce qui ferait 50.000 par an en cumulant avec les personnes qui font d\u00e9j\u00e0 le service militaire volontaire (SMV) et son \u00e9quivalent ultramarin, le service militaire adapt\u00e9 (SMA), qui perdureront en parall\u00e8le car ils ont un objectif diff\u00e9rent d\u2019insertion professionnelle.<\/p>\n\n\n\n<p class=\"\">Les cr\u00e9dits n\u00e9cessaires, 2,3 milliards d\u2019euros pour la p\u00e9riode 2026-2030, selon une source proche du dossier, sont pr\u00e9vus par l\u2019actualisation de la loi de programmation militaire voulue par Emmanuel Macron, mais qui doit encore \u00eatre vot\u00e9e. Cet effort budg\u00e9taire est \u00ab&nbsp;indispensable&nbsp;\u00bb, a-t-il plaid\u00e9 \u00e0 l\u2019intention d\u2019un Parlement plus divis\u00e9 que jamais.<\/p>\n\n\n\n<p class=\"\">Les volontaires seront \u00e0 80% des jeunes hommes et femmes de 18-19 ans, futurs soldats pour lesquels le service fera office d\u2019\u00ab&nbsp;ann\u00e9e de c\u00e9sure&nbsp;\u00bb avant les \u00e9tudes sup\u00e9rieures et sera ainsi valoris\u00e9 dans Parcoursup. Les autres, futurs aspirants, auront jusqu\u2019\u00e0 25 ans, s\u00e9lectionn\u00e9s sur la base de leur sp\u00e9cialisation (ing\u00e9nieurs, infirmiers, traducteurs&#8230;).<\/p>\n\n\n\n<p class=\"\"><strong>12h33:&nbsp;<\/strong>Catherine Vautrin, ministre des Arm\u00e9es et des Anciens combattants, sera ce soir l&rsquo;invit\u00e9e du Journal de 20h de France 2. Elle r\u00e9pondra aux questions de L\u00e9a Salam\u00e9 sur le nouveau service national et les annonces du pr\u00e9sident de la R\u00e9publique, Emmanuel Macron.<\/p>\n","protected":false},"excerpt":{"rendered":"<p>&nbsp;Le point sur ce que l&rsquo;on sait des annonces d&rsquo;Emmanuel Macron \u00ab&nbsp;Notre jeunesse a soif d\u2019engagement&nbsp;\u00bb:Emmanuel Macron a ressuscit\u00e9 jeudi un \u00ab&nbsp;service national&nbsp;\u00bb de dix mois pour les jeunes majeurs, qui sera \u00ab&nbsp;purement militaire&nbsp;\u00bb mais volontaire, cens\u00e9 \u00ab&nbsp;r\u00e9pondre aux besoins des arm\u00e9es&nbsp;\u00bb face aux menaces russes et aux risques accrus de conflit. \u00ab&nbsp;La peur n\u2019\u00e9vite [&hellip;]<\/p>\n","protected":false},"author":2,"featured_media":40135,"comment_status":"open","ping_status":"open","sticky":false,"template":"","format":"standard","meta":{"_jetpack_memberships_contains_paid_content":false,"footnotes":"","jetpack_publicize_message":"","jetpack_publicize_feature_enabled":true,"jetpack_social_post_already_shared":true,"jetpack_social_options":{"image_generator_settings":{"template":"highway","default_image_id":0,"font":"","enabled":true,"token":"eyJpbWciOiJodHRwczpcL1wvd3d3LmljZWFnZXR2LmNvbVwvcmFkaW9zaXRlXC93cC1jb250ZW50XC91cGxvYWRzXC8yMDI1XC8xMVwvMU50c1VXMjIuanBnIiwidHh0IjoiXHUwMGEwRW1tYW51ZWwgTWFjcm9uIGFubm9uY2UgbGEgY3JcdTAwZTlhdGlvbiBkJiM4MjE3O3VuIG5vdXZlYXUgc2VydmljZSBuYXRpb25hbCAmIzgyMjA7cHVyZW1lbnQgbWlsaXRhaXJlJiM4MjIxOyBldCB2b2xvbnRhaXJlIGRcdTAwZThzIGwmIzgyMTc7XHUwMGU5dFx1MDBlOSBwcm9jaGFpbiAmIzgyMTE7IExlcyBqZXVuZXMgdm9sb250YWlyZXMgc2Vydmlyb250IHBlbmRhbnQgMTAgbW9pcyAmIzgyMjA7dW5pcXVlbWVudCBzdXIgbGUgdGVycml0b2lyZSBuYXRpb25hbCIsInRlbXBsYXRlIjoiaGlnaHdheSIsImZvbnQiOiIiLCJibG9nX2lkIjoxMTEwMTY0NjF9.YD79zg9lrgEiTbTtld0OMHUoFC5M6p7Z7I38Nk9Qp0cMQ"},"version":2},"_wpas_customize_per_network":false},"categories":[405],"tags":[],"class_list":["post-40134","post","type-post","status-publish","format-standard","has-post-thumbnail","hentry","category-actu-france-monde"],"jetpack_publicize_connections":[],"jetpack_featured_media_url":"https:\/\/i0.wp.com\/www.iceagetv.com\/radiosite\/wp-content\/uploads\/2025\/11\/1NtsUW22.jpg?fit=679%2C293&ssl=1","jetpack_sharing_enabled":true,"_links":{"self":[{"href":"https:\/\/www.iceagetv.com\/radiosite\/wp-json\/wp\/v2\/posts\/40134","targetHints":{"allow":["GET"]}}],"collection":[{"href":"https:\/\/www.iceagetv.com\/radiosite\/wp-json\/wp\/v2\/posts"}],"about":[{"href":"https:\/\/www.iceagetv.com\/radiosite\/wp-json\/wp\/v2\/types\/post"}],"author":[{"embeddable":true,"href":"https:\/\/www.iceagetv.com\/radiosite\/wp-json\/wp\/v2\/users\/2"}],"replies":[{"embeddable":true,"href":"https:\/\/www.iceagetv.com\/radiosite\/wp-json\/wp\/v2\/comments?post=40134"}],"version-history":[{"count":1,"href":"https:\/\/www.iceagetv.com\/radiosite\/wp-json\/wp\/v2\/posts\/40134\/revisions"}],"predecessor-version":[{"id":40136,"href":"https:\/\/www.iceagetv.com\/radiosite\/wp-json\/wp\/v2\/posts\/40134\/revisions\/40136"}],"wp:featuredmedia":[{"embeddable":true,"href":"https:\/\/www.iceagetv.com\/radiosite\/wp-json\/wp\/v2\/media\/40135"}],"wp:attachment":[{"href":"https:\/\/www.iceagetv.com\/radiosite\/wp-json\/wp\/v2\/media?parent=40134"}],"wp:term":[{"taxonomy":"category","embeddable":true,"href":"https:\/\/www.iceagetv.com\/radiosite\/wp-json\/wp\/v2\/categories?post=40134"},{"taxonomy":"post_tag","embeddable":true,"href":"https:\/\/www.iceagetv.com\/radiosite\/wp-json\/wp\/v2\/tags?post=40134"}],"curies":[{"name":"wp","href":"https:\/\/api.w.org\/{rel}","templated":true}]}}