{"id":40142,"date":"2025-11-28T10:32:31","date_gmt":"2025-11-28T09:32:31","guid":{"rendered":"https:\/\/www.iceagetv.com\/radiosite\/?p=40142"},"modified":"2025-11-28T10:32:34","modified_gmt":"2025-11-28T09:32:34","slug":"dijon-laurent-nunez-annonce-que-lun-des-detenus-evades-de-prison-a-ete-interpelle-dans-un-bar-en-saone-et-loire","status":"publish","type":"post","link":"https:\/\/www.iceagetv.com\/radiosite\/dijon-laurent-nunez-annonce-que-lun-des-detenus-evades-de-prison-a-ete-interpelle-dans-un-bar-en-saone-et-loire\/","title":{"rendered":"Dijon: Laurent Nu\u00f1ez annonce que l&rsquo;un des d\u00e9tenus \u00e9vad\u00e9s de prison a \u00e9t\u00e9 interpell\u00e9 dans un bar en Sa\u00f4ne-et-Loire"},"content":{"rendered":"\n<p class=\"\">Deux d\u00e9tenus se sont \u00e9vad\u00e9s ce jeudi 27 novembre de la prison de Dijon, apr\u00e8s avoir sci\u00e9 les barreaux de leur cellule et utilis\u00e9 des draps. L&rsquo;un d&rsquo;eux a \u00e9t\u00e9 interpell\u00e9 ce vendredi matin.<\/p>\n\n\n\n<p class=\"\">Un des<a href=\"https:\/\/www.bfmtv.com\/police-justice\/violences-aggravees-sur-conjointe-tentative-d-assassinat-qui-sont-les-deux-detenus-qui-se-sont-evades-de-la-prison-de-dijon_AV-202511270467.html\">&nbsp;deux d\u00e9tenus \u00e9vad\u00e9s de la prison de Dijon<\/a>, jeudi, a \u00e9t\u00e9 interpell\u00e9 ce vendredi 28 novembre par la BRI et la police judiciaire de Dijon, a annonc\u00e9 le ministre de l&rsquo;Int\u00e9rieur Laurent Nu\u00f1ez sur X.<\/p>\n\n\n\n<p class=\"\">Selon une source proche de l&rsquo;enqu\u00eate \u00e0 BFMTV, le d\u00e9tenu arr\u00eat\u00e9 est celui \u00e2g\u00e9 de 32 ans, \u00e9crou\u00e9 depuis avril 2023 pour \u00ab\u00a0des menaces et violences habituelles aggrav\u00e9es sur conjointe\u00a0\u00bb. Il a \u00e9t\u00e9 interpell\u00e9 dans un bar dans la commune de Bey en Sa\u00f4ne-et-Loire, \u00e0 8h30.Le deuxi\u00e8me d\u00e9tenu toujours en fuite<\/p>\n\n\n\n<p class=\"\">Jeudi 27 novembre, deux d\u00e9tenus se sont \u00e9vad\u00e9s de la prison de Dijon apr\u00e8s avoir sci\u00e9 les barreaux de leur cellule et pris la fuite \u00e0 l&rsquo;aide de draps. Selon une source p\u00e9nitentiaire \u00e0 BFMTV, le personnel de la maison d&rsquo;arr\u00eat a constat\u00e9 cette double \u00e9vasion vers 7 heures du matin, au moment du contr\u00f4le des effectifs.<\/p>\n\n\n\n<p class=\"\">Une enqu\u00eate de flagrance a \u00e9t\u00e9 ouverte, du chef \u00ab\u00a0d&rsquo;\u00e9vasions en bande organis\u00e9e\u00a0\u00bb, men\u00e9e par la division de la criminalit\u00e9 organis\u00e9e et sp\u00e9cialis\u00e9e (DCOS) de la direction interd\u00e9partementale de la police nationale (DIPN).<\/p>\n\n\n\n<p class=\"\">Contact\u00e9 par BFMTV ce vendredi matin, le parquet de Dijon a tenu \u00e0 saluer le travail effectu\u00e9 en 24 heures par les services d\u2019enqu\u00eate et pr\u00e9cise que \u00ab\u00a0tous les moyens restent mobilis\u00e9s pour parvenir \u00e0 l\u2019interpellation de la seconde personne en fuite\u00a0\u00bb.<\/p>\n\n\n\n<p class=\"\">Cet homme, \u00e2g\u00e9 de 19 ans et \u00e9crou\u00e9 depuis octobre 2024, est mis en examen pour&nbsp;des \u00ab\u00a0faits de tentative d&rsquo;assassinat&nbsp;et association de malfaiteurs\u00a0\u00bb. D&rsquo;apr\u00e8s les informations de BFMTV, il est li\u00e9 \u00e0 la criminalit\u00e9 organis\u00e9e.<\/p>\n","protected":false},"excerpt":{"rendered":"<p>Deux d\u00e9tenus se sont \u00e9vad\u00e9s ce jeudi 27 novembre de la prison de Dijon, apr\u00e8s avoir sci\u00e9 les barreaux de leur cellule et utilis\u00e9 des draps. L&rsquo;un d&rsquo;eux a \u00e9t\u00e9 interpell\u00e9 ce vendredi matin. Un des&nbsp;deux d\u00e9tenus \u00e9vad\u00e9s de la prison de Dijon, jeudi, a \u00e9t\u00e9 interpell\u00e9 ce vendredi 28 novembre par la BRI et [&hellip;]<\/p>\n","protected":false},"author":2,"featured_media":40143,"comment_status":"open","ping_status":"open","sticky":false,"template":"","format":"standard","meta":{"_jetpack_memberships_contains_paid_content":false,"footnotes":"","jetpack_publicize_message":"","jetpack_publicize_feature_enabled":true,"jetpack_social_post_already_shared":true,"jetpack_social_options":{"image_generator_settings":{"template":"highway","default_image_id":0,"font":"","enabled":true,"token":"eyJpbWciOiJodHRwczpcL1wvd3d3LmljZWFnZXR2LmNvbVwvcmFkaW9zaXRlXC93cC1jb250ZW50XC91cGxvYWRzXC8yMDI1XC8xMVwvTGF1cmVudC1OdW5lei1hbm5vbmNlLXF1ZS1sdW4tZGVzLWRldGVudXMtZXZhZGVzLWRlLXByaXNvbi1hLWV0ZS1pbnRlcnBlbGxlLWRhbnMtdW4tYmFyLWVuLVNhb25lLWV0LUxvaXJlLmpwZyIsInR4dCI6IkRpam9uOiBMYXVyZW50IE51XHUwMGYxZXogYW5ub25jZSBxdWUgbCYjODIxNzt1biBkZXMgZFx1MDBlOXRlbnVzIFx1MDBlOXZhZFx1MDBlOXMgZGUgcHJpc29uIGEgXHUwMGU5dFx1MDBlOSBpbnRlcnBlbGxcdTAwZTkgZGFucyB1biBiYXIgZW4gU2FcdTAwZjRuZS1ldC1Mb2lyZSIsInRlbXBsYXRlIjoiaGlnaHdheSIsImZvbnQiOiIiLCJibG9nX2lkIjoxMTEwMTY0NjF9.J0P55cGYpmfCfYAgRKfAZsRFNt9zrb-1hD4y3KbNTSoMQ"},"version":2},"_wpas_customize_per_network":false},"categories":[405],"tags":[],"class_list":["post-40142","post","type-post","status-publish","format-standard","has-post-thumbnail","hentry","category-actu-france-monde"],"jetpack_publicize_connections":[],"jetpack_featured_media_url":"https:\/\/i0.wp.com\/www.iceagetv.com\/radiosite\/wp-content\/uploads\/2025\/11\/Laurent-Nunez-annonce-que-lun-des-detenus-evades-de-prison-a-ete-interpelle-dans-un-bar-en-Saone-et-Loire.jpg?fit=732%2C388&ssl=1","jetpack_sharing_enabled":true,"_links":{"self":[{"href":"https:\/\/www.iceagetv.com\/radiosite\/wp-json\/wp\/v2\/posts\/40142","targetHints":{"allow":["GET"]}}],"collection":[{"href":"https:\/\/www.iceagetv.com\/radiosite\/wp-json\/wp\/v2\/posts"}],"about":[{"href":"https:\/\/www.iceagetv.com\/radiosite\/wp-json\/wp\/v2\/types\/post"}],"author":[{"embeddable":true,"href":"https:\/\/www.iceagetv.com\/radiosite\/wp-json\/wp\/v2\/users\/2"}],"replies":[{"embeddable":true,"href":"https:\/\/www.iceagetv.com\/radiosite\/wp-json\/wp\/v2\/comments?post=40142"}],"version-history":[{"count":1,"href":"https:\/\/www.iceagetv.com\/radiosite\/wp-json\/wp\/v2\/posts\/40142\/revisions"}],"predecessor-version":[{"id":40144,"href":"https:\/\/www.iceagetv.com\/radiosite\/wp-json\/wp\/v2\/posts\/40142\/revisions\/40144"}],"wp:featuredmedia":[{"embeddable":true,"href":"https:\/\/www.iceagetv.com\/radiosite\/wp-json\/wp\/v2\/media\/40143"}],"wp:attachment":[{"href":"https:\/\/www.iceagetv.com\/radiosite\/wp-json\/wp\/v2\/media?parent=40142"}],"wp:term":[{"taxonomy":"category","embeddable":true,"href":"https:\/\/www.iceagetv.com\/radiosite\/wp-json\/wp\/v2\/categories?post=40142"},{"taxonomy":"post_tag","embeddable":true,"href":"https:\/\/www.iceagetv.com\/radiosite\/wp-json\/wp\/v2\/tags?post=40142"}],"curies":[{"name":"wp","href":"https:\/\/api.w.org\/{rel}","templated":true}]}}