{"id":40174,"date":"2025-11-29T17:29:08","date_gmt":"2025-11-29T16:29:08","guid":{"rendered":"https:\/\/www.iceagetv.com\/radiosite\/?p=40174"},"modified":"2025-11-29T17:29:11","modified_gmt":"2025-11-29T16:29:11","slug":"jordan-bardella-agresse-par-un-homme-qui-sest-jete-sur-lui-lors-dune-seance-de-dedicaces-a-moissac-dans-le-tarn-le-president-du-rn-a-ete-evacue-et-mis-a-labri-par-la-securite","status":"publish","type":"post","link":"https:\/\/www.iceagetv.com\/radiosite\/jordan-bardella-agresse-par-un-homme-qui-sest-jete-sur-lui-lors-dune-seance-de-dedicaces-a-moissac-dans-le-tarn-le-president-du-rn-a-ete-evacue-et-mis-a-labri-par-la-securite\/","title":{"rendered":"Jordan Bardella agress\u00e9 par un homme qui s&rsquo;est jet\u00e9 sur lui lors d&rsquo;une s\u00e9ance de d\u00e9dicaces \u00e0 Moissac dans le Tarn &#8211; Le Pr\u00e9sident du RN a \u00e9t\u00e9 \u00e9vacu\u00e9 et mis \u00e0 l&rsquo;abri par la s\u00e9curit\u00e9"},"content":{"rendered":"\n<p class=\"\"><strong>&nbsp;L&rsquo;agression de Jordan Bardella cet apr\u00e8s-midi est la deuxi\u00e8me en quelques jours<\/strong>&nbsp;puisque en d\u00e9but de semaine Jordan Bardella a \u00e9t\u00e9 enfarin\u00e9 \u00e0 la foire de la Sainte-Catherine \u00e0 Vesoul, en Haute-Sa\u00f4ne, alors qu\u2019il d\u00e9ambulait parmi les stands. Un lyc\u00e9en de 17 ans a lanc\u00e9 de la farine sur le pr\u00e9sident du Rassemblement national, avant d\u2019\u00eatre interpell\u00e9 et plac\u00e9 en garde \u00e0 vue pour outrage \u00e0 personne d\u00e9positaire de l\u2019autorit\u00e9 publique.<\/p>\n\n\n\n<p class=\"\">Le geste s\u2019est produit alors que Bardella se trouvait devant le stand de la Coordination rurale. Un t\u00e9moin a pr\u00e9cis\u00e9 que l\u2019action n\u2019a pas seulement touch\u00e9 le responsable politique : \u00ab on a tous pris de la farine, on \u00e9tait une dizaine de personnes \u00e0 \u00eatre enfarin\u00e9es \u00bb. Parmi les personnes \u00e9clabouss\u00e9es, figure Thierry L\u00e9gier, garde du corps de longue date de plusieurs dirigeants du RN.\u00a0<strong>La direction du Rassemblement national, contact\u00e9e par le JDD, assure que Jordan Bardella \u00ab va bien.<\/strong>L&rsquo;information est r\u00e9v\u00e9l\u00e9e par le Journal du Dimanche qui apporte des pr\u00e9cisions sur cette agression :<\/p>\n\n\n\n<p class=\"\">\u00ab\u00a0Le pr\u00e9sident du Rassemblement national, venu pr\u00e9senter son livre au Hall de Paris, venait d\u2019entamer la rencontre avec ses lecteurs lorsqu\u2019un individu s\u2019est jet\u00e9 sur lui, selon des sources polici\u00e8res. L\u2019homme a \u00e9t\u00e9 imm\u00e9diatement ma\u00eetris\u00e9 par la s\u00e9curit\u00e9 puis interpell\u00e9 et plac\u00e9 en garde \u00e0 vue.<\/p>\n\n\n\n<p class=\"\">Selon plusieurs t\u00e9moins, l\u2019agression s\u2019est d\u00e9roul\u00e9e en quelques secondes, sans la moindre altercation pr\u00e9alable. L\u2019individu aurait quitt\u00e9 la file d\u2019attente pour se jeter sur le pr\u00e9sident du RN.\u00a0\u00bb<\/p>\n\n\n\n<p class=\"\">Selon les premi\u00e8res informations, cet homme avait r\u00e9ussi \u00e0 s&rsquo;approcher du Pr\u00e9sident du RN,\u00a0apr\u00e8s avoir \u00e9t\u00e9 aper\u00e7u quelques minutes plus t\u00f4t au sein d\u2019un cort\u00e8ge antifasciste rassemblant une centaine de militants venus protester contre la venue de Jordan Bardella<strong>Jordan Bardella agress\u00e9 par un homme qui s&rsquo;est jet\u00e9 sur lui lors d&rsquo;une s\u00e9ance de d\u00e9dicaces \u00e0 Moissac dans le Tarn. Le Pr\u00e9sident du RN a \u00e9t\u00e9 \u00e9vacu\u00e9 et mis \u00e0 l&rsquo;abri par la s\u00e9curit\u00e9. (JDD)<\/strong><\/p>\n","protected":false},"excerpt":{"rendered":"<p>&nbsp;L&rsquo;agression de Jordan Bardella cet apr\u00e8s-midi est la deuxi\u00e8me en quelques jours&nbsp;puisque en d\u00e9but de semaine Jordan Bardella a \u00e9t\u00e9 enfarin\u00e9 \u00e0 la foire de la Sainte-Catherine \u00e0 Vesoul, en Haute-Sa\u00f4ne, alors qu\u2019il d\u00e9ambulait parmi les stands. Un lyc\u00e9en de 17 ans a lanc\u00e9 de la farine sur le pr\u00e9sident du Rassemblement national, avant d\u2019\u00eatre [&hellip;]<\/p>\n","protected":false},"author":2,"featured_media":40175,"comment_status":"open","ping_status":"open","sticky":false,"template":"","format":"standard","meta":{"_jetpack_memberships_contains_paid_content":false,"footnotes":"","jetpack_publicize_message":"","jetpack_publicize_feature_enabled":true,"jetpack_social_post_already_shared":true,"jetpack_social_options":{"image_generator_settings":{"template":"highway","default_image_id":0,"font":"","enabled":true,"token":"eyJpbWciOiJodHRwczpcL1wvd3d3LmljZWFnZXR2LmNvbVwvcmFkaW9zaXRlXC93cC1jb250ZW50XC91cGxvYWRzXC8yMDI1XC8xMVwvbWdYSEl4UWguanBnIiwidHh0IjoiSm9yZGFuIEJhcmRlbGxhIGFncmVzc1x1MDBlOSBwYXIgdW4gaG9tbWUgcXVpIHMmIzgyMTc7ZXN0IGpldFx1MDBlOSBzdXIgbHVpIGxvcnMgZCYjODIxNzt1bmUgc1x1MDBlOWFuY2UgZGUgZFx1MDBlOWRpY2FjZXMgXHUwMGUwIE1vaXNzYWMgZGFucyBsZSBUYXJuICYjODIxMTsgTGUgUHJcdTAwZTlzaWRlbnQgZHUgUk4gYSBcdTAwZTl0XHUwMGU5IFx1MDBlOXZhY3VcdTAwZTkgZXQgbWlzIFx1MDBlMCBsJiM4MjE3O2FicmkgcGFyIGxhIHNcdTAwZTljdXJpdFx1MDBlOSIsInRlbXBsYXRlIjoiaGlnaHdheSIsImZvbnQiOiIiLCJibG9nX2lkIjoxMTEwMTY0NjF9.cHvRorOoWnp23321jyl0QnEuZNJJXKBncsqnhYEQ2EcMQ"},"version":2},"_wpas_customize_per_network":false},"categories":[405],"tags":[],"class_list":["post-40174","post","type-post","status-publish","format-standard","has-post-thumbnail","hentry","category-actu-france-monde"],"jetpack_publicize_connections":[],"jetpack_featured_media_url":"https:\/\/i0.wp.com\/www.iceagetv.com\/radiosite\/wp-content\/uploads\/2025\/11\/mgXHIxQh.jpg?fit=679%2C293&ssl=1","jetpack_sharing_enabled":true,"_links":{"self":[{"href":"https:\/\/www.iceagetv.com\/radiosite\/wp-json\/wp\/v2\/posts\/40174","targetHints":{"allow":["GET"]}}],"collection":[{"href":"https:\/\/www.iceagetv.com\/radiosite\/wp-json\/wp\/v2\/posts"}],"about":[{"href":"https:\/\/www.iceagetv.com\/radiosite\/wp-json\/wp\/v2\/types\/post"}],"author":[{"embeddable":true,"href":"https:\/\/www.iceagetv.com\/radiosite\/wp-json\/wp\/v2\/users\/2"}],"replies":[{"embeddable":true,"href":"https:\/\/www.iceagetv.com\/radiosite\/wp-json\/wp\/v2\/comments?post=40174"}],"version-history":[{"count":1,"href":"https:\/\/www.iceagetv.com\/radiosite\/wp-json\/wp\/v2\/posts\/40174\/revisions"}],"predecessor-version":[{"id":40176,"href":"https:\/\/www.iceagetv.com\/radiosite\/wp-json\/wp\/v2\/posts\/40174\/revisions\/40176"}],"wp:featuredmedia":[{"embeddable":true,"href":"https:\/\/www.iceagetv.com\/radiosite\/wp-json\/wp\/v2\/media\/40175"}],"wp:attachment":[{"href":"https:\/\/www.iceagetv.com\/radiosite\/wp-json\/wp\/v2\/media?parent=40174"}],"wp:term":[{"taxonomy":"category","embeddable":true,"href":"https:\/\/www.iceagetv.com\/radiosite\/wp-json\/wp\/v2\/categories?post=40174"},{"taxonomy":"post_tag","embeddable":true,"href":"https:\/\/www.iceagetv.com\/radiosite\/wp-json\/wp\/v2\/tags?post=40174"}],"curies":[{"name":"wp","href":"https:\/\/api.w.org\/{rel}","templated":true}]}}