{"id":40184,"date":"2025-11-29T21:13:11","date_gmt":"2025-11-29T20:13:11","guid":{"rendered":"https:\/\/www.iceagetv.com\/radiosite\/?p=40184"},"modified":"2025-11-29T21:13:15","modified_gmt":"2025-11-29T20:13:15","slug":"il-faut-que-lapprovisionnement-soit-fluide-les-pharmaciens-alertent-sur-un-risque-de-penurie-de-vaccins-contre-la-grippe-le-gouvernement-debloque-des-stocks","status":"publish","type":"post","link":"https:\/\/www.iceagetv.com\/radiosite\/il-faut-que-lapprovisionnement-soit-fluide-les-pharmaciens-alertent-sur-un-risque-de-penurie-de-vaccins-contre-la-grippe-le-gouvernement-debloque-des-stocks\/","title":{"rendered":"Il faut que l&rsquo;approvisionnement soit fluide\u00a0\u00bb : les pharmaciens alertent sur un risque de p\u00e9nurie de vaccins contre la grippe, le gouvernement d\u00e9bloque des stocks"},"content":{"rendered":"\n<p class=\"\">Le gouvernement a annonc\u00e9, ce samedi 29 novembre, qu&rsquo;il allait d\u00e9bloquer des doses suppl\u00e9mentaires de vaccins contre la grippe, face \u00e0 l&rsquo;inqui\u00e9tude de pharmaciens qui craignent de ne pas en disposer assez au moment o\u00f9 l&rsquo;\u00e9pid\u00e9mie semble sur le point de commencer dans l&rsquo;Hexagone. Au micro de RTL, Pierre Olivier Variot, pr\u00e9sident de l&rsquo;Union de syndicats de pharmaciens d&rsquo;officine, se f\u00e9licite de cette d\u00e9cision et plaide pour un approvisionnement \u00ab\u00a0efficient\u00a0\u00bb.Face \u00e0 la flamb\u00e9e des cas de grippe dans l&rsquo;Hexagone, le gouvernement a annonc\u00e9 le d\u00e9blocage de doses suppl\u00e9mentaires de vaccins. \u00ab\u00a0Pour accompagner la p\u00e9riode des f\u00eates et \u00e9viter toute tension, nous lib\u00e9rerons progressivement les doses suppl\u00e9mentaires d\u00e9j\u00e0 s\u00e9curis\u00e9es\u00a0\u00bb, a \u00e9crit sur les r\u00e9seaux sociaux ce samedi 29 novembre la ministre de la Sant\u00e9 St\u00e9phanie Rist.Une r\u00e9ponse \u00e0 la demande l&rsquo;une des deux principales organisations de pharmaciens, l&rsquo;Union des syndicats de pharmacies d&rsquo;officine (Uspo), qui alertait sur un risque de p\u00e9nurie et des pharmacies ayant du mal \u00e0 trouver des vaccins \u00e0 administrer. \u00ab\u00a0La vaccination, ce n&rsquo;est pas quelque chose qui se projette. C&rsquo;est-\u00e0-dire que les gens, ils ont envie de se faire vacciner, c&rsquo;est maintenant, c&rsquo;est tout de suite\u00a0\u00bb, a expliqu\u00e9 \u00e0 RTL Pierre Olivier Variot, pr\u00e9sident de l&rsquo;UspoPlus de doses vendues que l&rsquo;ann\u00e9e derni\u00e8reLa campagne actuelle de vaccination, entam\u00e9e mi-octobre, semble bien d\u00e9marrer. Le nombre de doses vendues par les pharmacies est sup\u00e9rieur \u00e0 celui de la m\u00eame \u00e9poque l&rsquo;an dernier, une saison qui avait finalement \u00e9t\u00e9 marqu\u00e9e par une \u00e9pid\u00e9mie tr\u00e8s s\u00e9v\u00e8re, selon des donn\u00e9es transmises en d\u00e9but de semaine par la direction g\u00e9n\u00e9rale de la Sant\u00e9<\/p>\n","protected":false},"excerpt":{"rendered":"<p>Le gouvernement a annonc\u00e9, ce samedi 29 novembre, qu&rsquo;il allait d\u00e9bloquer des doses suppl\u00e9mentaires de vaccins contre la grippe, face \u00e0 l&rsquo;inqui\u00e9tude de pharmaciens qui craignent de ne pas en disposer assez au moment o\u00f9 l&rsquo;\u00e9pid\u00e9mie semble sur le point de commencer dans l&rsquo;Hexagone. Au micro de RTL, Pierre Olivier Variot, pr\u00e9sident de l&rsquo;Union de [&hellip;]<\/p>\n","protected":false},"author":2,"featured_media":40185,"comment_status":"open","ping_status":"open","sticky":false,"template":"","format":"standard","meta":{"_jetpack_memberships_contains_paid_content":false,"footnotes":"","jetpack_publicize_message":"","jetpack_publicize_feature_enabled":true,"jetpack_social_post_already_shared":true,"jetpack_social_options":{"image_generator_settings":{"template":"highway","default_image_id":0,"font":"","enabled":true,"token":"eyJpbWciOiJodHRwczpcL1wvd3d3LmljZWFnZXR2LmNvbVwvcmFkaW9zaXRlXC93cC1jb250ZW50XC91cGxvYWRzXC8yMDI1XC8xMVwvMTU1MjQ5OC11bi12YWNjaW4tY29udHJlLWxhLWdyaXBwZS1pbGx1c3RyYXRpb24tMTAyNHg2ODIuanBnIiwidHh0IjoiSWwgZmF1dCBxdWUgbCYjODIxNzthcHByb3Zpc2lvbm5lbWVudCBzb2l0IGZsdWlkZSYjODIyMTsgOiBsZXMgcGhhcm1hY2llbnMgYWxlcnRlbnQgc3VyIHVuIHJpc3F1ZSBkZSBwXHUwMGU5bnVyaWUgZGUgdmFjY2lucyBjb250cmUgbGEgZ3JpcHBlLCBsZSBnb3V2ZXJuZW1lbnQgZFx1MDBlOWJsb3F1ZSBkZXMgc3RvY2tzIiwidGVtcGxhdGUiOiJoaWdod2F5IiwiZm9udCI6IiIsImJsb2dfaWQiOjExMTAxNjQ2MX0.iwE-TRYSJR4YeZFmfkhEz5KDm3HtjVI24Y9h6CrzFp4MQ"},"version":2},"_wpas_customize_per_network":false},"categories":[405],"tags":[],"class_list":["post-40184","post","type-post","status-publish","format-standard","has-post-thumbnail","hentry","category-actu-france-monde"],"jetpack_publicize_connections":[],"jetpack_featured_media_url":"https:\/\/i0.wp.com\/www.iceagetv.com\/radiosite\/wp-content\/uploads\/2025\/11\/1552498-un-vaccin-contre-la-grippe-illustration.jpg?fit=1540%2C1026&ssl=1","jetpack_sharing_enabled":true,"_links":{"self":[{"href":"https:\/\/www.iceagetv.com\/radiosite\/wp-json\/wp\/v2\/posts\/40184","targetHints":{"allow":["GET"]}}],"collection":[{"href":"https:\/\/www.iceagetv.com\/radiosite\/wp-json\/wp\/v2\/posts"}],"about":[{"href":"https:\/\/www.iceagetv.com\/radiosite\/wp-json\/wp\/v2\/types\/post"}],"author":[{"embeddable":true,"href":"https:\/\/www.iceagetv.com\/radiosite\/wp-json\/wp\/v2\/users\/2"}],"replies":[{"embeddable":true,"href":"https:\/\/www.iceagetv.com\/radiosite\/wp-json\/wp\/v2\/comments?post=40184"}],"version-history":[{"count":1,"href":"https:\/\/www.iceagetv.com\/radiosite\/wp-json\/wp\/v2\/posts\/40184\/revisions"}],"predecessor-version":[{"id":40186,"href":"https:\/\/www.iceagetv.com\/radiosite\/wp-json\/wp\/v2\/posts\/40184\/revisions\/40186"}],"wp:featuredmedia":[{"embeddable":true,"href":"https:\/\/www.iceagetv.com\/radiosite\/wp-json\/wp\/v2\/media\/40185"}],"wp:attachment":[{"href":"https:\/\/www.iceagetv.com\/radiosite\/wp-json\/wp\/v2\/media?parent=40184"}],"wp:term":[{"taxonomy":"category","embeddable":true,"href":"https:\/\/www.iceagetv.com\/radiosite\/wp-json\/wp\/v2\/categories?post=40184"},{"taxonomy":"post_tag","embeddable":true,"href":"https:\/\/www.iceagetv.com\/radiosite\/wp-json\/wp\/v2\/tags?post=40184"}],"curies":[{"name":"wp","href":"https:\/\/api.w.org\/{rel}","templated":true}]}}