{"id":40216,"date":"2025-12-01T13:00:28","date_gmt":"2025-12-01T12:00:28","guid":{"rendered":"https:\/\/www.iceagetv.com\/radiosite\/?p=40216"},"modified":"2025-12-01T13:00:31","modified_gmt":"2025-12-01T12:00:31","slug":"cedric-jubillar-dechu-de-toute-autorite-parentale-un-mois-et-demi-apres-avoir-ete-condamne-a-30-ans-de-reclusion-criminelle-pour-le-meurtre-de-sa-femme-delphine","status":"publish","type":"post","link":"https:\/\/www.iceagetv.com\/radiosite\/cedric-jubillar-dechu-de-toute-autorite-parentale-un-mois-et-demi-apres-avoir-ete-condamne-a-30-ans-de-reclusion-criminelle-pour-le-meurtre-de-sa-femme-delphine\/","title":{"rendered":"C\u00e9dric Jubillar d\u00e9chu de toute autorit\u00e9 parentale, un mois et demi apr\u00e8s avoir \u00e9t\u00e9 condamn\u00e9 \u00e0 30 ans de r\u00e9clusion criminelle pour le meurtre de sa femme Delphine"},"content":{"rendered":"\n<p class=\"\">C\u00e9dric Jubillar s\u2019est vu retirer son autorit\u00e9 parentale sur ses deux enfants, lundi \u00e0 Albi, apr\u00e8s sa condamnation \u00e0 trente ans de r\u00e9clusion criminelle pour le meurtre de son \u00e9pouse Delphine, a-t-on appris aupr\u00e8s de Laurent de Caunes, avocat de parties civiles.<\/p>\n\n\n\n<p class=\"\">La Cour d\u2019assises du Tarn, statuant sur les int\u00e9r\u00eats civils, \u00ab&nbsp;ordonne le retrait total de l\u2019autorit\u00e9 parentale de M. Jubillar C\u00e9dric sur son fils mineur Jubillar Louis (&#8230;) et sa fille mineure Jubillar Elyah&nbsp;\u00bb, selon le texte de l\u2019arr\u00eat civil obtenu par l\u2019AFP lundi.<\/p>\n\n\n\n<p class=\"\">Apr\u00e8s la disparition de leur m\u00e8re dans la nuit du 15 au 16 d\u00e9cembre 2020, les enfants du couple, Louis et Elyah, \u00e2g\u00e9s aujourd\u2019hui respectivement de 11 et six ans, ont \u00e9t\u00e9 confi\u00e9s \u00e0 leur tante maternelle, repr\u00e9sent\u00e9e par Me de Caunes, qui a annonc\u00e9 la d\u00e9cision \u00e0 l\u2019AFP par SMS.<\/p>\n\n\n\n<p class=\"\">Lors des quatre semaines d\u2019un proc\u00e8s hors normes, de nombreux t\u00e9moins ont attest\u00e9 \u00e0 la barre des violences physiques et psychologiques &#8211; gifles, mise au coin \u00e0 genoux sur des Lego, insultes&#8230; &#8211; commises par C\u00e9dric Jubillar contre son fils.<\/p>\n\n\n\n<p class=\"\">Lors de l\u2019audience civile qui a suivi le verdict, Mes Malika Chmani et Laurent Boguet, les avocats repr\u00e9sentant les int\u00e9r\u00eats des deux enfants du couple, ont donc demand\u00e9 \u00e0 ce que le p\u00e8re soit d\u00e9chu de son autorit\u00e9 parentale, \u00ab&nbsp;suite logique&nbsp;\u00bb, selon Me Chmani.<\/p>\n\n\n\n<p class=\"\">Selon l\u2019article 378 du Code civil, un parent condamn\u00e9 pour un crime contre l\u2019autre parent sera d\u00e9chu de son autorit\u00e9 parentale, sauf d\u00e9cision contraire sp\u00e9cialement motiv\u00e9e. La privation des droits parentaux retire tout droit de d\u00e9cision relatif \u00e0 l\u2019enfant, concernant par exemple son \u00e9ducation ou sa sant\u00e9.<\/p>\n\n\n\n<p class=\"\">\u00ab&nbsp;Dans des proc\u00e8s similaires o\u00f9 le papa a tu\u00e9 la maman &#8211; la pire des choses &#8211; en g\u00e9n\u00e9ral la cour prononce automatiquement le retrait de l\u2019autorit\u00e9 parentale&nbsp;\u00bb, avait d\u00e9taill\u00e9 Me Chmani \u00e0 l\u2019AFP.<\/p>\n\n\n\n<p class=\"\">\u00ab&nbsp;C\u2019est logique aussi par rapport \u00e0 son attitude, l\u2019absence de remise en question par rapport \u00e0 ses enfants&nbsp;\u00bb, avait poursuivi l\u2019avocate.<\/p>\n\n\n\n<p class=\"\">\u00ab&nbsp;J\u2019\u00e9tais pas un bon p\u00e8re, j\u2019en ai conscience&nbsp;\u00bb, avait reconnu C\u00e9dric Jubillar, qui porte le nom de son fils tatou\u00e9 dans le cou, mais avait expliqu\u00e9 au premier jour du proc\u00e8s avoir \u00ab&nbsp;reproduit le sch\u00e9ma&nbsp;\u00bb subi aupr\u00e8s de son beau-p\u00e8re, pendant son enfance.<\/p>\n","protected":false},"excerpt":{"rendered":"<p>C\u00e9dric Jubillar s\u2019est vu retirer son autorit\u00e9 parentale sur ses deux enfants, lundi \u00e0 Albi, apr\u00e8s sa condamnation \u00e0 trente ans de r\u00e9clusion criminelle pour le meurtre de son \u00e9pouse Delphine, a-t-on appris aupr\u00e8s de Laurent de Caunes, avocat de parties civiles. La Cour d\u2019assises du Tarn, statuant sur les int\u00e9r\u00eats civils, \u00ab&nbsp;ordonne le retrait [&hellip;]<\/p>\n","protected":false},"author":2,"featured_media":40217,"comment_status":"open","ping_status":"open","sticky":false,"template":"","format":"standard","meta":{"_jetpack_memberships_contains_paid_content":false,"footnotes":"","jetpack_publicize_message":"","jetpack_publicize_feature_enabled":true,"jetpack_social_post_already_shared":true,"jetpack_social_options":{"image_generator_settings":{"template":"highway","default_image_id":0,"font":"","enabled":true,"token":"eyJpbWciOiJodHRwczpcL1wvd3d3LmljZWFnZXR2LmNvbVwvcmFkaW9zaXRlXC93cC1jb250ZW50XC91cGxvYWRzXC8yMDI1XC8xMlwvWXhXM3p4a24uanBnIiwidHh0IjoiQ1x1MDBlOWRyaWMgSnViaWxsYXIgZFx1MDBlOWNodSBkZSB0b3V0ZSBhdXRvcml0XHUwMGU5IHBhcmVudGFsZSwgdW4gbW9pcyBldCBkZW1pIGFwclx1MDBlOHMgYXZvaXIgXHUwMGU5dFx1MDBlOSBjb25kYW1uXHUwMGU5IFx1MDBlMCAzMCBhbnMgZGUgclx1MDBlOWNsdXNpb24gY3JpbWluZWxsZSBwb3VyIGxlIG1ldXJ0cmUgZGUgc2EgZmVtbWUgRGVscGhpbmUiLCJ0ZW1wbGF0ZSI6ImhpZ2h3YXkiLCJmb250IjoiIiwiYmxvZ19pZCI6MTExMDE2NDYxfQ.KRZipJklVTNast0vt428PA1l61P-7i4tnACTr2Ww9qUMQ"},"version":2},"_wpas_customize_per_network":false},"categories":[405],"tags":[],"class_list":["post-40216","post","type-post","status-publish","format-standard","has-post-thumbnail","hentry","category-actu-france-monde"],"jetpack_publicize_connections":[],"jetpack_featured_media_url":"https:\/\/i0.wp.com\/www.iceagetv.com\/radiosite\/wp-content\/uploads\/2025\/12\/YxW3zxkn.jpg?fit=679%2C293&ssl=1","jetpack_sharing_enabled":true,"_links":{"self":[{"href":"https:\/\/www.iceagetv.com\/radiosite\/wp-json\/wp\/v2\/posts\/40216","targetHints":{"allow":["GET"]}}],"collection":[{"href":"https:\/\/www.iceagetv.com\/radiosite\/wp-json\/wp\/v2\/posts"}],"about":[{"href":"https:\/\/www.iceagetv.com\/radiosite\/wp-json\/wp\/v2\/types\/post"}],"author":[{"embeddable":true,"href":"https:\/\/www.iceagetv.com\/radiosite\/wp-json\/wp\/v2\/users\/2"}],"replies":[{"embeddable":true,"href":"https:\/\/www.iceagetv.com\/radiosite\/wp-json\/wp\/v2\/comments?post=40216"}],"version-history":[{"count":1,"href":"https:\/\/www.iceagetv.com\/radiosite\/wp-json\/wp\/v2\/posts\/40216\/revisions"}],"predecessor-version":[{"id":40218,"href":"https:\/\/www.iceagetv.com\/radiosite\/wp-json\/wp\/v2\/posts\/40216\/revisions\/40218"}],"wp:featuredmedia":[{"embeddable":true,"href":"https:\/\/www.iceagetv.com\/radiosite\/wp-json\/wp\/v2\/media\/40217"}],"wp:attachment":[{"href":"https:\/\/www.iceagetv.com\/radiosite\/wp-json\/wp\/v2\/media?parent=40216"}],"wp:term":[{"taxonomy":"category","embeddable":true,"href":"https:\/\/www.iceagetv.com\/radiosite\/wp-json\/wp\/v2\/categories?post=40216"},{"taxonomy":"post_tag","embeddable":true,"href":"https:\/\/www.iceagetv.com\/radiosite\/wp-json\/wp\/v2\/tags?post=40216"}],"curies":[{"name":"wp","href":"https:\/\/api.w.org\/{rel}","templated":true}]}}