{"id":40219,"date":"2025-12-01T13:39:37","date_gmt":"2025-12-01T12:39:37","guid":{"rendered":"https:\/\/www.iceagetv.com\/radiosite\/?p=40219"},"modified":"2025-12-01T13:39:40","modified_gmt":"2025-12-01T12:39:40","slug":"ledition-2026-du-festival-de-la-bande-dessinee-dangouleme-est-annulee-annoncent-les-organisateurs-elle-ne-pourra-materiellement-pas-avoir-lieu-dans-des-conditions-appropriees","status":"publish","type":"post","link":"https:\/\/www.iceagetv.com\/radiosite\/ledition-2026-du-festival-de-la-bande-dessinee-dangouleme-est-annulee-annoncent-les-organisateurs-elle-ne-pourra-materiellement-pas-avoir-lieu-dans-des-conditions-appropriees\/","title":{"rendered":"L&rsquo;\u00e9dition 2026 du festival de la bande dessin\u00e9e d&rsquo;Angoul\u00eame est annul\u00e9e, annoncent les organisateurs: \u00ab\u00a0Elle ne pourra mat\u00e9riellement pas avoir lieu dans des conditions appropri\u00e9es\u00a0\u00bb"},"content":{"rendered":"\n<p class=\"\">L&rsquo;\u00e9dition 2026 du festival de la bande dessin\u00e9e d&rsquo;Angoul\u00eame est annul\u00e9e, annoncent les organisateurs dans un communiqu\u00e9.&nbsp;<\/p>\n\n\n\n<p class=\"\">\u00abL\u2019\u00e9dition 2026 du&nbsp;Festival ne pourra mat\u00e9riellement pas avoir lieu dans des conditions appropri\u00e9es. Cette situation ne r\u00e9sulte en aucun cas d\u2019un choix de la soci\u00e9t\u00e9 9e&nbsp;Art+ dont le FIBD constitue l\u2019unique raison d\u2019\u00eatre, mais bien d\u2019une d\u00e9cision unilat\u00e9rale prise sans concertation par les financeurs publics\u00bb, expliquent les organisateurs.<\/p>\n\n\n\n<p class=\"\">Il y a quelques jours, les principales maisons d\u2019\u00e9dition de BD ont estim\u00e9 que le prochain festival d\u2019Angoul\u00eame, pr\u00e9vu fin janvier mais travers\u00e9 par la plus grave crise de son histoire, \u00ab&nbsp;ne pourra plus se tenir&nbsp;\u00bb en raison de la volont\u00e9 des auteurs de boycotter cette \u00e9dition.<\/p>\n\n\n\n<p class=\"\">Depuis la derni\u00e8re \u00e9dition du festival fin janvier, la soci\u00e9t\u00e9 9e Art+ est critiqu\u00e9e de toutes parts pour son manque de transparence, de suppos\u00e9es d\u00e9rives commerciales et le limogeage, en 2024, d\u2019une salari\u00e9e apr\u00e8s son d\u00e9p\u00f4t d\u2019une plainte pour viol.<\/p>\n\n\n\n<p class=\"\">Une r\u00e9cente reconduction de 9e Art\u00a0\u00bb pour organiser le festival apr\u00e8s 2027, \u00e0 l\u2019\u00e9ch\u00e9ance de son contrat actuel, a \u00e9t\u00e9 annul\u00e9e face au toll\u00e9 des auteurs et \u00e9diteurs, et les pouvoirs publics ont tent\u00e9, depuis, de trouver une sortie de crise pour que la prochaine \u00e9dition ait lieu fin janvier.<\/p>\n","protected":false},"excerpt":{"rendered":"<p>L&rsquo;\u00e9dition 2026 du festival de la bande dessin\u00e9e d&rsquo;Angoul\u00eame est annul\u00e9e, annoncent les organisateurs dans un communiqu\u00e9.&nbsp; \u00abL\u2019\u00e9dition 2026 du&nbsp;Festival ne pourra mat\u00e9riellement pas avoir lieu dans des conditions appropri\u00e9es. Cette situation ne r\u00e9sulte en aucun cas d\u2019un choix de la soci\u00e9t\u00e9 9e&nbsp;Art+ dont le FIBD constitue l\u2019unique raison d\u2019\u00eatre, mais bien d\u2019une d\u00e9cision unilat\u00e9rale [&hellip;]<\/p>\n","protected":false},"author":2,"featured_media":40220,"comment_status":"open","ping_status":"open","sticky":false,"template":"","format":"standard","meta":{"_jetpack_memberships_contains_paid_content":false,"footnotes":"","jetpack_publicize_message":"","jetpack_publicize_feature_enabled":true,"jetpack_social_post_already_shared":true,"jetpack_social_options":{"image_generator_settings":{"template":"highway","default_image_id":0,"font":"","enabled":true,"token":"eyJpbWciOiJodHRwczpcL1wvd3d3LmljZWFnZXR2LmNvbVwvcmFkaW9zaXRlXC93cC1jb250ZW50XC91cGxvYWRzXC8yMDI1XC8xMlwvY2MxeGtSRjEuanBnIiwidHh0IjoiTCYjODIxNztcdTAwZTlkaXRpb24gMjAyNiBkdSBmZXN0aXZhbCBkZSBsYSBiYW5kZSBkZXNzaW5cdTAwZTllIGQmIzgyMTc7QW5nb3VsXHUwMGVhbWUgZXN0IGFubnVsXHUwMGU5ZSwgYW5ub25jZW50IGxlcyBvcmdhbmlzYXRldXJzOiAmIzgyMjA7RWxsZSBuZSBwb3VycmEgbWF0XHUwMGU5cmllbGxlbWVudCBwYXMgYXZvaXIgbGlldSBkYW5zIGRlcyBjb25kaXRpb25zIGFwcHJvcHJpXHUwMGU5ZXMmIzgyMjE7IiwidGVtcGxhdGUiOiJoaWdod2F5IiwiZm9udCI6IiIsImJsb2dfaWQiOjExMTAxNjQ2MX0.D9x2oTbc-XjRwdwpmLxB2Sf2ZcxBYCVWJX02auVM_s4MQ"},"version":2},"_wpas_customize_per_network":false},"categories":[68],"tags":[],"class_list":["post-40219","post","type-post","status-publish","format-standard","has-post-thumbnail","hentry","category-actu-culturelle"],"jetpack_publicize_connections":[],"jetpack_featured_media_url":"https:\/\/i0.wp.com\/www.iceagetv.com\/radiosite\/wp-content\/uploads\/2025\/12\/cc1xkRF1.jpg?fit=679%2C293&ssl=1","jetpack_sharing_enabled":true,"_links":{"self":[{"href":"https:\/\/www.iceagetv.com\/radiosite\/wp-json\/wp\/v2\/posts\/40219","targetHints":{"allow":["GET"]}}],"collection":[{"href":"https:\/\/www.iceagetv.com\/radiosite\/wp-json\/wp\/v2\/posts"}],"about":[{"href":"https:\/\/www.iceagetv.com\/radiosite\/wp-json\/wp\/v2\/types\/post"}],"author":[{"embeddable":true,"href":"https:\/\/www.iceagetv.com\/radiosite\/wp-json\/wp\/v2\/users\/2"}],"replies":[{"embeddable":true,"href":"https:\/\/www.iceagetv.com\/radiosite\/wp-json\/wp\/v2\/comments?post=40219"}],"version-history":[{"count":1,"href":"https:\/\/www.iceagetv.com\/radiosite\/wp-json\/wp\/v2\/posts\/40219\/revisions"}],"predecessor-version":[{"id":40221,"href":"https:\/\/www.iceagetv.com\/radiosite\/wp-json\/wp\/v2\/posts\/40219\/revisions\/40221"}],"wp:featuredmedia":[{"embeddable":true,"href":"https:\/\/www.iceagetv.com\/radiosite\/wp-json\/wp\/v2\/media\/40220"}],"wp:attachment":[{"href":"https:\/\/www.iceagetv.com\/radiosite\/wp-json\/wp\/v2\/media?parent=40219"}],"wp:term":[{"taxonomy":"category","embeddable":true,"href":"https:\/\/www.iceagetv.com\/radiosite\/wp-json\/wp\/v2\/categories?post=40219"},{"taxonomy":"post_tag","embeddable":true,"href":"https:\/\/www.iceagetv.com\/radiosite\/wp-json\/wp\/v2\/tags?post=40219"}],"curies":[{"name":"wp","href":"https:\/\/api.w.org\/{rel}","templated":true}]}}