{"id":40237,"date":"2025-12-02T16:30:27","date_gmt":"2025-12-02T15:30:27","guid":{"rendered":"https:\/\/www.iceagetv.com\/radiosite\/?p=40237"},"modified":"2025-12-02T16:30:30","modified_gmt":"2025-12-02T15:30:30","slug":"le-concert-geant-du-nouvel-an-qui-etait-prevu-sur-les-champs-elysees-est-annule-cette-annee-pour-des-raisons-de-securite-a-la-demande-de-la-prefecture-de-police-de-paris","status":"publish","type":"post","link":"https:\/\/www.iceagetv.com\/radiosite\/le-concert-geant-du-nouvel-an-qui-etait-prevu-sur-les-champs-elysees-est-annule-cette-annee-pour-des-raisons-de-securite-a-la-demande-de-la-prefecture-de-police-de-paris\/","title":{"rendered":"Le concert g\u00e9ant du Nouvel An qui \u00e9tait pr\u00e9vu sur les Champs-\u00c9lys\u00e9es est annul\u00e9 cette ann\u00e9e pour des raisons de s\u00e9curit\u00e9 \u00e0 la demande de la pr\u00e9fecture de police de Paris"},"content":{"rendered":"\n<p class=\"\">Cette ann\u00e9e, le soir du 31 d\u00e9cembre, l&rsquo;heure ne sera pas forc\u00e9ment \u00e0 la f\u00eate sur les Champs-Elys\u00e9es.<\/p>\n\n\n\n<p class=\"\">Selon&nbsp;<a href=\"https:\/\/www.franceinfo.fr\/monde\/nouvel-an-2025\/reveillon-du-31-decembre-il-n-y-aura-pas-de-concert-sur-les-champs-elysees-a-paris-cette-annee-pour-minimiser-les-risques_7651964.html\" target=\"_blank\" rel=\"noreferrer noopener\">France Info<\/a>, pour des raisons de s\u00e9curit\u00e9, le concert du r\u00e9veillon a \u00e9t\u00e9 annul\u00e9, tout comme les deux derni\u00e8res ann\u00e9es.&nbsp;<\/p>\n\n\n\n<p class=\"\">Parmi les peurs \u00e9voqu\u00e9es par les autorit\u00e9s, les mouvements de foule li\u00e9e \u00e0 l&rsquo;affluence. \u00ab\u00a0L\u2019an dernier, on a eu plus de frayeurs en deux heures de r\u00e9veillon sur les Champs qu\u2019en trois semaines de Jeux Olympiques\u00a0\u00bb, confie un commissaire de police parisien \u00e0 nos confr\u00e8res.<\/p>\n\n\n\n<p class=\"\">Selon plusieurs sources concordantes, la pr\u00e9fecture de police \u00ab\u00a0a demand\u00e9 \u00e0 la mairie de Paris de renoncer au concert cette ann\u00e9e, pour minimiser les risques et \u00e9viter les regroupements au maximum dans une soir\u00e9e qui voit traditionnellement jusqu\u2019\u00e0 un million de personnes se promener sur les Champs-Elys\u00e9es et les art\u00e8res voisines.\u00a0\u00bb, peut-on lire.<\/p>\n\n\n\n<p class=\"\">La demande a \u00e9t\u00e9 accept\u00e9e par la maire de Paris, Anne Hidalgo.<\/p>\n\n\n\n<p class=\"\">\u00ab Je pense que c\u2019est une bonne d\u00e9cision cette ann\u00e9e de ne pas reproduire. L\u2019avenue n\u2019est pas faite pour recevoir un public pour un concert \u00bb, a r\u00e9agi la maire du 8e arrondissement, Jeanne d\u2019Hauteserre, dans Le Parisien.<\/p>\n\n\n\n<p class=\"\">Toutefois, le feu d&rsquo;artifice de minuit est maintenu.<\/p>\n\n\n\n<p class=\"\">Egalement, un concert sera bien diffus\u00e9 le soir du 31 d\u00e9cembre sur France 2. Mais la soir\u00e9e est d\u00e9j\u00e0 en bo\u00eete. Elle a \u00e9t\u00e9 enregistr\u00e9e fin novembre, place de la Concorde, \u00ab\u00a0avec des figurants en guise de public.\u00a0\u00bb<\/p>\n","protected":false},"excerpt":{"rendered":"<p>Cette ann\u00e9e, le soir du 31 d\u00e9cembre, l&rsquo;heure ne sera pas forc\u00e9ment \u00e0 la f\u00eate sur les Champs-Elys\u00e9es. Selon&nbsp;France Info, pour des raisons de s\u00e9curit\u00e9, le concert du r\u00e9veillon a \u00e9t\u00e9 annul\u00e9, tout comme les deux derni\u00e8res ann\u00e9es.&nbsp; Parmi les peurs \u00e9voqu\u00e9es par les autorit\u00e9s, les mouvements de foule li\u00e9e \u00e0 l&rsquo;affluence. \u00ab\u00a0L\u2019an dernier, on [&hellip;]<\/p>\n","protected":false},"author":2,"featured_media":40238,"comment_status":"open","ping_status":"open","sticky":false,"template":"","format":"standard","meta":{"_jetpack_memberships_contains_paid_content":false,"footnotes":"","jetpack_publicize_message":"","jetpack_publicize_feature_enabled":true,"jetpack_social_post_already_shared":true,"jetpack_social_options":{"image_generator_settings":{"template":"highway","default_image_id":0,"font":"","enabled":true,"token":"eyJpbWciOiJodHRwczpcL1wvd3d3LmljZWFnZXR2LmNvbVwvcmFkaW9zaXRlXC93cC1jb250ZW50XC91cGxvYWRzXC8yMDI1XC8xMlwvQ2V0dGUtYW5uZWUtbGUtc29pci1kdS0zMS1kZWNlbWJyZS1saGV1cmUtbmUtc2VyYS1wYXMtZm9yY2VtZW50LWEtbGEtZmV0ZS1zdXItbGVzLUNoYW1wcy1FbHlzZWVzLmpwZyIsInR4dCI6IkxlIGNvbmNlcnQgZ1x1MDBlOWFudCBkdSBOb3V2ZWwgQW4gcXVpIFx1MDBlOXRhaXQgcHJcdTAwZTl2dSBzdXIgbGVzIENoYW1wcy1cdTAwYzlseXNcdTAwZTllcyBlc3QgYW5udWxcdTAwZTkgY2V0dGUgYW5uXHUwMGU5ZSBwb3VyIGRlcyByYWlzb25zIGRlIHNcdTAwZTljdXJpdFx1MDBlOSBcdTAwZTAgbGEgZGVtYW5kZSBkZSBsYSBwclx1MDBlOWZlY3R1cmUgZGUgcG9saWNlIGRlIFBhcmlzIiwidGVtcGxhdGUiOiJoaWdod2F5IiwiZm9udCI6IiIsImJsb2dfaWQiOjExMTAxNjQ2MX0.sF6ffPRNRn61TS2qSYJwNSFi-5y3XrXXkkaxKsnlixcMQ"},"version":2},"_wpas_customize_per_network":false},"categories":[405],"tags":[],"class_list":["post-40237","post","type-post","status-publish","format-standard","has-post-thumbnail","hentry","category-actu-france-monde"],"jetpack_publicize_connections":[],"jetpack_featured_media_url":"https:\/\/i0.wp.com\/www.iceagetv.com\/radiosite\/wp-content\/uploads\/2025\/12\/Cette-annee-le-soir-du-31-decembre-lheure-ne-sera-pas-forcement-a-la-fete-sur-les-Champs-Elysees.jpg?fit=679%2C293&ssl=1","jetpack_sharing_enabled":true,"_links":{"self":[{"href":"https:\/\/www.iceagetv.com\/radiosite\/wp-json\/wp\/v2\/posts\/40237","targetHints":{"allow":["GET"]}}],"collection":[{"href":"https:\/\/www.iceagetv.com\/radiosite\/wp-json\/wp\/v2\/posts"}],"about":[{"href":"https:\/\/www.iceagetv.com\/radiosite\/wp-json\/wp\/v2\/types\/post"}],"author":[{"embeddable":true,"href":"https:\/\/www.iceagetv.com\/radiosite\/wp-json\/wp\/v2\/users\/2"}],"replies":[{"embeddable":true,"href":"https:\/\/www.iceagetv.com\/radiosite\/wp-json\/wp\/v2\/comments?post=40237"}],"version-history":[{"count":1,"href":"https:\/\/www.iceagetv.com\/radiosite\/wp-json\/wp\/v2\/posts\/40237\/revisions"}],"predecessor-version":[{"id":40239,"href":"https:\/\/www.iceagetv.com\/radiosite\/wp-json\/wp\/v2\/posts\/40237\/revisions\/40239"}],"wp:featuredmedia":[{"embeddable":true,"href":"https:\/\/www.iceagetv.com\/radiosite\/wp-json\/wp\/v2\/media\/40238"}],"wp:attachment":[{"href":"https:\/\/www.iceagetv.com\/radiosite\/wp-json\/wp\/v2\/media?parent=40237"}],"wp:term":[{"taxonomy":"category","embeddable":true,"href":"https:\/\/www.iceagetv.com\/radiosite\/wp-json\/wp\/v2\/categories?post=40237"},{"taxonomy":"post_tag","embeddable":true,"href":"https:\/\/www.iceagetv.com\/radiosite\/wp-json\/wp\/v2\/tags?post=40237"}],"curies":[{"name":"wp","href":"https:\/\/api.w.org\/{rel}","templated":true}]}}