{"id":40243,"date":"2025-12-02T21:10:43","date_gmt":"2025-12-02T20:10:43","guid":{"rendered":"https:\/\/www.iceagetv.com\/radiosite\/?p=40243"},"modified":"2025-12-02T21:10:45","modified_gmt":"2025-12-02T20:10:45","slug":"les-deputes-adoptent-de-justesse-le-projet-de-loi-de-finances-de-fin-de-gestion-pour-2025","status":"publish","type":"post","link":"https:\/\/www.iceagetv.com\/radiosite\/les-deputes-adoptent-de-justesse-le-projet-de-loi-de-finances-de-fin-de-gestion-pour-2025\/","title":{"rendered":"Les d\u00e9put\u00e9s adoptent de justesse le projet de loi de finances de fin de gestion pour 2025"},"content":{"rendered":"\n<p class=\"\">Le texte a \u00e9t\u00e9 adopt\u00e9 d&rsquo;une tr\u00e8s courte majorit\u00e9, puisque 217 d\u00e9put\u00e9s ont vot\u00e9 pour, et 213 contre. L&rsquo;abstention des socialistes et des \u00e9cologistes a permis \u00e0 ce qu&rsquo;une majorit\u00e9 se d\u00e9gage.<\/p>\n\n\n\n<p class=\"\">L&rsquo;Assembl\u00e9e nationale a adopt\u00e9 de justesse ce\u00a0<a href=\"https:\/\/www.bfmtv.com\/politique\/direct-retraites-gel-des-pensions-le-budget-de-la-securite-sociale-de-retour-a-l-assemblee-nationale-ce-mardi_LN-202512020180.html\">mardi 2 d\u00e9cembre<\/a>\u00a0le projet de loi de finances de fin de gestion 2025, texte pr\u00e9sent\u00e9 comme \u00ab\u00a0technique\u00a0\u00bb par le gouvernement pour op\u00e9rer des ajustements budg\u00e9taires, mais fustig\u00e9 par une partie des oppositions.Examin\u00e9 en parall\u00e8le du budget 2026, ce texte doit fixer les derniers ajustements financiers de l&rsquo;ann\u00e9e en cours, marqu\u00e9e par un d\u00e9ficit&nbsp;<a href=\"https:\/\/www.bfmtv.com\/economie\/economie-social\/finances-publiques\/apres-le-rejet-massif-du-budget-par-les-deputes-sebastien-lecornu-veut-continuer-a-croire-a-un-vote-et-assure-qu-un-deficit-a-moins-de-5-du-pib-reste-une-priorite-absolue_AD-202511240502.html\">atteignant 5,4% du PIB, soit l&rsquo;objectif fix\u00e9 dans le dernier budget.<\/a><\/p>\n\n\n\n<blockquote class=\"wp-block-quote is-layout-flow wp-block-quote-is-layout-flow\">\n<p class=\"\">\u00ab\u00a0Nous ne pouvons pas nous satisfaire de ce niveau de d\u00e9ficit\u00a0\u00bb, a reconnu la ministre des Comptes publics Am\u00e9lie de Montchalin, se r\u00e9jouissant toutefois que l&rsquo;objectif soit atteint.<\/p>\n<\/blockquote>\n\n\n\n<p class=\"\">Le texte,&nbsp;<a href=\"https:\/\/www.bfmtv.com\/economie\/economie-social\/finances-publiques\/contrairement-a-l-assemblee-nationale-le-senat-adopte-le-budget-de-fin-de-gestion-pour-2025_AD-202511250831.html\">fruit d&rsquo;un accord entre d\u00e9put\u00e9s et s\u00e9nateurs<\/a>&nbsp;en commission mixte paritaire (CMP), doit encore \u00eatre vot\u00e9 au S\u00e9nat mercredi pour \u00eatre d\u00e9finitivement adopt\u00e9. Il pr\u00e9voit quelques ouvertures et annulations de cr\u00e9dits, comme 190 millions suppl\u00e9mentaires pour des d\u00e9penses de s\u00e9curit\u00e9 en Outre-mer et contre les incendies estivaux. C\u00f4t\u00e9 annulation, 1,6 milliard sont par exemple ponctionn\u00e9s sur le programme d&rsquo;investissements \u00ab\u00a0France 2030\u00a0\u00bb.<\/p>\n\n\n\n<h2 class=\"wp-block-heading\" id=\"ahojm\">L&rsquo;extr\u00eame droite et LFI ont vot\u00e9 contre<\/h2>\n\n\n\n<p class=\"\">En CMP, les parlementaires ont d\u00e9bloqu\u00e9 des cr\u00e9dits suppl\u00e9mentaires pour plusieurs domaines, dont l&rsquo;h\u00e9bergement d&rsquo;urgence, les viticulteurs ou encore les missions de La Poste.Des mesures tr\u00e8s insuffisantes pour \u00c9ric Coquerel, pr\u00e9sident LFI de la commission des Finances, qui estime que voter pour revient \u00e0 avaliser des coupes d\u00e9cid\u00e9es par d\u00e9cret, en plus de celles du budget 2025, \u00e9voquant \u00ab\u00a036,5 milliards d&rsquo;euros de coupes effectives pour l&rsquo;ann\u00e9e\u00a0\u00bb au total.De son c\u00f4t\u00e9, Matthias Renault (RN) a d\u00e9nonc\u00e9 \u00ab\u00a0plus d&rsquo;un milliard d&rsquo;euros de cr\u00e9dits\u00a0\u00bb pour les \u00e9nergies renouvelables dans ce texte de fin de gestion.<\/p>\n\n\n\n<p class=\"\">Le RN, son alli\u00e9 de l&rsquo;UDR, LFI et les communistes ont vot\u00e9 contre. Le texte est pass\u00e9 de justesse gr\u00e2ce aux voix du camp gouvernemental et de Liot (217 voix contre 213) et les abstentions d\u00e9cisives du PS et des \u00e9cologistes, qui ont invoqu\u00e9 les cr\u00e9dits suppl\u00e9mentaires d\u00e9bloqu\u00e9s.<\/p>\n\n\n\n<p class=\"\">Une victoire extr\u00eamement \u00e9triqu\u00e9e pour le gouvernement donc, qui va cette semaine essayer de faire passer son projet de budget de la S\u00e9curit\u00e9 sociale \u00e0 l&rsquo;Assembl\u00e9e. Et ce alors que LR et Horizons, qui ont vot\u00e9 pour le texte de fin de gestion, n&rsquo;entendent pas \u00e0 ce stade voter pour un budget de la S\u00e9cu jug\u00e9 trop conciliant avec les socialistes ou les \u00e9cologistes, dont les votes pourraient \u00eatre d\u00e9cisifs.<\/p>\n\n\n\n<p class=\"\"><a href=\"https:\/\/www.bfmtv.com\/economie\/economie-social\/denoncant-la-baisse-des-recettes-de-la-tva-les-deputes-ont-rejete-en-premiere-lecture-le-projet-de-loi-de-fin-de-gestion-pour-2025_AD-202511190194.html\">Le projet de loi de fin de gestion<\/a>&nbsp;est \u00ab\u00a0moins engageant\u00a0\u00bb et permet de \u00ab\u00a0d\u00e9bloquer des moyens d&rsquo;urgence sur l&rsquo;h\u00e9bergement\u00a0\u00bb, a point\u00e9 apr\u00e8s le vote la patronne des \u00e9cologistes Cyrielle Chatelain, assurant qu&rsquo;il \u00ab\u00a0ne faut pas tirer de ce vote une quelconque analyse sur le vote (du budget) de la S\u00e9curit\u00e9 sociale\u00a0\u00bb.<\/p>\n","protected":false},"excerpt":{"rendered":"<p>Le texte a \u00e9t\u00e9 adopt\u00e9 d&rsquo;une tr\u00e8s courte majorit\u00e9, puisque 217 d\u00e9put\u00e9s ont vot\u00e9 pour, et 213 contre. L&rsquo;abstention des socialistes et des \u00e9cologistes a permis \u00e0 ce qu&rsquo;une majorit\u00e9 se d\u00e9gage. L&rsquo;Assembl\u00e9e nationale a adopt\u00e9 de justesse ce\u00a0mardi 2 d\u00e9cembre\u00a0le projet de loi de finances de fin de gestion 2025, texte pr\u00e9sent\u00e9 comme \u00ab\u00a0technique\u00a0\u00bb [&hellip;]<\/p>\n","protected":false},"author":2,"featured_media":40244,"comment_status":"open","ping_status":"open","sticky":false,"template":"","format":"standard","meta":{"_jetpack_memberships_contains_paid_content":false,"footnotes":"","jetpack_publicize_message":"","jetpack_publicize_feature_enabled":true,"jetpack_social_post_already_shared":false,"jetpack_social_options":{"image_generator_settings":{"template":"highway","default_image_id":0,"font":"","enabled":true,"token":"eyJpbWciOiJodHRwczpcL1wvd3d3LmljZWFnZXR2LmNvbVwvcmFkaW9zaXRlXC93cC1jb250ZW50XC91cGxvYWRzXC8yMDI1XC8xMlwvTGVzLWRlcHV0ZXMtYWRvcHRlbnQtZGUtanVzdGVzc2UtbGUtcHJvamV0LWRlLWxvaS1kZS1maW5hbmNlcy1kZS1maW4tZGUtZ2VzdGlvbi1wb3VyLTIwMjUuanBnIiwidHh0IjoiTGVzIGRcdTAwZTlwdXRcdTAwZTlzIGFkb3B0ZW50IGRlIGp1c3Rlc3NlIGxlIHByb2pldCBkZSBsb2kgZGUgZmluYW5jZXMgZGUgZmluIGRlIGdlc3Rpb24gcG91ciAyMDI1IiwidGVtcGxhdGUiOiJoaWdod2F5IiwiZm9udCI6IiIsImJsb2dfaWQiOjExMTAxNjQ2MX0.F_N8X2JVE1MA3UHhN92DV1SNolmsoK8XyN_NmUK-LRQMQ"},"version":2},"_wpas_customize_per_network":false},"categories":[405],"tags":[],"class_list":["post-40243","post","type-post","status-publish","format-standard","has-post-thumbnail","hentry","category-actu-france-monde"],"jetpack_publicize_connections":[],"jetpack_featured_media_url":"https:\/\/i0.wp.com\/www.iceagetv.com\/radiosite\/wp-content\/uploads\/2025\/12\/Les-deputes-adoptent-de-justesse-le-projet-de-loi-de-finances-de-fin-de-gestion-pour-2025.jpg?fit=744%2C415&ssl=1","jetpack_sharing_enabled":true,"_links":{"self":[{"href":"https:\/\/www.iceagetv.com\/radiosite\/wp-json\/wp\/v2\/posts\/40243","targetHints":{"allow":["GET"]}}],"collection":[{"href":"https:\/\/www.iceagetv.com\/radiosite\/wp-json\/wp\/v2\/posts"}],"about":[{"href":"https:\/\/www.iceagetv.com\/radiosite\/wp-json\/wp\/v2\/types\/post"}],"author":[{"embeddable":true,"href":"https:\/\/www.iceagetv.com\/radiosite\/wp-json\/wp\/v2\/users\/2"}],"replies":[{"embeddable":true,"href":"https:\/\/www.iceagetv.com\/radiosite\/wp-json\/wp\/v2\/comments?post=40243"}],"version-history":[{"count":1,"href":"https:\/\/www.iceagetv.com\/radiosite\/wp-json\/wp\/v2\/posts\/40243\/revisions"}],"predecessor-version":[{"id":40245,"href":"https:\/\/www.iceagetv.com\/radiosite\/wp-json\/wp\/v2\/posts\/40243\/revisions\/40245"}],"wp:featuredmedia":[{"embeddable":true,"href":"https:\/\/www.iceagetv.com\/radiosite\/wp-json\/wp\/v2\/media\/40244"}],"wp:attachment":[{"href":"https:\/\/www.iceagetv.com\/radiosite\/wp-json\/wp\/v2\/media?parent=40243"}],"wp:term":[{"taxonomy":"category","embeddable":true,"href":"https:\/\/www.iceagetv.com\/radiosite\/wp-json\/wp\/v2\/categories?post=40243"},{"taxonomy":"post_tag","embeddable":true,"href":"https:\/\/www.iceagetv.com\/radiosite\/wp-json\/wp\/v2\/tags?post=40243"}],"curies":[{"name":"wp","href":"https:\/\/api.w.org\/{rel}","templated":true}]}}