{"id":40259,"date":"2025-12-03T15:27:56","date_gmt":"2025-12-03T14:27:56","guid":{"rendered":"https:\/\/www.iceagetv.com\/radiosite\/?p=40259"},"modified":"2025-12-03T15:27:58","modified_gmt":"2025-12-03T14:27:58","slug":"20-a-40-centimetres-de-neige-en-drome-ardeche-coup-denvoi-pour-le-ski-de-piste-a-font-durle","status":"publish","type":"post","link":"https:\/\/www.iceagetv.com\/radiosite\/20-a-40-centimetres-de-neige-en-drome-ardeche-coup-denvoi-pour-le-ski-de-piste-a-font-durle\/","title":{"rendered":"20 \u00e0 40 centim\u00e8tres de neige en Dr\u00f4me Ard\u00e8che, coup d&rsquo;envoi pour le ski de piste \u00e0 Font-d&rsquo;Urle"},"content":{"rendered":"\n<p class=\"\">Le Vercors dans la Dr\u00f4me, ainsi que la montagne et le plateau ard\u00e9chois ont bien blanchi. Comme pr\u00e9vu, les chutes de neige ont \u00e9t\u00e9 abondantes sur les hauteurs des deux d\u00e9partements ce mercredi. Les stations de la Dr\u00f4me ouvriront le domaine de ski alpin de Font-d&rsquo;Urle d\u00e8s le week-end prochain.<\/p>\n\n\n\n<p class=\"\">L&rsquo;ouverture \u00e9tait pr\u00e9vue initialement le 20 d\u00e9cembre mais les chutes de neige de ce mercredi 3 d\u00e9cembre changent la donne\u00a0: la direction des\u00a0<a href=\"https:\/\/www.lesstationsdeladrome.fr\/\" target=\"_blank\" rel=\"noreferrer noopener\">stations de la Dr\u00f4me<\/a>\u00a0a d\u00e9cid\u00e9 d&rsquo;ouvrir d\u00e8s le week-end du\u00a0<strong>6 et 7 d\u00e9cembre<\/strong>\u00a0d&rsquo;ouvrir les pistes de ski alpin, mais uniquement sur le domaine de Font-d&rsquo;Urle. Il est tomb\u00e9 environ\u00a0<strong>40 centim\u00e8tres de neige fra\u00eeche<\/strong>\u00a0et m\u00eame si la perturbation doit passer, les journ\u00e9es froides annonc\u00e9es ce jeudi et vendredi permettront de proposer des conditions id\u00e9ales aux amateurs de ski de piste.Le stations de ski d&rsquo;Ard\u00e8che patientent encore<\/p>\n\n\n\n<p class=\"\">La Dr\u00f4me, qui permettait d\u00e9j\u00e0 d&rsquo;aller faire du ski de fond sur ses domaines du Vercors, anticipe donc l&rsquo;ouverture du ski alpin. Il faudra encore attendre en revanche pour aller glisser en Ard\u00e8che. M\u00eame s&rsquo;il a bien neig\u00e9 ces derni\u00e8res heures,&nbsp;<strong>20 \u00e0 30 centim\u00e8tres<\/strong>, sur le domaine nordique de la Chavade, les pr\u00e9paratifs \u00ab\u00a0classiques\u00a0\u00bb de la station sont encore en cours et les pistes ouvriront comme pr\u00e9vu pour les vacances de No\u00ebl. S&rsquo;il tombe assez de neige, les pistes de la Croix-de-Bauzon pourront \u00e9galement ouvrir \u00e0 ce moment-l\u00e0. Pas avant dans tous les cas, puisque des travaux de r\u00e9novation de la station sont toujours en cours.<\/p>\n","protected":false},"excerpt":{"rendered":"<p>Le Vercors dans la Dr\u00f4me, ainsi que la montagne et le plateau ard\u00e9chois ont bien blanchi. Comme pr\u00e9vu, les chutes de neige ont \u00e9t\u00e9 abondantes sur les hauteurs des deux d\u00e9partements ce mercredi. Les stations de la Dr\u00f4me ouvriront le domaine de ski alpin de Font-d&rsquo;Urle d\u00e8s le week-end prochain. L&rsquo;ouverture \u00e9tait pr\u00e9vue initialement le [&hellip;]<\/p>\n","protected":false},"author":2,"featured_media":40260,"comment_status":"open","ping_status":"open","sticky":false,"template":"","format":"standard","meta":{"_jetpack_memberships_contains_paid_content":false,"footnotes":"","jetpack_publicize_message":"","jetpack_publicize_feature_enabled":true,"jetpack_social_post_already_shared":true,"jetpack_social_options":{"image_generator_settings":{"template":"highway","default_image_id":0,"font":"","enabled":true,"token":"eyJpbWciOiJodHRwczpcL1wvd3d3LmljZWFnZXR2LmNvbVwvcmFkaW9zaXRlXC93cC1jb250ZW50XC91cGxvYWRzXC8yMDI1XC8xMlwvMjAtYS00MC1jZW50aW1ldHJlcy1kZS1uZWlnZS1lbi1Ecm9tZS1BcmRlY2hlLmpwZyIsInR4dCI6IjIwIFx1MDBlMCA0MCBjZW50aW1cdTAwZTh0cmVzIGRlIG5laWdlIGVuIERyXHUwMGY0bWUgQXJkXHUwMGU4Y2hlLCBjb3VwIGQmIzgyMTc7ZW52b2kgcG91ciBsZSBza2kgZGUgcGlzdGUgXHUwMGUwIEZvbnQtZCYjODIxNztVcmxlIiwidGVtcGxhdGUiOiJoaWdod2F5IiwiZm9udCI6IiIsImJsb2dfaWQiOjExMTAxNjQ2MX0.KZq9tMRIDzUTO-2lQ2HZtBqR--xBTRH7g1ii03qUpH8MQ"},"version":2},"_wpas_customize_per_network":false},"categories":[17],"tags":[],"class_list":["post-40259","post","type-post","status-publish","format-standard","has-post-thumbnail","hentry","category-actu-regions"],"jetpack_publicize_connections":[],"jetpack_featured_media_url":"https:\/\/i0.wp.com\/www.iceagetv.com\/radiosite\/wp-content\/uploads\/2025\/12\/20-a-40-centimetres-de-neige-en-Drome-Ardeche.jpg?fit=856%2C446&ssl=1","jetpack_sharing_enabled":true,"_links":{"self":[{"href":"https:\/\/www.iceagetv.com\/radiosite\/wp-json\/wp\/v2\/posts\/40259","targetHints":{"allow":["GET"]}}],"collection":[{"href":"https:\/\/www.iceagetv.com\/radiosite\/wp-json\/wp\/v2\/posts"}],"about":[{"href":"https:\/\/www.iceagetv.com\/radiosite\/wp-json\/wp\/v2\/types\/post"}],"author":[{"embeddable":true,"href":"https:\/\/www.iceagetv.com\/radiosite\/wp-json\/wp\/v2\/users\/2"}],"replies":[{"embeddable":true,"href":"https:\/\/www.iceagetv.com\/radiosite\/wp-json\/wp\/v2\/comments?post=40259"}],"version-history":[{"count":1,"href":"https:\/\/www.iceagetv.com\/radiosite\/wp-json\/wp\/v2\/posts\/40259\/revisions"}],"predecessor-version":[{"id":40261,"href":"https:\/\/www.iceagetv.com\/radiosite\/wp-json\/wp\/v2\/posts\/40259\/revisions\/40261"}],"wp:featuredmedia":[{"embeddable":true,"href":"https:\/\/www.iceagetv.com\/radiosite\/wp-json\/wp\/v2\/media\/40260"}],"wp:attachment":[{"href":"https:\/\/www.iceagetv.com\/radiosite\/wp-json\/wp\/v2\/media?parent=40259"}],"wp:term":[{"taxonomy":"category","embeddable":true,"href":"https:\/\/www.iceagetv.com\/radiosite\/wp-json\/wp\/v2\/categories?post=40259"},{"taxonomy":"post_tag","embeddable":true,"href":"https:\/\/www.iceagetv.com\/radiosite\/wp-json\/wp\/v2\/tags?post=40259"}],"curies":[{"name":"wp","href":"https:\/\/api.w.org\/{rel}","templated":true}]}}