{"id":40265,"date":"2025-12-03T17:25:05","date_gmt":"2025-12-03T16:25:05","guid":{"rendered":"https:\/\/www.iceagetv.com\/radiosite\/?p=40265"},"modified":"2025-12-03T17:25:08","modified_gmt":"2025-12-03T16:25:08","slug":"en-raison-de-la-menace-terroriste-tres-elevee-le-ministre-de-linterieur-laurent-nunez-demande-aux-prefets-une-vigilance-maximale-sur-les-marches-de-noel-organises-en-ce-moment-partout-en-fr","status":"publish","type":"post","link":"https:\/\/www.iceagetv.com\/radiosite\/en-raison-de-la-menace-terroriste-tres-elevee-le-ministre-de-linterieur-laurent-nunez-demande-aux-prefets-une-vigilance-maximale-sur-les-marches-de-noel-organises-en-ce-moment-partout-en-fr\/","title":{"rendered":"En raison de la menace terroriste \u00ab\u00a0tr\u00e8s \u00e9lev\u00e9e\u00a0\u00bb, le ministre de l&rsquo;Int\u00e9rieur Laurent Nunez demande aux pr\u00e9fets une \u00ab\u00a0vigilance maximale\u00a0\u00bb sur les march\u00e9s de No\u00ebl organis\u00e9s en ce moment partout en France"},"content":{"rendered":"\n<p class=\"\">En raison de la menace terroriste estim\u00e9e \u00ab\u00a0tr\u00e8s \u00e9lev\u00e9e\u00a0\u00bb, le ministre de l&rsquo;Int\u00e9rieur, Laurent Nunez, a \u00e9crit aux pr\u00e9fets pour leur demander une \u00ab\u00a0vigilance maximale\u00a0\u00bb sur les march\u00e9s de No\u00ebl organis\u00e9s en ce moment partout en France, dans un t\u00e9l\u00e9gramme que franceinfo a pu consulter.<\/p>\n\n\n\n<p class=\"\">Il appelle \u00e0 \u00ab\u00a0renforcer les dispositifs de s\u00e9curit\u00e9\u00a0\u00bb mais aussi \u00ab\u00a0la pleine mobilisation des services de renseignement dans la d\u00e9tection, pr\u00e9vention et, le cas \u00e9ch\u00e9ant, l&rsquo;entrave des menaces terroristes.\u00a0\u00bb<\/p>\n\n\n\n<p class=\"\">Laurent&nbsp;Nunez demande notamment&nbsp;une vigilance particuli\u00e8re concernant \u00ab\u00a0la gestion des flux pi\u00e9tons pour optimiser leur protection et leur contr\u00f4le\u00a0\u00bb. Et appelle \u00e0 prendre des \u00ab\u00a0arr\u00eat\u00e9s d&rsquo;interdictions et de limitations de stationnement, de circulation\u00a0\u00bb , en s\u2019appuyant notamment sur l\u2019usage de la vid\u00e9osurveillance.<\/p>\n","protected":false},"excerpt":{"rendered":"<p>En raison de la menace terroriste estim\u00e9e \u00ab\u00a0tr\u00e8s \u00e9lev\u00e9e\u00a0\u00bb, le ministre de l&rsquo;Int\u00e9rieur, Laurent Nunez, a \u00e9crit aux pr\u00e9fets pour leur demander une \u00ab\u00a0vigilance maximale\u00a0\u00bb sur les march\u00e9s de No\u00ebl organis\u00e9s en ce moment partout en France, dans un t\u00e9l\u00e9gramme que franceinfo a pu consulter. Il appelle \u00e0 \u00ab\u00a0renforcer les dispositifs de s\u00e9curit\u00e9\u00a0\u00bb mais aussi [&hellip;]<\/p>\n","protected":false},"author":2,"featured_media":40266,"comment_status":"open","ping_status":"open","sticky":false,"template":"","format":"standard","meta":{"_jetpack_memberships_contains_paid_content":false,"footnotes":"","jetpack_publicize_message":"","jetpack_publicize_feature_enabled":true,"jetpack_social_post_already_shared":true,"jetpack_social_options":{"image_generator_settings":{"template":"highway","default_image_id":0,"font":"","enabled":true,"token":"eyJpbWciOiJodHRwczpcL1wvd3d3LmljZWFnZXR2LmNvbVwvcmFkaW9zaXRlXC93cC1jb250ZW50XC91cGxvYWRzXC8yMDI1XC8xMlwvWjhaZk5uVy5qcGciLCJ0eHQiOiJFbiByYWlzb24gZGUgbGEgbWVuYWNlIHRlcnJvcmlzdGUgJiM4MjIwO3RyXHUwMGU4cyBcdTAwZTlsZXZcdTAwZTllJiM4MjIxOywgbGUgbWluaXN0cmUgZGUgbCYjODIxNztJbnRcdTAwZTlyaWV1ciBMYXVyZW50IE51bmV6IGRlbWFuZGUgYXV4IHByXHUwMGU5ZmV0cyB1bmUgJiM4MjIwO3ZpZ2lsYW5jZSBtYXhpbWFsZSYjODIyMTsgc3VyIGxlcyBtYXJjaFx1MDBlOXMgZGUgTm9cdTAwZWJsIG9yZ2FuaXNcdTAwZTlzIGVuIGNlIG1vbWVudCBwYXJ0b3V0IGVuIEZyYW5jZSIsInRlbXBsYXRlIjoiaGlnaHdheSIsImZvbnQiOiIiLCJibG9nX2lkIjoxMTEwMTY0NjF9.idVLBcHOeroAjmkFvyFZ-ooXWIHCGdktl0b3itvohpQMQ"},"version":2},"_wpas_customize_per_network":false},"categories":[405],"tags":[],"class_list":["post-40265","post","type-post","status-publish","format-standard","has-post-thumbnail","hentry","category-actu-france-monde"],"jetpack_publicize_connections":[],"jetpack_featured_media_url":"https:\/\/i0.wp.com\/www.iceagetv.com\/radiosite\/wp-content\/uploads\/2025\/12\/Z8ZfNnW.jpg?fit=679%2C293&ssl=1","jetpack_sharing_enabled":true,"_links":{"self":[{"href":"https:\/\/www.iceagetv.com\/radiosite\/wp-json\/wp\/v2\/posts\/40265","targetHints":{"allow":["GET"]}}],"collection":[{"href":"https:\/\/www.iceagetv.com\/radiosite\/wp-json\/wp\/v2\/posts"}],"about":[{"href":"https:\/\/www.iceagetv.com\/radiosite\/wp-json\/wp\/v2\/types\/post"}],"author":[{"embeddable":true,"href":"https:\/\/www.iceagetv.com\/radiosite\/wp-json\/wp\/v2\/users\/2"}],"replies":[{"embeddable":true,"href":"https:\/\/www.iceagetv.com\/radiosite\/wp-json\/wp\/v2\/comments?post=40265"}],"version-history":[{"count":1,"href":"https:\/\/www.iceagetv.com\/radiosite\/wp-json\/wp\/v2\/posts\/40265\/revisions"}],"predecessor-version":[{"id":40267,"href":"https:\/\/www.iceagetv.com\/radiosite\/wp-json\/wp\/v2\/posts\/40265\/revisions\/40267"}],"wp:featuredmedia":[{"embeddable":true,"href":"https:\/\/www.iceagetv.com\/radiosite\/wp-json\/wp\/v2\/media\/40266"}],"wp:attachment":[{"href":"https:\/\/www.iceagetv.com\/radiosite\/wp-json\/wp\/v2\/media?parent=40265"}],"wp:term":[{"taxonomy":"category","embeddable":true,"href":"https:\/\/www.iceagetv.com\/radiosite\/wp-json\/wp\/v2\/categories?post=40265"},{"taxonomy":"post_tag","embeddable":true,"href":"https:\/\/www.iceagetv.com\/radiosite\/wp-json\/wp\/v2\/tags?post=40265"}],"curies":[{"name":"wp","href":"https:\/\/api.w.org\/{rel}","templated":true}]}}