{"id":40268,"date":"2025-12-03T18:50:39","date_gmt":"2025-12-03T17:50:39","guid":{"rendered":"https:\/\/www.iceagetv.com\/radiosite\/?p=40268"},"modified":"2025-12-03T18:50:41","modified_gmt":"2025-12-03T17:50:41","slug":"algerie-le-journaliste-francais-christophe-gleizes-voit-sa-peine-de-sept-ans-de-prison-confirmee-en-appel-pour-apologie-du-terrorisme-le-parquet-avait-requis-dix-ans-de-prison","status":"publish","type":"post","link":"https:\/\/www.iceagetv.com\/radiosite\/algerie-le-journaliste-francais-christophe-gleizes-voit-sa-peine-de-sept-ans-de-prison-confirmee-en-appel-pour-apologie-du-terrorisme-le-parquet-avait-requis-dix-ans-de-prison\/","title":{"rendered":"Alg\u00e9rie : Le journaliste fran\u00e7ais Christophe Gleizes voit sa peine de sept ans de prison confirm\u00e9e en appel pour \u00ab\u00a0apologie du terrorisme\u00a0\u00bb &#8211; Le parquet avait requis dix ans de prison"},"content":{"rendered":"\n<p class=\"\"><strong>\u00a0Selon Le Monde et France 24, le journaliste fran\u00e7ais Christophe Gleizes voit sa peine de sept ans de prison confirm\u00e9e en appel Le collaborateur de \u00ab So Foot \u00bb et \u00ab Society \u00bb avait \u00e9t\u00e9 condamn\u00e9 en premi\u00e8re instance, le 29 juin, \u00e0 sept ans de prison ferme pour \u00ab apologie du terrorisme \u00bb. Le parquet avait requis dix ans de prison, au cours de l\u2019audience, mercredi.<\/strong><strong>Le parquet de Tizi-Ouzou, en Alg\u00e9rie, a requis mercredi en appel dix ans de prison \u00e0 l&rsquo;encontre du journaliste fran\u00e7ais Christophe Gleizes, condamn\u00e9 en premi\u00e8re instance \u00e0 sept ans de r\u00e9clusion pour \u00ab\u00a0apologie du terrorisme\u00a0\u00bb, selon un journaliste de l&rsquo;AFP sur place.<\/strong><\/p>\n\n\n\n<p class=\"\"><strong>\u00ab\u00a0L&rsquo;accus\u00e9 n&rsquo;est pas venu en Alg\u00e9rie pour accomplir un travail journalistique mais (pour commettre) un acte hostile\u00a0\u00bb, a d\u00e9clar\u00e9 un procureur, qui a \u00e9galement r\u00e9clam\u00e9 une amende de 500.000 dinars alg\u00e9riens (environ 3.300 euros).<\/strong><\/p>\n\n\n\n<p class=\"\">Collaborateur des magazines fran\u00e7ais So Foot et Society, Christophe Gleizes, 36 ans, emprisonn\u00e9 depuis fin juin en Alg\u00e9rie, avait auparavant demand\u00e9 la \u00ab\u00a0cl\u00e9mence\u00a0\u00bb de la cour et notamment dit qu&rsquo;il aurait d\u00fb demander un visa de journaliste au lieu d&rsquo;un visa touristique pour venir en reportage.<\/p>\n","protected":false},"excerpt":{"rendered":"<p>\u00a0Selon Le Monde et France 24, le journaliste fran\u00e7ais Christophe Gleizes voit sa peine de sept ans de prison confirm\u00e9e en appel Le collaborateur de \u00ab So Foot \u00bb et \u00ab Society \u00bb avait \u00e9t\u00e9 condamn\u00e9 en premi\u00e8re instance, le 29 juin, \u00e0 sept ans de prison ferme pour \u00ab apologie du terrorisme \u00bb. Le [&hellip;]<\/p>\n","protected":false},"author":2,"featured_media":40269,"comment_status":"open","ping_status":"open","sticky":false,"template":"","format":"standard","meta":{"_jetpack_memberships_contains_paid_content":false,"footnotes":"","jetpack_publicize_message":"","jetpack_publicize_feature_enabled":true,"jetpack_social_post_already_shared":true,"jetpack_social_options":{"image_generator_settings":{"template":"highway","default_image_id":0,"font":"","enabled":true,"token":"eyJpbWciOiJodHRwczpcL1wvd3d3LmljZWFnZXR2LmNvbVwvcmFkaW9zaXRlXC93cC1jb250ZW50XC91cGxvYWRzXC8yMDI1XC8xMlwvaTVDd2lkYVcuanBnIiwidHh0IjoiQWxnXHUwMGU5cmllIDogTGUgam91cm5hbGlzdGUgZnJhblx1MDBlN2FpcyBDaHJpc3RvcGhlIEdsZWl6ZXMgdm9pdCBzYSBwZWluZSBkZSBzZXB0IGFucyBkZSBwcmlzb24gY29uZmlybVx1MDBlOWUgZW4gYXBwZWwgcG91ciAmIzgyMjA7YXBvbG9naWUgZHUgdGVycm9yaXNtZSYjODIyMTsgJiM4MjExOyBMZSBwYXJxdWV0IGF2YWl0IHJlcXVpcyBkaXggYW5zIGRlIHByaXNvbiIsInRlbXBsYXRlIjoiaGlnaHdheSIsImZvbnQiOiIiLCJibG9nX2lkIjoxMTEwMTY0NjF9.igC5jcMlgw4qwPhLHEdJ_N5SUkISp1CpfszkhwQZHV0MQ"},"version":2},"_wpas_customize_per_network":false},"categories":[405],"tags":[],"class_list":["post-40268","post","type-post","status-publish","format-standard","has-post-thumbnail","hentry","category-actu-france-monde"],"jetpack_publicize_connections":[],"jetpack_featured_media_url":"https:\/\/i0.wp.com\/www.iceagetv.com\/radiosite\/wp-content\/uploads\/2025\/12\/i5CwidaW.jpg?fit=679%2C293&ssl=1","jetpack_sharing_enabled":true,"_links":{"self":[{"href":"https:\/\/www.iceagetv.com\/radiosite\/wp-json\/wp\/v2\/posts\/40268","targetHints":{"allow":["GET"]}}],"collection":[{"href":"https:\/\/www.iceagetv.com\/radiosite\/wp-json\/wp\/v2\/posts"}],"about":[{"href":"https:\/\/www.iceagetv.com\/radiosite\/wp-json\/wp\/v2\/types\/post"}],"author":[{"embeddable":true,"href":"https:\/\/www.iceagetv.com\/radiosite\/wp-json\/wp\/v2\/users\/2"}],"replies":[{"embeddable":true,"href":"https:\/\/www.iceagetv.com\/radiosite\/wp-json\/wp\/v2\/comments?post=40268"}],"version-history":[{"count":1,"href":"https:\/\/www.iceagetv.com\/radiosite\/wp-json\/wp\/v2\/posts\/40268\/revisions"}],"predecessor-version":[{"id":40270,"href":"https:\/\/www.iceagetv.com\/radiosite\/wp-json\/wp\/v2\/posts\/40268\/revisions\/40270"}],"wp:featuredmedia":[{"embeddable":true,"href":"https:\/\/www.iceagetv.com\/radiosite\/wp-json\/wp\/v2\/media\/40269"}],"wp:attachment":[{"href":"https:\/\/www.iceagetv.com\/radiosite\/wp-json\/wp\/v2\/media?parent=40268"}],"wp:term":[{"taxonomy":"category","embeddable":true,"href":"https:\/\/www.iceagetv.com\/radiosite\/wp-json\/wp\/v2\/categories?post=40268"},{"taxonomy":"post_tag","embeddable":true,"href":"https:\/\/www.iceagetv.com\/radiosite\/wp-json\/wp\/v2\/tags?post=40268"}],"curies":[{"name":"wp","href":"https:\/\/api.w.org\/{rel}","templated":true}]}}