{"id":40295,"date":"2025-12-04T18:46:08","date_gmt":"2025-12-04T17:46:08","guid":{"rendered":"https:\/\/www.iceagetv.com\/radiosite\/?p=40295"},"modified":"2025-12-04T18:46:11","modified_gmt":"2025-12-04T17:46:11","slug":"la-chaine-publique-allemande-diffusant-leurovision-affirme-quisrael-a-le-droit-de-participer-au-concours-car-elle-repond-a-toutes-les-exigences","status":"publish","type":"post","link":"https:\/\/www.iceagetv.com\/radiosite\/la-chaine-publique-allemande-diffusant-leurovision-affirme-quisrael-a-le-droit-de-participer-au-concours-car-elle-repond-a-toutes-les-exigences\/","title":{"rendered":"La cha\u00eene publique allemande diffusant l&rsquo;Eurovision affirme qu&rsquo;Isra\u00ebl a le droit de participer au concours car elle \u00ab\u00a0r\u00e9pond \u00e0 toutes les exigences\u00a0\u00bb"},"content":{"rendered":"\n<p class=\"\">La cha\u00eene publique allemande diffusant l&rsquo;Eurovision a affirm\u00e9 qu&rsquo;Isra\u00ebl avait le droit d&rsquo;y participer, au moment o\u00f9 les diffuseurs europ\u00e9ens discutent de l&rsquo;\u00e9ventuelle exclusion du pays \u00e0 cause de son offensive \u00e0 Gaza.<\/p>\n\n\n\n<p class=\"\">L&rsquo;Union europ\u00e9enne de radiodiffusion (UER) a d\u00e9marr\u00e9 jeudi une r\u00e9union de deux jours \u00e0 Gen\u00e8ve pour discuter de la question, plusieurs pays mena\u00e7ant de se retirer si Isra\u00ebl \u00e9tait finalement autoris\u00e9 \u00e0 participer.<\/p>\n\n\n\n<p class=\"\">La cha\u00eene r\u00e9gionale allemande SWR, charg\u00e9e \u00e0 compter de 2026 de la retransmission de l&rsquo;\u00e9v\u00e9nement en Allemagne, estime que \u00ab\u00a0la cha\u00eene isra\u00e9lienne KAN r\u00e9pond \u00e0 toutes les exigences pour participer\u00a0\u00bb au concours, dans un communiqu\u00e9 transmis \u00e0 l&rsquo;AFP.<\/p>\n\n\n\n<p class=\"\">L&rsquo;organisation de l&rsquo;Eurovision de la chanson rel\u00e8ve des cha\u00eenes membres de l&rsquo;Union europ\u00e9enne de radiodiffusion (UER), et non des gouvernements, a insist\u00e9 le diffuseur. Il s&rsquo;est dit \u00ab\u00a0confiant qu&rsquo;une solution conforme aux principes de l&rsquo;UER pourra \u00eatre trouv\u00e9e\u00a0\u00bb.<\/p>\n\n\n\n<p class=\"\">Le chancelier allemand Friedrich Merz a d\u00e9clar\u00e9 d\u00e9but octobre que l&rsquo;Allemagne devrait se retirer de l&rsquo;Eurovision 2026 si Isra\u00ebl \u00e9tait exclu de la comp\u00e9tition. \u00ab\u00a0Il ne peut pas y avoir d&rsquo;Eurovision sans Isra\u00ebl\u00a0\u00bb, a estim\u00e9 mercredi le ministre allemand de la Culture Wolfram Weimer dans une r\u00e9action transmise jeudi par le gouvernement. Il juge \u00ab\u00a0consternant de voir que des artistes en Europe sont exclus simplement parce qu&rsquo;ils sont Isra\u00e9liens\u00a0\u00bb ou \u00ab\u00a0juifs\u00a0\u00bb et estime que \u00ab\u00a0cela va profond\u00e9ment \u00e0 l&rsquo;encontre des valeurs fondamentales europ\u00e9ennes\u00a0\u00bb.<\/p>\n","protected":false},"excerpt":{"rendered":"<p>La cha\u00eene publique allemande diffusant l&rsquo;Eurovision a affirm\u00e9 qu&rsquo;Isra\u00ebl avait le droit d&rsquo;y participer, au moment o\u00f9 les diffuseurs europ\u00e9ens discutent de l&rsquo;\u00e9ventuelle exclusion du pays \u00e0 cause de son offensive \u00e0 Gaza. L&rsquo;Union europ\u00e9enne de radiodiffusion (UER) a d\u00e9marr\u00e9 jeudi une r\u00e9union de deux jours \u00e0 Gen\u00e8ve pour discuter de la question, plusieurs pays [&hellip;]<\/p>\n","protected":false},"author":2,"featured_media":40296,"comment_status":"open","ping_status":"open","sticky":false,"template":"","format":"standard","meta":{"_jetpack_memberships_contains_paid_content":false,"footnotes":"","jetpack_publicize_message":"","jetpack_publicize_feature_enabled":true,"jetpack_social_post_already_shared":true,"jetpack_social_options":{"image_generator_settings":{"template":"highway","default_image_id":0,"font":"","enabled":true,"token":"eyJpbWciOiJodHRwczpcL1wvd3d3LmljZWFnZXR2LmNvbVwvcmFkaW9zaXRlXC93cC1jb250ZW50XC91cGxvYWRzXC8yMDI1XC8xMlwvY1JMSmptTnEuanBnIiwidHh0IjoiTGEgY2hhXHUwMGVlbmUgcHVibGlxdWUgYWxsZW1hbmRlIGRpZmZ1c2FudCBsJiM4MjE3O0V1cm92aXNpb24gYWZmaXJtZSBxdSYjODIxNztJc3JhXHUwMGVibCBhIGxlIGRyb2l0IGRlIHBhcnRpY2lwZXIgYXUgY29uY291cnMgY2FyIGVsbGUgJiM4MjIwO3JcdTAwZTlwb25kIFx1MDBlMCB0b3V0ZXMgbGVzIGV4aWdlbmNlcyYjODIyMTsiLCJ0ZW1wbGF0ZSI6ImhpZ2h3YXkiLCJmb250IjoiIiwiYmxvZ19pZCI6MTExMDE2NDYxfQ.KWtqNEjZzsH_sPGGnT2eOKpfKB3OUT2dImxvg1rO_AoMQ"},"version":2},"_wpas_customize_per_network":false},"categories":[68],"tags":[],"class_list":["post-40295","post","type-post","status-publish","format-standard","has-post-thumbnail","hentry","category-actu-culturelle"],"jetpack_publicize_connections":[],"jetpack_featured_media_url":"https:\/\/i0.wp.com\/www.iceagetv.com\/radiosite\/wp-content\/uploads\/2025\/12\/cRLJjmNq.jpg?fit=679%2C293&ssl=1","jetpack_sharing_enabled":true,"_links":{"self":[{"href":"https:\/\/www.iceagetv.com\/radiosite\/wp-json\/wp\/v2\/posts\/40295","targetHints":{"allow":["GET"]}}],"collection":[{"href":"https:\/\/www.iceagetv.com\/radiosite\/wp-json\/wp\/v2\/posts"}],"about":[{"href":"https:\/\/www.iceagetv.com\/radiosite\/wp-json\/wp\/v2\/types\/post"}],"author":[{"embeddable":true,"href":"https:\/\/www.iceagetv.com\/radiosite\/wp-json\/wp\/v2\/users\/2"}],"replies":[{"embeddable":true,"href":"https:\/\/www.iceagetv.com\/radiosite\/wp-json\/wp\/v2\/comments?post=40295"}],"version-history":[{"count":1,"href":"https:\/\/www.iceagetv.com\/radiosite\/wp-json\/wp\/v2\/posts\/40295\/revisions"}],"predecessor-version":[{"id":40297,"href":"https:\/\/www.iceagetv.com\/radiosite\/wp-json\/wp\/v2\/posts\/40295\/revisions\/40297"}],"wp:featuredmedia":[{"embeddable":true,"href":"https:\/\/www.iceagetv.com\/radiosite\/wp-json\/wp\/v2\/media\/40296"}],"wp:attachment":[{"href":"https:\/\/www.iceagetv.com\/radiosite\/wp-json\/wp\/v2\/media?parent=40295"}],"wp:term":[{"taxonomy":"category","embeddable":true,"href":"https:\/\/www.iceagetv.com\/radiosite\/wp-json\/wp\/v2\/categories?post=40295"},{"taxonomy":"post_tag","embeddable":true,"href":"https:\/\/www.iceagetv.com\/radiosite\/wp-json\/wp\/v2\/tags?post=40295"}],"curies":[{"name":"wp","href":"https:\/\/api.w.org\/{rel}","templated":true}]}}