{"id":40343,"date":"2025-12-06T12:56:39","date_gmt":"2025-12-06T11:56:39","guid":{"rendered":"https:\/\/www.iceagetv.com\/radiosite\/?p=40343"},"modified":"2025-12-06T12:56:44","modified_gmt":"2025-12-06T11:56:44","slug":"les-vaccins-anti-covid-nont-pas-cause-de-hausse-de-la-mortalite-en-france-depuis-leur-apparition-au-debut-des-annees-2020-montre-une-etude","status":"publish","type":"post","link":"https:\/\/www.iceagetv.com\/radiosite\/les-vaccins-anti-covid-nont-pas-cause-de-hausse-de-la-mortalite-en-france-depuis-leur-apparition-au-debut-des-annees-2020-montre-une-etude\/","title":{"rendered":"Les vaccins anti-Covid n&rsquo;ont pas caus\u00e9 de hausse de la mortalit\u00e9 en France depuis leur apparition au d\u00e9but des ann\u00e9es 2020, montre une \u00e9tude"},"content":{"rendered":"\n<p class=\"\">Les vaccins anti-Covid n&rsquo;ont pas caus\u00e9 de hausse de la mortalit\u00e9 en France depuis leur apparition au d\u00e9but des ann\u00e9es 2020, montre une \u00e9tude allant \u00e0 l&rsquo;encontre de th\u00e9ories r\u00e9pandues dans les milieux vaccinosceptiques.<\/p>\n\n\n\n<p class=\"\">\u00ab\u00a0Les vaccins \u00e0 ARN messager (ARNm) contre le Covid?19 n&rsquo;augmentent pas le risque de mortalit\u00e9 toutes causes \u00e0 long terme\u00a0\u00bb, r\u00e9sume dans un communiqu\u00e9 le groupement Epi-Phare, organisme fran\u00e7ais regroupant l&rsquo;Agence de s\u00e9curit\u00e9 du m\u00e9dicament (ANSM) et l&rsquo;Assurance maladie, dont les chercheurs ont publi\u00e9 cette \u00e9tude dans la revue Jama Network Open.<\/p>\n\n\n\n<p class=\"\">Ils ont examin\u00e9 des donn\u00e9es sur pr\u00e8s de 30 millions de Fran\u00e7ais entre 2021 et 2025, soit l&rsquo;ensemble de la tranche d&rsquo;\u00e2ge 18-59 ans. Une majorit\u00e9 &#8211; pr\u00e8s de 23 millions &#8211; ont re\u00e7u un vaccin \u00e0 partir de la mi-2021, date de lancement d&rsquo;une campagne massive de vaccination contre la maladie \u00e0 l&rsquo;origine d&rsquo;une pand\u00e9mie majeure au d\u00e9but des ann\u00e9es 2020.<\/p>\n\n\n\n<p class=\"\">Le reste, presque six millions, n&rsquo;a pas \u00e9t\u00e9 vaccin\u00e9, malgr\u00e9 des mesures contraignantes tel que le pass sanitaire.<\/p>\n\n\n\n<p class=\"\">La plupart de ces vaccins \u00e9taient ceux \u00e0 ARN messager, soit de Moderna, soit de Pfizer\/BioNTech vite devenu fer de lance de la vaccination anti-Covid en France.<\/p>\n\n\n\n<p class=\"\">Au sein du groupe vaccin\u00e9, 0,4% des personnes sont mortes dans les quatre ans ayant suivi l&rsquo;administration du premier vaccin. Au sein des non-vaccin\u00e9s, le chiffre s&rsquo;\u00e9tablit \u00e0 0,6%. Apr\u00e8s analyse statistique, les individus vaccin\u00e9s pr\u00e9sentaient \u00ab\u00a0un risque de d\u00e9c\u00e8s toute cause r\u00e9duit de 25%\u00a0\u00bb, conclut l&rsquo;\u00e9tude.<\/p>\n\n\n\n<p class=\"\">\u00ab\u00a0On peut dire avec un grand degr\u00e9 de confiance qu&rsquo;il n&rsquo;y a pas d&rsquo;augmentation du risque de mortalit\u00e9 apr\u00e8s un vaccin Covid\u00a0\u00bb, conclut aupr\u00e8s de l&rsquo;AFP le chercheur Mahmoud Zureik qui a supervis\u00e9 les travaux.<\/p>\n\n\n\n<p class=\"\">L&rsquo;efficacit\u00e9 et la s\u00e9curit\u00e9 des vaccins anti-Covid sont d\u00e9j\u00e0 document\u00e9s par de nombreuses \u00e9tudes. Les principaux effets secondaires graves, rares, sont des probl\u00e8mes cardiovasculaires &#8211; myocardites, p\u00e9ricardites&#8230; &#8211; qui ne remettent pas en cause l&rsquo;int\u00e9r\u00eat de la vaccination dans la plupart des tranches d&rsquo;\u00e2ge. Le vaccin Moderna a toutefois \u00e9t\u00e9 d\u00e9conseill\u00e9 en France aux jeunes adultes.<\/p>\n\n\n\n<p class=\"\">Mais les milieux vaccinosceptiques ont fr\u00e9quemment relay\u00e9 l&rsquo;id\u00e9e fausse que les vaccins, en particulier \u00e0 ARN messager, avaient tu\u00e9 \u00e0 bas bruit de nombreuses personnes, sans que cela apparaisse clairement dans les donn\u00e9es officielles, celles-ci se concentrant sur la mortalit\u00e9 directement li\u00e9e au Covid avec un recul de seulement quelques mois apr\u00e8s la vaccination.<\/p>\n\n\n\n<p class=\"\">\u00ab\u00a0On connaissait bien le profil \u00e0 court terme des vaccins Covid en mati\u00e8re de b\u00e9n\u00e9fices et de risques; par contre, leur b\u00e9n\u00e9fice \u00e0 long terme n&rsquo;avait jamais \u00e9t\u00e9 \u00e9tudi\u00e9\u00a0\u00bb, explique M. Zureik.<\/p>\n\n\n\n<p class=\"\">Si les chercheurs sont certains que les vaccins n&rsquo;ont pas caus\u00e9 de hausse de la mortalit\u00e9, ils pr\u00e9viennent que leur \u00e9tude, \u00e0 elle seule, ne permet pas d&rsquo;affirmer qu&rsquo;ils ont occasionn\u00e9 une baisse du taux g\u00e9n\u00e9ral de d\u00e9c\u00e8s.<\/p>\n\n\n\n<p class=\"\">L&rsquo;\u00e9cart entre les deux groupes peut, en effet, s&rsquo;expliquer par les effets positifs du vaccin \u00e0 plus ou moins long terme, mais aussi par la diff\u00e9rence des profils entre vaccin\u00e9s et non-vaccin\u00e9s: \u00e2ge, milieu social&#8230;<\/p>\n","protected":false},"excerpt":{"rendered":"<p>Les vaccins anti-Covid n&rsquo;ont pas caus\u00e9 de hausse de la mortalit\u00e9 en France depuis leur apparition au d\u00e9but des ann\u00e9es 2020, montre une \u00e9tude allant \u00e0 l&rsquo;encontre de th\u00e9ories r\u00e9pandues dans les milieux vaccinosceptiques. \u00ab\u00a0Les vaccins \u00e0 ARN messager (ARNm) contre le Covid?19 n&rsquo;augmentent pas le risque de mortalit\u00e9 toutes causes \u00e0 long terme\u00a0\u00bb, r\u00e9sume [&hellip;]<\/p>\n","protected":false},"author":2,"featured_media":40344,"comment_status":"open","ping_status":"open","sticky":false,"template":"","format":"standard","meta":{"_jetpack_memberships_contains_paid_content":false,"footnotes":"","jetpack_publicize_message":"","jetpack_publicize_feature_enabled":true,"jetpack_social_post_already_shared":true,"jetpack_social_options":{"image_generator_settings":{"template":"highway","default_image_id":0,"font":"","enabled":true,"token":"eyJpbWciOiJodHRwczpcL1wvd3d3LmljZWFnZXR2LmNvbVwvcmFkaW9zaXRlXC93cC1jb250ZW50XC91cGxvYWRzXC8yMDI1XC8xMlwvQjlCZ0o4QkUuanBnIiwidHh0IjoiTGVzIHZhY2NpbnMgYW50aS1Db3ZpZCBuJiM4MjE3O29udCBwYXMgY2F1c1x1MDBlOSBkZSBoYXVzc2UgZGUgbGEgbW9ydGFsaXRcdTAwZTkgZW4gRnJhbmNlIGRlcHVpcyBsZXVyIGFwcGFyaXRpb24gYXUgZFx1MDBlOWJ1dCBkZXMgYW5uXHUwMGU5ZXMgMjAyMCwgbW9udHJlIHVuZSBcdTAwZTl0dWRlIiwidGVtcGxhdGUiOiJoaWdod2F5IiwiZm9udCI6IiIsImJsb2dfaWQiOjExMTAxNjQ2MX0.e_TAwghxOr38B9UnUBd2dYDxLxmvjySeQo_5dDKiAacMQ"},"version":2},"_wpas_customize_per_network":false},"categories":[405],"tags":[],"class_list":["post-40343","post","type-post","status-publish","format-standard","has-post-thumbnail","hentry","category-actu-france-monde"],"jetpack_publicize_connections":[],"jetpack_featured_media_url":"https:\/\/i0.wp.com\/www.iceagetv.com\/radiosite\/wp-content\/uploads\/2025\/12\/B9BgJ8BE.jpg?fit=679%2C293&ssl=1","jetpack_sharing_enabled":true,"_links":{"self":[{"href":"https:\/\/www.iceagetv.com\/radiosite\/wp-json\/wp\/v2\/posts\/40343","targetHints":{"allow":["GET"]}}],"collection":[{"href":"https:\/\/www.iceagetv.com\/radiosite\/wp-json\/wp\/v2\/posts"}],"about":[{"href":"https:\/\/www.iceagetv.com\/radiosite\/wp-json\/wp\/v2\/types\/post"}],"author":[{"embeddable":true,"href":"https:\/\/www.iceagetv.com\/radiosite\/wp-json\/wp\/v2\/users\/2"}],"replies":[{"embeddable":true,"href":"https:\/\/www.iceagetv.com\/radiosite\/wp-json\/wp\/v2\/comments?post=40343"}],"version-history":[{"count":1,"href":"https:\/\/www.iceagetv.com\/radiosite\/wp-json\/wp\/v2\/posts\/40343\/revisions"}],"predecessor-version":[{"id":40345,"href":"https:\/\/www.iceagetv.com\/radiosite\/wp-json\/wp\/v2\/posts\/40343\/revisions\/40345"}],"wp:featuredmedia":[{"embeddable":true,"href":"https:\/\/www.iceagetv.com\/radiosite\/wp-json\/wp\/v2\/media\/40344"}],"wp:attachment":[{"href":"https:\/\/www.iceagetv.com\/radiosite\/wp-json\/wp\/v2\/media?parent=40343"}],"wp:term":[{"taxonomy":"category","embeddable":true,"href":"https:\/\/www.iceagetv.com\/radiosite\/wp-json\/wp\/v2\/categories?post=40343"},{"taxonomy":"post_tag","embeddable":true,"href":"https:\/\/www.iceagetv.com\/radiosite\/wp-json\/wp\/v2\/tags?post=40343"}],"curies":[{"name":"wp","href":"https:\/\/api.w.org\/{rel}","templated":true}]}}