{"id":40405,"date":"2025-12-08T18:39:36","date_gmt":"2025-12-08T17:39:36","guid":{"rendered":"https:\/\/www.iceagetv.com\/radiosite\/?p=40405"},"modified":"2025-12-08T18:39:42","modified_gmt":"2025-12-08T17:39:42","slug":"budget-de-la-securite-sociale-comment-comptent-voter-les-differents-partis-ce-mardi","status":"publish","type":"post","link":"https:\/\/www.iceagetv.com\/radiosite\/budget-de-la-securite-sociale-comment-comptent-voter-les-differents-partis-ce-mardi\/","title":{"rendered":"Budget de la S\u00e9curit\u00e9 sociale\u00a0: comment comptent voter les diff\u00e9rents partis ce mardi\u00a0?"},"content":{"rendered":"\n<p class=\"\">Les d\u00e9put\u00e9s votent ce mardi la partie \u00ab\u00a0d\u00e9penses\u00a0\u00bb du budget de la S\u00e9curit\u00e9 sociale, puis le texte dans son ensemble. L&rsquo;issue du scrutin s&rsquo;annonce tr\u00e8s incertaine. Voici les consignes de vote de chaque groupe \u00e0 l&rsquo;Assembl\u00e9e nationale.<\/p>\n\n\n\n<p class=\"\">Le scrutin s&rsquo;annonce extr\u00eamement serr\u00e9 ce mardi \u00e0 l&rsquo;Assembl\u00e9e nationale. Les d\u00e9put\u00e9s votent sur la partie \u00ab\u00a0d\u00e9penses\u00a0\u00bb\u00a0du projet de loi de financement de la S\u00e9curit\u00e9 sociale, avec\u00a0la suspension de l&#8217;embl\u00e9matique r\u00e9forme des retraites, avant un vote, le m\u00eame jour, sur l&rsquo;ensemble du texte.La&nbsp;<a href=\"https:\/\/www.francebleu.fr\/infos\/economie-social\/video-budget-de-la-securite-sociale-2026-l-assemblee-adopte-la-partie-recettes-les-debats-se-poursuivent-2599002\">partie \u00ab\u00a0recettes\u00a0\u00bb du texte a d\u00e9j\u00e0 \u00e9t\u00e9 adopt\u00e9e vendredi<\/a>, gr\u00e2ce \u00e0 plusieurs compromis conc\u00e9d\u00e9s par le gouvernement (contribution sociale g\u00e9n\u00e9ralis\u00e9e, abandon de l&rsquo;augmentation des franchises m\u00e9dicales), mais \u00e9galement gr\u00e2ce \u00e0 de nombreux absents dans l&rsquo;h\u00e9micycle, notamment dans les rangs du Rassemblement national. Voici comment comptent voter les diff\u00e9rents partis ce mardi.<\/p>\n\n\n\n<h2 class=\"wp-block-heading\">Renaissance et le MoDem voteront \u00ab\u00a0pour\u00a0\u00bb<\/h2>\n\n\n\n<p class=\"\">Le budget de la S\u00e9curit\u00e9 sociale&nbsp;<em>\u00ab\u00a0n&rsquo;est pas parfait<\/em>\u00ab\u00a0, parce qu&rsquo;<em>\u00ab\u00a0il est le fruit d&rsquo;une forme de compromis\u00a0\u00bb<\/em>, et&nbsp;<em>\u00ab\u00a0rester des mois sur la discussion budg\u00e9taire ne nous permettra pas d&rsquo;avancer\u00a0\u00bb<\/em>, a estim\u00e9 ce lundi sur&nbsp;<a target=\"_blank\" rel=\"noreferrer noopener\" href=\"https:\/\/www.radiofrance.fr\/franceinter\/podcasts\/l-invite-de-8h20-le-grand-entretien\/l-invite-de-8h20-le-grand-entretien-du-lundi-08-decembre-2025-2117604\">France Inter<\/a>&nbsp;le secr\u00e9taire g\u00e9n\u00e9ral du parti&nbsp;Renaissance&nbsp;Gabriel Attal, \u00e0 la veille du vote. Gabriel Attal appelle \u00e0&nbsp;<em>\u00ab\u00a0mettre \u00e7a derri\u00e8re nous, en \u00e9tant lucides sur le fait que ce n&rsquo;est pas un budget qui fait des choix politiques majeurs, qui r\u00e8gle vraiment les probl\u00e8mes, qu&rsquo;il faudra probablement y revenir apr\u00e8s 2027, mais en tout cas qu&rsquo;on puisse se consacrer \u00e0 autre chose\u00a0\u00bb.<\/em><\/p>\n\n\n\n<p class=\"\">Le parti pr\u00e9sidentiel Renaissance et la formation MoDem de l\u2019ancien Premier ministre Fran\u00e7ois Bayrou voteront pour le projet de loi. Ils repr\u00e9sentent respectivement 91 et 36 d\u00e9put\u00e9s dans l&rsquo;h\u00e9micycle.<\/p>\n\n\n\n<h2 class=\"wp-block-heading\">Le patron du PS appelle \u00e0 voter \u00ab\u00a0pour\u00a0\u00bb<\/h2>\n\n\n\n<p class=\"\">Le patron du Parti socialiste Olivier Faure a appel\u00e9 ce lundi ses d\u00e9put\u00e9s \u00e0 voter pour le projet de budget&nbsp;<em>\u00ab\u00a0de compromis\u00a0\u00bb<\/em>&nbsp;de la S\u00e9curit\u00e9 sociale. Le Premier secr\u00e9taire du PS a annonc\u00e9 sur BFMTV\/RMC qu&rsquo;il&nbsp;<em>\u00ab\u00a0plaidera le vote pour\u00a0\u00bb<\/em>&nbsp;lors de la r\u00e9union de ses 69 d\u00e9put\u00e9s, pr\u00e9vue mardi avant le vote.<\/p>\n\n\n\n<p class=\"\"><em>\u00ab\u00a0Le Premier ministre s&rsquo;est engag\u00e9 (sur la suspension de la r\u00e9forme des retraites), il s&rsquo;est montr\u00e9 fiable dans toute la discussion. Je souhaite que nous puissions \u00e0 notre tour \u00eatre fiables\u00a0\u00bb<\/em>, a-t-il d\u00e9clar\u00e9, estimant avoir obtenu&nbsp;<em>\u00ab\u00a0toute une s\u00e9rie d&rsquo;avanc\u00e9es\u00a0\u00bb<\/em>&nbsp;en&nbsp;<em>\u00ab\u00a0faisant sauter\u00a0\u00bb<\/em>&nbsp;le gel des pensions de retraite, des prestations sociales et le doublement des franchises m\u00e9dicales notamment.&nbsp;Le vote des socialistes a pris une importance cruciale, avec&nbsp;les refus de LR et d&rsquo;Horizons de soutenir le texte.<\/p>\n","protected":false},"excerpt":{"rendered":"<p>Les d\u00e9put\u00e9s votent ce mardi la partie \u00ab\u00a0d\u00e9penses\u00a0\u00bb du budget de la S\u00e9curit\u00e9 sociale, puis le texte dans son ensemble. L&rsquo;issue du scrutin s&rsquo;annonce tr\u00e8s incertaine. Voici les consignes de vote de chaque groupe \u00e0 l&rsquo;Assembl\u00e9e nationale. Le scrutin s&rsquo;annonce extr\u00eamement serr\u00e9 ce mardi \u00e0 l&rsquo;Assembl\u00e9e nationale. Les d\u00e9put\u00e9s votent sur la partie \u00ab\u00a0d\u00e9penses\u00a0\u00bb\u00a0du projet [&hellip;]<\/p>\n","protected":false},"author":2,"featured_media":40406,"comment_status":"open","ping_status":"open","sticky":false,"template":"","format":"standard","meta":{"_jetpack_memberships_contains_paid_content":false,"footnotes":"","jetpack_publicize_message":"","jetpack_publicize_feature_enabled":true,"jetpack_social_post_already_shared":true,"jetpack_social_options":{"image_generator_settings":{"template":"highway","default_image_id":0,"font":"","enabled":true,"token":"eyJpbWciOiJodHRwczpcL1wvd3d3LmljZWFnZXR2LmNvbVwvcmFkaW9zaXRlXC93cC1jb250ZW50XC91cGxvYWRzXC8yMDI1XC8xMlwvY29tbWVudC1jb21wdGVudC12b3Rlci1sZXMtZGlmZmVyZW50cy1wYXJ0aXMtY2UtbWFyZGkuanBnIiwidHh0IjoiQnVkZ2V0IGRlIGxhIFNcdTAwZTljdXJpdFx1MDBlOSBzb2NpYWxlXHUwMGEwOiBjb21tZW50IGNvbXB0ZW50IHZvdGVyIGxlcyBkaWZmXHUwMGU5cmVudHMgcGFydGlzIGNlIG1hcmRpXHUwMGEwPyIsInRlbXBsYXRlIjoiaGlnaHdheSIsImZvbnQiOiIiLCJibG9nX2lkIjoxMTEwMTY0NjF9.4RE2kzU8pIh4Ej0HbkiKfY2X3DhEen58uitGTA4Ox0oMQ"},"version":2},"_wpas_customize_per_network":false},"categories":[405],"tags":[],"class_list":["post-40405","post","type-post","status-publish","format-standard","has-post-thumbnail","hentry","category-actu-france-monde"],"jetpack_publicize_connections":[],"jetpack_featured_media_url":"https:\/\/i0.wp.com\/www.iceagetv.com\/radiosite\/wp-content\/uploads\/2025\/12\/comment-comptent-voter-les-differents-partis-ce-mardi.jpg?fit=593%2C309&ssl=1","jetpack_sharing_enabled":true,"_links":{"self":[{"href":"https:\/\/www.iceagetv.com\/radiosite\/wp-json\/wp\/v2\/posts\/40405","targetHints":{"allow":["GET"]}}],"collection":[{"href":"https:\/\/www.iceagetv.com\/radiosite\/wp-json\/wp\/v2\/posts"}],"about":[{"href":"https:\/\/www.iceagetv.com\/radiosite\/wp-json\/wp\/v2\/types\/post"}],"author":[{"embeddable":true,"href":"https:\/\/www.iceagetv.com\/radiosite\/wp-json\/wp\/v2\/users\/2"}],"replies":[{"embeddable":true,"href":"https:\/\/www.iceagetv.com\/radiosite\/wp-json\/wp\/v2\/comments?post=40405"}],"version-history":[{"count":1,"href":"https:\/\/www.iceagetv.com\/radiosite\/wp-json\/wp\/v2\/posts\/40405\/revisions"}],"predecessor-version":[{"id":40407,"href":"https:\/\/www.iceagetv.com\/radiosite\/wp-json\/wp\/v2\/posts\/40405\/revisions\/40407"}],"wp:featuredmedia":[{"embeddable":true,"href":"https:\/\/www.iceagetv.com\/radiosite\/wp-json\/wp\/v2\/media\/40406"}],"wp:attachment":[{"href":"https:\/\/www.iceagetv.com\/radiosite\/wp-json\/wp\/v2\/media?parent=40405"}],"wp:term":[{"taxonomy":"category","embeddable":true,"href":"https:\/\/www.iceagetv.com\/radiosite\/wp-json\/wp\/v2\/categories?post=40405"},{"taxonomy":"post_tag","embeddable":true,"href":"https:\/\/www.iceagetv.com\/radiosite\/wp-json\/wp\/v2\/tags?post=40405"}],"curies":[{"name":"wp","href":"https:\/\/api.w.org\/{rel}","templated":true}]}}