{"id":40413,"date":"2025-12-09T14:39:20","date_gmt":"2025-12-09T13:39:20","guid":{"rendered":"https:\/\/www.iceagetv.com\/radiosite\/?p=40413"},"modified":"2025-12-09T14:39:25","modified_gmt":"2025-12-09T13:39:25","slug":"les-educateurs-dun-foyer-a-paris-rasent-la-tete-dun-enfant-en-guise-de-sanction-puis-diffusent-la-video-en-interne-afin-de-lhumilier-et-servir-dexemple-un-signal","status":"publish","type":"post","link":"https:\/\/www.iceagetv.com\/radiosite\/les-educateurs-dun-foyer-a-paris-rasent-la-tete-dun-enfant-en-guise-de-sanction-puis-diffusent-la-video-en-interne-afin-de-lhumilier-et-servir-dexemple-un-signal\/","title":{"rendered":"Les \u00e9ducateurs d\u2019un foyer \u00e0 Paris rasent la t\u00eate d\u2019un enfant en guise de sanction, puis diffusent la vid\u00e9o en interne afin de l\u2019humilier et servir d\u2019exemple &#8211; Un signalement \u00e0 la justice a \u00e9t\u00e9 effectu\u00e9"},"content":{"rendered":"\n<p class=\"\">En f\u00e9vrier dernier, un enfant \u00e2g\u00e9 de 8 ans s&rsquo;est fait raser la t\u00eate par une \u00e9ducatrice d&rsquo;un foyer de l&rsquo;aide sociale \u00e0 l&rsquo;enfance (ASE) dans le 13e arrondissement de Paris. L&rsquo;information est r\u00e9v\u00e9l\u00e9e ce mardi par&nbsp;<a href=\"https:\/\/www.franceinfo.fr\/societe\/enfance-et-adolescence\/info-franceinfo-c-est-une-sanction-des-educateurs-rasent-les-cheveux-d-un-enfant-place-dans-un-foyer-a-paris-et-le-filment_7666297.html\" target=\"_blank\" rel=\"noreferrer noopener\">Franceinfo<\/a>.<\/p>\n\n\n\n<p class=\"\">La sc\u00e8ne a \u00e9t\u00e9 film\u00e9e par un autre \u00e9ducateur et partag\u00e9e sur le groupe WhatsApp interne des \u00e9ducateurs du foyer. \u00ab\u00a0Vous avez vu avec les parents pour le raser \u00e0 blanc ?\u00a0\u00bb, questionne un \u00e9ducateur en d\u00e9couvrant les images. R\u00e9ponse d\u2019un de ses coll\u00e8gues : \u00ab\u00a0Non, nous avons pris la d\u00e9cision sans consulter personne\u00a0\u00bb.<\/p>\n\n\n\n<p class=\"\">\u00ab\u00a0Vous \u00eates fous. On est en plein hiver, il va avoir super froid\u00a0\u00bb, r\u00e9agit l\u2019\u00e9ducateur. Nos conf\u00e8res &#8211; qui ont pu avoir acc\u00e8s aux conversations du groupe WhatsApp &#8211; indiquent que l\u2019une des \u00e9ducatrices explique avoir pris cette d\u00e9cision car il s&rsquo;agit \u00ab\u00a0d&rsquo;une sanction\u00a0\u00bb.<\/p>\n\n\n\n<p class=\"\">Quelques jours plus tard, la m\u00e8re d&rsquo;Eliott (le pr\u00e9nom a \u00e9t\u00e9 chang\u00e9) demande des explications. Les \u00e9ducateurs lui r\u00e9pondent que le coiffeur a rat\u00e9 la coupe de cheveux du jeune gar\u00e7on.<\/p>\n\n\n\n<p class=\"\">\u00ab\u00a0La maman n\u2019apprend la r\u00e9alit\u00e9 que plusieurs mois plus tard, fin septembre, en d\u00e9couvrant les vid\u00e9os. L\u00e0, le foyer lui donne une nouvelle explication\u202f: la nouvelle directrice \u2013 qui a pris son poste d\u00e9but septembre, soit apr\u00e8s les faits \u2013 explique qu\u2019Eliott avait des poux et que les salons de coiffure ont refus\u00e9 de le prendre pour lui couper les cheveux\u00a0\u00bb, indiquent nos confr\u00e8res. Mais aucun coiffeur qui s&rsquo;occupe du jeune gar\u00e7on ne se souvient avoir refus\u00e9 une coupe de cheveux.&nbsp;<\/p>\n\n\n\n<p class=\"\">Selon Franceinfo, l&rsquo;\u00e9ducatrice qui a ras\u00e9 la t\u00eate d&rsquo;Eliott &#8211; qui est en arr\u00eat maladie &#8211; appelle un soir la m\u00e8re du gar\u00e7on \u00ab\u00a0pour lui expliquer qu\u2019elle n\u2019est pas responsable de ce qu\u2019il s\u2019est pass\u00e9, que c\u2019est un concours de circonstances et que ce qu\u2019on voit sur les vid\u00e9os ne traduit pas les faits tels qu\u2019ils se sont r\u00e9ellement d\u00e9roul\u00e9s\u00a0\u00bb.&nbsp;<\/p>\n\n\n\n<p class=\"\">L&rsquo;avocat de la m\u00e8re envoie un mail \u00e0 la juge des enfants pour signaler les faits qu&rsquo;il consid\u00e8re comme des \u00ab\u00a0faits de maltraitance\u00a0\u00bb. Depuis, la juge n&rsquo;a pas donn\u00e9 de suite. \u00ab\u00a0On a bel et bien des \u00e9ducatrices qui ont de leur propre chef ras\u00e9 un enfant, ce qui est tout bonnement interdit, ce n\u2019est pas dans leurs missions\u00a0\u00bb, confie maitre Axel Delaunay-Belleville \u00e0 nos confr\u00e8res.&nbsp;<\/p>\n\n\n\n<p class=\"\">\u00ab\u00a0On se rend compte que sur des vid\u00e9os prises par des tiers qui sont cens\u00e9s s\u2019occuper d\u2019eux, on se moque de l\u2019enfant et on se retrouve avec un petit gar\u00e7on qui est apeur\u00e9 pendant plusieurs semaines\u202f\u00a0\u00bb, d\u00e9nonce-t-il.&nbsp;<\/p>\n\n\n\n<p class=\"\">\u00ab\u00a0Ni l\u2019accord de l\u2019enfant, ni l\u2019autorisation de sa m\u00e8re, ni les tentatives infructueuses pour se d\u00e9barrasser des poux ne sauraient justifier cette pratique humiliante\u00a0\u00bb, a r\u00e9agi de son c\u00f4t\u00e9 la mairie de Paris \u00e0 Franceinfo. La mairie dit avoir confi\u00e9 le suivi de ce cas \u00e0 la cellule d\u2019appui, d\u2019\u00e9valuation et de contr\u00f4le (CAEC).&nbsp;<\/p>\n\n\n\n<p class=\"\">\u00ab\u00a0La m\u00e8re a par ailleurs \u00e9t\u00e9 encourag\u00e9e \u00e0 porter plainte et une attention particuli\u00e8re a \u00e9t\u00e9 port\u00e9e \u00e0 l\u2019enfant victime qui souhaite vouloir rester dans ce foyer et dit s\u2019y sentir bien\u00a0\u00bb, ajoute la municipalit\u00e9 \u00e0 Franceinfo.&nbsp;<\/p>\n","protected":false},"excerpt":{"rendered":"<p>En f\u00e9vrier dernier, un enfant \u00e2g\u00e9 de 8 ans s&rsquo;est fait raser la t\u00eate par une \u00e9ducatrice d&rsquo;un foyer de l&rsquo;aide sociale \u00e0 l&rsquo;enfance (ASE) dans le 13e arrondissement de Paris. L&rsquo;information est r\u00e9v\u00e9l\u00e9e ce mardi par&nbsp;Franceinfo. La sc\u00e8ne a \u00e9t\u00e9 film\u00e9e par un autre \u00e9ducateur et partag\u00e9e sur le groupe WhatsApp interne des \u00e9ducateurs [&hellip;]<\/p>\n","protected":false},"author":2,"featured_media":40414,"comment_status":"open","ping_status":"open","sticky":false,"template":"","format":"standard","meta":{"_jetpack_memberships_contains_paid_content":false,"footnotes":"","jetpack_publicize_message":"","jetpack_publicize_feature_enabled":true,"jetpack_social_post_already_shared":true,"jetpack_social_options":{"image_generator_settings":{"template":"highway","default_image_id":0,"font":"","enabled":true,"token":"eyJpbWciOiJodHRwczpcL1wvd3d3LmljZWFnZXR2LmNvbVwvcmFkaW9zaXRlXC93cC1jb250ZW50XC91cGxvYWRzXC8yMDI1XC8xMlwvcGFyaXMtZm95ZXouanBnIiwidHh0IjoiTGVzIFx1MDBlOWR1Y2F0ZXVycyBkXHUyMDE5dW4gZm95ZXIgXHUwMGUwIFBhcmlzIHJhc2VudCBsYSB0XHUwMGVhdGUgZFx1MjAxOXVuIGVuZmFudCBlbiBndWlzZSBkZSBzYW5jdGlvbiwgcHVpcyBkaWZmdXNlbnQgbGEgdmlkXHUwMGU5byBlbiBpbnRlcm5lIGFmaW4gZGUgbFx1MjAxOWh1bWlsaWVyIGV0IHNlcnZpciBkXHUyMDE5ZXhlbXBsZSAmIzgyMTE7IFVuIHNpZ25hbGVtZW50IFx1MDBlMCBsYSBqdXN0aWNlIGEgXHUwMGU5dFx1MDBlOSBlZmZlY3R1XHUwMGU5IiwidGVtcGxhdGUiOiJoaWdod2F5IiwiZm9udCI6IiIsImJsb2dfaWQiOjExMTAxNjQ2MX0.vy0hPZE1MbonaStFp4xeqtLO0kl7Sls8XjQBQak0K9wMQ"},"version":2},"_wpas_customize_per_network":false},"categories":[405],"tags":[],"class_list":["post-40413","post","type-post","status-publish","format-standard","has-post-thumbnail","hentry","category-actu-france-monde"],"jetpack_publicize_connections":[],"jetpack_featured_media_url":"https:\/\/i0.wp.com\/www.iceagetv.com\/radiosite\/wp-content\/uploads\/2025\/12\/paris-foyez.jpg?fit=669%2C450&ssl=1","jetpack_sharing_enabled":true,"_links":{"self":[{"href":"https:\/\/www.iceagetv.com\/radiosite\/wp-json\/wp\/v2\/posts\/40413","targetHints":{"allow":["GET"]}}],"collection":[{"href":"https:\/\/www.iceagetv.com\/radiosite\/wp-json\/wp\/v2\/posts"}],"about":[{"href":"https:\/\/www.iceagetv.com\/radiosite\/wp-json\/wp\/v2\/types\/post"}],"author":[{"embeddable":true,"href":"https:\/\/www.iceagetv.com\/radiosite\/wp-json\/wp\/v2\/users\/2"}],"replies":[{"embeddable":true,"href":"https:\/\/www.iceagetv.com\/radiosite\/wp-json\/wp\/v2\/comments?post=40413"}],"version-history":[{"count":1,"href":"https:\/\/www.iceagetv.com\/radiosite\/wp-json\/wp\/v2\/posts\/40413\/revisions"}],"predecessor-version":[{"id":40415,"href":"https:\/\/www.iceagetv.com\/radiosite\/wp-json\/wp\/v2\/posts\/40413\/revisions\/40415"}],"wp:featuredmedia":[{"embeddable":true,"href":"https:\/\/www.iceagetv.com\/radiosite\/wp-json\/wp\/v2\/media\/40414"}],"wp:attachment":[{"href":"https:\/\/www.iceagetv.com\/radiosite\/wp-json\/wp\/v2\/media?parent=40413"}],"wp:term":[{"taxonomy":"category","embeddable":true,"href":"https:\/\/www.iceagetv.com\/radiosite\/wp-json\/wp\/v2\/categories?post=40413"},{"taxonomy":"post_tag","embeddable":true,"href":"https:\/\/www.iceagetv.com\/radiosite\/wp-json\/wp\/v2\/tags?post=40413"}],"curies":[{"name":"wp","href":"https:\/\/api.w.org\/{rel}","templated":true}]}}