{"id":40430,"date":"2025-12-09T20:48:25","date_gmt":"2025-12-09T19:48:25","guid":{"rendered":"https:\/\/www.iceagetv.com\/radiosite\/?p=40430"},"modified":"2025-12-09T20:48:30","modified_gmt":"2025-12-09T19:48:30","slug":"une-tres-mauvaise-nouvelle-un-tres-bon-signe-les-reactions-politiques-apres-ladoption-du-budget-de-la-secu","status":"publish","type":"post","link":"https:\/\/www.iceagetv.com\/radiosite\/une-tres-mauvaise-nouvelle-un-tres-bon-signe-les-reactions-politiques-apres-ladoption-du-budget-de-la-secu\/","title":{"rendered":"\u00ab\u00a0Une tr\u00e8s mauvaise nouvelle\u00a0\u00bb, \u00ab\u00a0un tr\u00e8s bon signe\u00a0\u00bb&#8230; Les r\u00e9actions politiques apr\u00e8s l&rsquo;adoption du budget de la S\u00e9cu"},"content":{"rendered":"\n<p class=\"\">Les d\u00e9put\u00e9s ont adopt\u00e9 mardi de justesse le projet de budget de la S\u00e9curit\u00e9 sociale pour 2026.L&rsquo;Assembl\u00e9e nationale a adopt\u00e9 mardi 9 d\u00e9cembre\u00a0<a href=\"https:\/\/www.franceinfo.fr\/economie\/budget\/budget-de-la-securite-sociale-que-contient-vraiment-le-texte-et-quels-seront-les-votes-pour-et-contre_7668442.html\">le budget de la S\u00e9curit\u00e9 sociale<\/a>, \u00e0 13 voix pr\u00e8s. Une victoire majeure pour le Premier ministre S\u00e9bastien Lecornu, qui gagne son pari dans une Assembl\u00e9e sans majorit\u00e9 et sans avoir utilis\u00e9 le 49.3. Il \u00ab\u00a0remercie\u00a0\u00bb d&rsquo;ailleurs sur X les d\u00e9put\u00e9s pour leur \u00ab\u00a0<em>responsabilit\u00e9<\/em>\u00ab\u00a0.\u00a0<em>\u00ab\u00a0Cette majorit\u00e9 de responsabilit\u00e9 montre que le compromis n\u2019est pas un slogan : il permet d\u2019avancer dans le sens de l\u2019int\u00e9r\u00eat g\u00e9n\u00e9ral\u00a0\u00bb<\/em>, poursuit le Premier ministre qui rappelle que\u00a0<em>\u00ab\u00a0les trois parties du PLFSS pour 2026 \u2013 recettes, d\u00e9penses, et compte de l\u2019ann\u00e9e en cours \u2013 ont \u00e9t\u00e9 adopt\u00e9es librement, sans 49-3, une premi\u00e8re depuis 2022\u00a0\u00bb<\/em>.<em>Le chemin n&rsquo;est pas fini\u00a0\u00bb<\/em>, d\u00e9clare ce mardi la pr\u00e9sidente de l&rsquo;Assembl\u00e9e nationale Ya\u00ebl Braun-Pivet, apr\u00e8s le vote par les d\u00e9put\u00e9s du projet de loi de financement de la S\u00e9curit\u00e9 sociale.\u00a0<em>\u00ab\u00a0Mais cela montre que, sur les \u00e9quilibres que nous avons trouv\u00e9s, il y a une majorit\u00e9 \u00e0 l&rsquo;Assembl\u00e9e nationale\u00a0\u00bb<\/em>, assure-t-elle.\u00a0<em>\u00ab\u00a0Donc, c&rsquo;est un tr\u00e8s bon signe\u00a0\u00bb<\/em>, affirme la pr\u00e9sidente de l&rsquo;Assembl\u00e9e nationale.\u00a0<em>\u00ab\u00a0L&rsquo;immense probabilit\u00e9 pour la suite des \u00e9v\u00e9nements, c&rsquo;est que le texte puisse \u00eatre adopt\u00e9 d\u00e9finitivement, mais la navette se poursuit\u00a0\u00bb<\/em>, conclut-elle.<em>\u00ab\u00a0C\u2019est une \u00e9tape majeure qu\u2019on ne minore pas\u00a0\u00bb<\/em>, affirme Maud Bregeon, \u00e0 franceinfo. La porte-parole du gouvernement salue&nbsp;<em>\u00ab\u00a0une premi\u00e8re dans la Ve R\u00e9publique qui consacre une m\u00e9thode et la bonne volont\u00e9 d\u2019une majorit\u00e9 de d\u00e9put\u00e9s\u00a0\u00bb<\/em>. Mais elle pr\u00e9vient que&nbsp;<em>\u00ab\u00a0le chemin est encore long, entre la lecture d\u00e9finitive du PLFSS et la suite du PLF\u00a0\u00bb.<\/em><\/p>\n\n\n\n<h2 class=\"wp-block-heading\">Le PS estime n&rsquo;avoir \u00ab\u00a0trahi personne\u00a0\u00bb<\/h2>\n\n\n\n<p class=\"\"><em>\u00ab\u00a0Je crois que nous n&rsquo;avons trahi personne\u00a0\u00bb<\/em>, assure de son c\u00f4t\u00e9 le premier secr\u00e9taire du Parti socialiste Olivier Faure.&nbsp;<em>\u00ab\u00a0Au contraire, nous sommes de ceux qui n&rsquo;ont pas attendu un grand soir hypoth\u00e9tique pour obtenir des victoires\u00a0\u00bb<\/em>, ajoute le d\u00e9put\u00e9. \u00c0 la sortie de l&rsquo;h\u00e9micycle, Olivier Faure estime \u00e9galement que&nbsp;<em>\u00ab\u00a0ce budget n&rsquo;est le budget de personne\u00a0\u00bb<\/em>&nbsp;et que&nbsp;<em>\u00ab\u00a0cette victoire est d&rsquo;abord celle du Parlement\u00a0\u00bb<\/em>&nbsp;et du compromis trouv\u00e9.<\/p>\n\n\n\n<p class=\"\"><em>\u00ab\u00a0Ce soir, tous ceux qui ont particip\u00e9 \u00e0 ce r\u00e9sultat ont fait tout simplement leur job de parlementaire, c&rsquo;est-\u00e0-dire repr\u00e9senter les Fran\u00e7ais qui leur ont demand\u00e9 de trouver des solutions\u00a0\u00bb<\/em>, estime quant \u00e0 lui le d\u00e9put\u00e9 socialiste J\u00e9r\u00f4me Guedj.<\/p>\n\n\n\n<p class=\"\"><em>\u00ab\u00a0Nous avons fait le pari du d\u00e9bat parlementaire, c&rsquo;est-\u00e0-dire de la d\u00e9mocratie\u00a0\u00bb<\/em>, r\u00e9agit le pr\u00e9sident du groupe socialiste \u00e0 l&rsquo;Assembl\u00e9e nationale, Boris Vallaud.&nbsp;<em>\u00ab\u00a0Ce soir, nous pouvons dire que nous avons fait \u0153uvre utile\u00a0\u00bb, poursuit-il, \u00ab\u00a0certains font feu sur les socialistes, je dois vous dire que \u00e7a ne nous impressionne pas.\u00a0\u00bb<\/em><\/p>\n\n\n\n<h2 class=\"wp-block-heading\">\u00ab\u00a0Une tr\u00e8s mauvaise nouvelle pour le pays\u00a0\u00bb, d\u00e9nonce LFI<\/h2>\n\n\n\n<p class=\"\">La cheffe de file des d\u00e9put\u00e9s insoumis, Mathilde Panot, d\u00e9nonce&nbsp;<em>\u00ab\u00a0une tr\u00e8s mauvaise nouvelle pour le pays\u00a0\u00bb<\/em>.&nbsp;<em>\u00ab\u00a0Ceux qui ont vot\u00e9 pour ce budget, ou laiss\u00e9 passer ce budget par leur abstention, permettraient, si ce budget \u00e9tait r\u00e9ellement adopt\u00e9 en derni\u00e8re lecture, de faire quatre milliards de coupes sur la sant\u00e9, et notamment sur l&rsquo;h\u00f4pital public\u00a0\u00bb<\/em>, estime la d\u00e9put\u00e9e. Mathilde Panot juge que le vote du PS en faveur du PLFSS&nbsp;<em>\u00ab\u00a0confirme le changement d&rsquo;alliance du Parti socialiste qui d\u00e9cide de rejoindre le camp des soutiens du gouvernement\u00a0\u00bb<\/em>.<\/p>\n\n\n\n<p class=\"\">\u00ab\u00a0Ce budget n&#8217;emp\u00eachera pas la crise financi\u00e8re, il l&rsquo;aggravera parce qu&rsquo;il montre un pouvoir aux abois, sans ligne, ni coh\u00e9rence\u00a0\u00bb, d\u00e9nonce ce mardi sur X le leader de la France insoumise Jean-Luc M\u00e9lenchon, apr\u00e8s l&rsquo;adoption du PLFSS par les d\u00e9put\u00e9s. \u00ab\u00a0Sans augmentation des recettes et sans diminution des d\u00e9penses par la pr\u00e9vention, cet exercice purement comptable n&rsquo;a aucune coh\u00e9rence\u00a0\u00bb, insiste-t-il.<\/p>\n\n\n\n<p class=\"\"><em>\u00ab\u00a0Ce budget n&#8217;emp\u00eachera pas la crise financi\u00e8re, il l&rsquo;aggravera parce qu&rsquo;il montre un pouvoir aux abois, sans ligne, ni coh\u00e9rence\u00a0\u00bb<\/em>, d\u00e9nonce sur X le leader de la France insoumise Jean-Luc M\u00e9lenchon. \u00ab\u00a0<em>Sans augmentation des recettes et sans diminution des d\u00e9penses par la pr\u00e9vention, cet exercice purement comptable n&rsquo;a aucune coh\u00e9rence\u00a0\u00bb<\/em>, insiste-t-il.<\/p>\n\n\n\n<h2 class=\"wp-block-heading\">\u00ab\u00a0Ce sont les Fran\u00e7ais qui paient la facture\u00a0\u00bb pour le RN<\/h2>\n\n\n\n<p class=\"\"><em>\u00ab\u00a0C&rsquo;est l&rsquo;agonie du macronisme et ce sont les Fran\u00e7ais qui paient la facture\u00a0\u00bb<\/em>, soutient Jean-Philippe Tanguy, d\u00e9put\u00e9 Rassemblement national de la Somme, apr\u00e8s le vote mardi soir par les d\u00e9put\u00e9s du projet de loi de financement de la S\u00e9curit\u00e9 sociale. \u00ab\u00a0<em>Ce budget de la S\u00e9curit\u00e9 sociale, c&rsquo;est 20 milliards de d\u00e9ficit\u00a0\u00bb<\/em>, d\u00e9plore le d\u00e9put\u00e9 RN.\u00a0<em>\u00ab\u00a0On a jamais vu \u00e7a sous la V<sup>e<\/sup>\u00a0R\u00e9publique, plus de d\u00e9ficit, plus d&rsquo;imp\u00f4ts et moins de droits sociaux\u00a0\u00bb<\/em>, dit-il.Les R\u00e9publicains divis\u00e9s<\/p>\n\n\n\n<p class=\"\">Le patron de LR Bruno Retailleau a d\u00e9nonc\u00e9&nbsp;<em>\u00ab\u00a0un budget qui n&rsquo;est pas bon pour la France\u00a0\u00bb<\/em>&nbsp;et qui ne r\u00e9pond pas aux&nbsp;<em>\u00ab\u00a0convictions\u00a0\u00bb<\/em>&nbsp;de la droite, m\u00eame si 18&nbsp;d\u00e9put\u00e9s de son parti ont approuv\u00e9 celui de la S\u00e9curit\u00e9 sociale pour 2026.&nbsp;<em>\u00ab\u00a0Je persiste \u00e0 dire que ce n&rsquo;est pas un bon budget pour la France\u00a0\u00bb<\/em>, a d\u00e9clar\u00e9 \u00e0 la presse le pr\u00e9sident des R\u00e9publicains \u00e0 son arriv\u00e9e au repas de No\u00ebl de la f\u00e9d\u00e9ration des Yvelines du parti.&nbsp;<em>\u00ab\u00a0Ce ne sont pas nos convictions ni nos propositions\u00a0\u00bb<\/em>, a-t-il ajout\u00e9.<\/p>\n\n\n\n<p class=\"\">Le d\u00e9put\u00e9 LR de la Haute-Loire, Laurent Wauquiez, se montre lui plus mesur\u00e9.&nbsp;<em>\u00ab\u00a0Nous nous sommes battus tout au long des d\u00e9bats pour l\u2019am\u00e9liorer : suppression de hausses d\u2019imp\u00f4ts, retour de la d\u00e9fiscalisation int\u00e9grale des heures suppl\u00e9mentaires, revalorisation des retraites\u2026 Ce texte n\u2019est ni parfait, ni id\u00e9al. C\u2019est un moindre mal\u00a0\u00bb<\/em>, estime-t-il sur le r\u00e9seau social X.<\/p>\n","protected":false},"excerpt":{"rendered":"<p>Les d\u00e9put\u00e9s ont adopt\u00e9 mardi de justesse le projet de budget de la S\u00e9curit\u00e9 sociale pour 2026.L&rsquo;Assembl\u00e9e nationale a adopt\u00e9 mardi 9 d\u00e9cembre\u00a0le budget de la S\u00e9curit\u00e9 sociale, \u00e0 13 voix pr\u00e8s. Une victoire majeure pour le Premier ministre S\u00e9bastien Lecornu, qui gagne son pari dans une Assembl\u00e9e sans majorit\u00e9 et sans avoir utilis\u00e9 le [&hellip;]<\/p>\n","protected":false},"author":2,"featured_media":40424,"comment_status":"open","ping_status":"open","sticky":false,"template":"","format":"standard","meta":{"_jetpack_memberships_contains_paid_content":false,"footnotes":"","jetpack_publicize_message":"","jetpack_publicize_feature_enabled":true,"jetpack_social_post_already_shared":true,"jetpack_social_options":{"image_generator_settings":{"template":"highway","default_image_id":0,"font":"","enabled":true,"token":"eyJpbWciOiJodHRwczpcL1wvd3d3LmljZWFnZXR2LmNvbVwvcmFkaW9zaXRlXC93cC1jb250ZW50XC91cGxvYWRzXC8yMDI1XC8xMlwvRUZUQzF1eUEuanBnIiwidHh0IjoiJiM4MjIwO1VuZSB0clx1MDBlOHMgbWF1dmFpc2Ugbm91dmVsbGUmIzgyMjE7LCAmIzgyMjA7dW4gdHJcdTAwZThzIGJvbiBzaWduZSYjODIyMTsmIzgyMzA7IExlcyByXHUwMGU5YWN0aW9ucyBwb2xpdGlxdWVzIGFwclx1MDBlOHMgbCYjODIxNzthZG9wdGlvbiBkdSBidWRnZXQgZGUgbGEgU1x1MDBlOWN1IiwidGVtcGxhdGUiOiJoaWdod2F5IiwiZm9udCI6IiIsImJsb2dfaWQiOjExMTAxNjQ2MX0.xclIFwpETvQQkyrM3anCJLt3IkMzNEQjd5zJtocRz1wMQ"},"version":2},"_wpas_customize_per_network":false},"categories":[405],"tags":[],"class_list":["post-40430","post","type-post","status-publish","format-standard","has-post-thumbnail","hentry","category-actu-france-monde"],"jetpack_publicize_connections":[],"jetpack_featured_media_url":"https:\/\/i0.wp.com\/www.iceagetv.com\/radiosite\/wp-content\/uploads\/2025\/12\/EFTC1uyA.jpg?fit=679%2C293&ssl=1","jetpack_sharing_enabled":true,"_links":{"self":[{"href":"https:\/\/www.iceagetv.com\/radiosite\/wp-json\/wp\/v2\/posts\/40430","targetHints":{"allow":["GET"]}}],"collection":[{"href":"https:\/\/www.iceagetv.com\/radiosite\/wp-json\/wp\/v2\/posts"}],"about":[{"href":"https:\/\/www.iceagetv.com\/radiosite\/wp-json\/wp\/v2\/types\/post"}],"author":[{"embeddable":true,"href":"https:\/\/www.iceagetv.com\/radiosite\/wp-json\/wp\/v2\/users\/2"}],"replies":[{"embeddable":true,"href":"https:\/\/www.iceagetv.com\/radiosite\/wp-json\/wp\/v2\/comments?post=40430"}],"version-history":[{"count":1,"href":"https:\/\/www.iceagetv.com\/radiosite\/wp-json\/wp\/v2\/posts\/40430\/revisions"}],"predecessor-version":[{"id":40431,"href":"https:\/\/www.iceagetv.com\/radiosite\/wp-json\/wp\/v2\/posts\/40430\/revisions\/40431"}],"wp:featuredmedia":[{"embeddable":true,"href":"https:\/\/www.iceagetv.com\/radiosite\/wp-json\/wp\/v2\/media\/40424"}],"wp:attachment":[{"href":"https:\/\/www.iceagetv.com\/radiosite\/wp-json\/wp\/v2\/media?parent=40430"}],"wp:term":[{"taxonomy":"category","embeddable":true,"href":"https:\/\/www.iceagetv.com\/radiosite\/wp-json\/wp\/v2\/categories?post=40430"},{"taxonomy":"post_tag","embeddable":true,"href":"https:\/\/www.iceagetv.com\/radiosite\/wp-json\/wp\/v2\/tags?post=40430"}],"curies":[{"name":"wp","href":"https:\/\/api.w.org\/{rel}","templated":true}]}}