{"id":40450,"date":"2025-12-10T14:24:44","date_gmt":"2025-12-10T13:24:44","guid":{"rendered":"https:\/\/www.iceagetv.com\/radiosite\/?p=40450"},"modified":"2025-12-10T14:24:49","modified_gmt":"2025-12-10T13:24:49","slug":"le-premier-ministre-sebastien-lecornu-estime-quil-est-possible-de-doter-la-france-dun-budget-dici-a-la-fin-de-lannee","status":"publish","type":"post","link":"https:\/\/www.iceagetv.com\/radiosite\/le-premier-ministre-sebastien-lecornu-estime-quil-est-possible-de-doter-la-france-dun-budget-dici-a-la-fin-de-lannee\/","title":{"rendered":"Le Premier ministre S\u00e9bastien Lecornu estime qu&rsquo;il est \u00ab\u00a0possible\u00a0\u00bb de doter la France d&rsquo;un budget d&rsquo;ici \u00e0 la fin de l&rsquo;ann\u00e9e"},"content":{"rendered":"\n<p class=\"\">S\u00e9bastien Lecornu a r\u00e9affirm\u00e9 ce mercredi en Conseil des ministres que son \u00ab&nbsp;objectif&nbsp;\u00bb \u00e9tait \u00ab&nbsp;de doter la France d\u2019un budget&nbsp;\u00bb de l\u2019\u00c9tat \u00ab&nbsp;d\u2019ici au 31&nbsp;d\u00e9cembre&nbsp;\u00bb, jugeant que c\u2019\u00e9tait \u00ab&nbsp;possible&nbsp;\u00bb, a rapport\u00e9 la porte-parole du gouvernement Maud Bregeon devant la presse.<\/p>\n\n\n\n<p class=\"\">\u00ab&nbsp;Mais la balle est aujourd\u2019hui dans le camp du Parlement et significativement de la droite s\u00e9natoriale qui occupe, comme vous le savez, une grande place dans la commission mixte paritaire&nbsp;\u00bb qui r\u00e9unit s\u00e9nateurs et d\u00e9put\u00e9s cens\u00e9s trouver un compromis sur le budget de l\u2019\u00c9tat, a-t-elle dit au lendemain&nbsp;d\u2019un vote positif \u00e0 l&rsquo;Assembl\u00e9e nationale&nbsp;sur l\u2019autre texte financier annuel, le budget de la S\u00e9curit\u00e9 sociale.<\/p>\n\n\n\n<p class=\"\">Le projet adopt\u00e9 par les d\u00e9put\u00e9s est de retour au S\u00e9nat pour quelques jours seulement.<\/p>\n\n\n\n<p class=\"\">Les s\u00e9nateurs ont d\u00e9cid\u00e9 mercredi en commission de s&rsquo;y opposer d&#8217;embl\u00e9e, permettant son retour rapide \u00e0 l&rsquo;Assembl\u00e9e en vue d&rsquo;une adoption d\u00e9finitive.<\/p>\n","protected":false},"excerpt":{"rendered":"<p>S\u00e9bastien Lecornu a r\u00e9affirm\u00e9 ce mercredi en Conseil des ministres que son \u00ab&nbsp;objectif&nbsp;\u00bb \u00e9tait \u00ab&nbsp;de doter la France d\u2019un budget&nbsp;\u00bb de l\u2019\u00c9tat \u00ab&nbsp;d\u2019ici au 31&nbsp;d\u00e9cembre&nbsp;\u00bb, jugeant que c\u2019\u00e9tait \u00ab&nbsp;possible&nbsp;\u00bb, a rapport\u00e9 la porte-parole du gouvernement Maud Bregeon devant la presse. \u00ab&nbsp;Mais la balle est aujourd\u2019hui dans le camp du Parlement et significativement de la droite [&hellip;]<\/p>\n","protected":false},"author":2,"featured_media":40451,"comment_status":"open","ping_status":"open","sticky":false,"template":"","format":"standard","meta":{"_jetpack_memberships_contains_paid_content":false,"footnotes":"","jetpack_publicize_message":"","jetpack_publicize_feature_enabled":true,"jetpack_social_post_already_shared":true,"jetpack_social_options":{"image_generator_settings":{"template":"highway","default_image_id":0,"font":"","enabled":true,"token":"eyJpbWciOiJodHRwczpcL1wvd3d3LmljZWFnZXR2LmNvbVwvcmFkaW9zaXRlXC93cC1jb250ZW50XC91cGxvYWRzXC8yMDI1XC8xMlwvb1V4VlM1TFkuanBnIiwidHh0IjoiTGUgUHJlbWllciBtaW5pc3RyZSBTXHUwMGU5YmFzdGllbiBMZWNvcm51IGVzdGltZSBxdSYjODIxNztpbCBlc3QgJiM4MjIwO3Bvc3NpYmxlJiM4MjIxOyBkZSBkb3RlciBsYSBGcmFuY2UgZCYjODIxNzt1biBidWRnZXQgZCYjODIxNztpY2kgXHUwMGUwIGxhIGZpbiBkZSBsJiM4MjE3O2Fublx1MDBlOWUiLCJ0ZW1wbGF0ZSI6ImhpZ2h3YXkiLCJmb250IjoiIiwiYmxvZ19pZCI6MTExMDE2NDYxfQ.oLfHzBQ9wpAY0q5aR_iLfOssPjoS8JKmKu83JGVqfncMQ"},"version":2},"_wpas_customize_per_network":false},"categories":[405],"tags":[],"class_list":["post-40450","post","type-post","status-publish","format-standard","has-post-thumbnail","hentry","category-actu-france-monde"],"jetpack_publicize_connections":[],"jetpack_featured_media_url":"https:\/\/i0.wp.com\/www.iceagetv.com\/radiosite\/wp-content\/uploads\/2025\/12\/oUxVS5LY.jpg?fit=679%2C293&ssl=1","jetpack_sharing_enabled":true,"_links":{"self":[{"href":"https:\/\/www.iceagetv.com\/radiosite\/wp-json\/wp\/v2\/posts\/40450","targetHints":{"allow":["GET"]}}],"collection":[{"href":"https:\/\/www.iceagetv.com\/radiosite\/wp-json\/wp\/v2\/posts"}],"about":[{"href":"https:\/\/www.iceagetv.com\/radiosite\/wp-json\/wp\/v2\/types\/post"}],"author":[{"embeddable":true,"href":"https:\/\/www.iceagetv.com\/radiosite\/wp-json\/wp\/v2\/users\/2"}],"replies":[{"embeddable":true,"href":"https:\/\/www.iceagetv.com\/radiosite\/wp-json\/wp\/v2\/comments?post=40450"}],"version-history":[{"count":1,"href":"https:\/\/www.iceagetv.com\/radiosite\/wp-json\/wp\/v2\/posts\/40450\/revisions"}],"predecessor-version":[{"id":40452,"href":"https:\/\/www.iceagetv.com\/radiosite\/wp-json\/wp\/v2\/posts\/40450\/revisions\/40452"}],"wp:featuredmedia":[{"embeddable":true,"href":"https:\/\/www.iceagetv.com\/radiosite\/wp-json\/wp\/v2\/media\/40451"}],"wp:attachment":[{"href":"https:\/\/www.iceagetv.com\/radiosite\/wp-json\/wp\/v2\/media?parent=40450"}],"wp:term":[{"taxonomy":"category","embeddable":true,"href":"https:\/\/www.iceagetv.com\/radiosite\/wp-json\/wp\/v2\/categories?post=40450"},{"taxonomy":"post_tag","embeddable":true,"href":"https:\/\/www.iceagetv.com\/radiosite\/wp-json\/wp\/v2\/tags?post=40450"}],"curies":[{"name":"wp","href":"https:\/\/api.w.org\/{rel}","templated":true}]}}