{"id":40517,"date":"2025-12-11T12:43:31","date_gmt":"2025-12-11T11:43:31","guid":{"rendered":"https:\/\/www.iceagetv.com\/radiosite\/?p=40517"},"modified":"2025-12-11T12:43:34","modified_gmt":"2025-12-11T11:43:34","slug":"un-sapeur-pompier-volontaire-reconnu-coupable-davoir-declenche-sept-feux-de-forets-en-indre-et-loire-condamne-a-24-mois-de-prison-dont-12-avec-sursis","status":"publish","type":"post","link":"https:\/\/www.iceagetv.com\/radiosite\/un-sapeur-pompier-volontaire-reconnu-coupable-davoir-declenche-sept-feux-de-forets-en-indre-et-loire-condamne-a-24-mois-de-prison-dont-12-avec-sursis\/","title":{"rendered":"Un sapeur-pompier volontaire, reconnu coupable d\u2019avoir d\u00e9clench\u00e9 sept feux de for\u00eats en Indre-et-Loire, condamn\u00e9 \u00e0 24 mois de prison dont 12 avec sursis"},"content":{"rendered":"\n<p class=\"\">Un sapeur-pompier volontaire, reconnu coupable d\u2019avoir d\u00e9clench\u00e9 sept feux de for\u00eats en Indre-et-Loire, a \u00e9t\u00e9 condamn\u00e9 mercredi \u00e0 24 mois de prison dont 12 avec sursis par le tribunal correctionnel de Tours.<\/p>\n\n\n\n<p class=\"\">\u00c2g\u00e9 de 25 ans, il s\u2019est vu reprocher d\u2019avoir provoqu\u00e9 les d\u00e9parts de feu entre le 31 mars et le 12 juillet. Des feux qualifi\u00e9s d\u2019\u00ab&nbsp;assez peu importants&nbsp;\u00bb pour la plupart, sauf pour le dernier, du 12 juillet, o\u00f9 un feu dans la for\u00eat de Brizay avait alors ravag\u00e9 six hectares.<\/p>\n\n\n\n<p class=\"\">Le jeune homme, ouvrier agricole, a \u00e9t\u00e9 condamn\u00e9 \u00e0 24 mois d\u2019emprisonnement assortis d\u2019un sursis probatoire de 12 mois. La prison ferme sera am\u00e9nag\u00e9e sous bracelet \u00e9lectronique.<\/p>\n\n\n\n<p class=\"\">Son avocat Me Arthur Gauthier avait indiqu\u00e9 que son client avait reconnu \u00eatre \u00e0 l\u2019origine de quelques feux, \u00ab&nbsp;mais de fa\u00e7on involontaire&nbsp;\u00bb, \u00e9voquant \u00ab&nbsp;des m\u00e9gots de cigarette&nbsp;\u00bb mal \u00e9teints et des mauvaises manipulations li\u00e9es \u00e0 son activit\u00e9 d\u2019ouvrier agricole.<\/p>\n\n\n\n<p class=\"\">Dans l\u2019attente de son jugement, le tribunal l\u2019avait temporairement plac\u00e9 \u00ab&nbsp;sous contr\u00f4le judiciaire en dehors du d\u00e9partement d\u2019Indre-et-Loire, avec interdiction de s\u2019y rendre&nbsp;\u00bb et \u00ab&nbsp;ordonn\u00e9 une expertise psychiatrique&nbsp;\u00bb. Une mesure lev\u00e9e lors d\u2019un renvoi de l\u2019audience le 19 septembre.<\/p>\n\n\n\n<p class=\"\">Ce \u00ab&nbsp;sapeur-pompier volontaire du CIS Le Bouchardais&nbsp;\u00bb avait \u00e9t\u00e9 suspendu \u00ab&nbsp;dans le cadre d\u2019une mesure conservatoire&nbsp;\u00bb, \u00ab&nbsp;compte-tenu de la gravit\u00e9 des faits&nbsp;\u00bb, selon le Service d\u00e9partemental d\u2019incendie et de secours (Sdis) d\u2019Indre-et-Loire, qui s\u2019est port\u00e9 partie civile dans cette affaire.<\/p>\n\n\n\n<p class=\"\">Les pompiers du d\u00e9partement, 352 professionnels et 2.080 volontaires, ont effectu\u00e9 plus de 36.000 interventions en 2024, a rappel\u00e9 le service de secours.<\/p>\n","protected":false},"excerpt":{"rendered":"<p>Un sapeur-pompier volontaire, reconnu coupable d\u2019avoir d\u00e9clench\u00e9 sept feux de for\u00eats en Indre-et-Loire, a \u00e9t\u00e9 condamn\u00e9 mercredi \u00e0 24 mois de prison dont 12 avec sursis par le tribunal correctionnel de Tours. \u00c2g\u00e9 de 25 ans, il s\u2019est vu reprocher d\u2019avoir provoqu\u00e9 les d\u00e9parts de feu entre le 31 mars et le 12 juillet. Des [&hellip;]<\/p>\n","protected":false},"author":2,"featured_media":40518,"comment_status":"open","ping_status":"open","sticky":false,"template":"","format":"standard","meta":{"_jetpack_memberships_contains_paid_content":false,"footnotes":"","jetpack_publicize_message":"","jetpack_publicize_feature_enabled":true,"jetpack_social_post_already_shared":true,"jetpack_social_options":{"image_generator_settings":{"template":"highway","default_image_id":0,"font":"","enabled":false},"version":2},"_wpas_customize_per_network":false},"categories":[405],"tags":[],"class_list":["post-40517","post","type-post","status-publish","format-standard","has-post-thumbnail","hentry","category-actu-france-monde"],"jetpack_publicize_connections":[],"jetpack_featured_media_url":"https:\/\/i0.wp.com\/www.iceagetv.com\/radiosite\/wp-content\/uploads\/2025\/12\/AZIcLkWP.jpg?fit=679%2C293&ssl=1","jetpack_sharing_enabled":true,"_links":{"self":[{"href":"https:\/\/www.iceagetv.com\/radiosite\/wp-json\/wp\/v2\/posts\/40517","targetHints":{"allow":["GET"]}}],"collection":[{"href":"https:\/\/www.iceagetv.com\/radiosite\/wp-json\/wp\/v2\/posts"}],"about":[{"href":"https:\/\/www.iceagetv.com\/radiosite\/wp-json\/wp\/v2\/types\/post"}],"author":[{"embeddable":true,"href":"https:\/\/www.iceagetv.com\/radiosite\/wp-json\/wp\/v2\/users\/2"}],"replies":[{"embeddable":true,"href":"https:\/\/www.iceagetv.com\/radiosite\/wp-json\/wp\/v2\/comments?post=40517"}],"version-history":[{"count":1,"href":"https:\/\/www.iceagetv.com\/radiosite\/wp-json\/wp\/v2\/posts\/40517\/revisions"}],"predecessor-version":[{"id":40519,"href":"https:\/\/www.iceagetv.com\/radiosite\/wp-json\/wp\/v2\/posts\/40517\/revisions\/40519"}],"wp:featuredmedia":[{"embeddable":true,"href":"https:\/\/www.iceagetv.com\/radiosite\/wp-json\/wp\/v2\/media\/40518"}],"wp:attachment":[{"href":"https:\/\/www.iceagetv.com\/radiosite\/wp-json\/wp\/v2\/media?parent=40517"}],"wp:term":[{"taxonomy":"category","embeddable":true,"href":"https:\/\/www.iceagetv.com\/radiosite\/wp-json\/wp\/v2\/categories?post=40517"},{"taxonomy":"post_tag","embeddable":true,"href":"https:\/\/www.iceagetv.com\/radiosite\/wp-json\/wp\/v2\/tags?post=40517"}],"curies":[{"name":"wp","href":"https:\/\/api.w.org\/{rel}","templated":true}]}}