{"id":40535,"date":"2025-12-12T11:30:23","date_gmt":"2025-12-12T10:30:23","guid":{"rendered":"https:\/\/www.iceagetv.com\/radiosite\/?p=40535"},"modified":"2025-12-12T11:30:26","modified_gmt":"2025-12-12T10:30:26","slug":"guerre-en-ukraine-la-paix-est-desormais-a-portee-de-main-estime-jean-noel-barrot-ministre-des-affaires-etrangeres","status":"publish","type":"post","link":"https:\/\/www.iceagetv.com\/radiosite\/guerre-en-ukraine-la-paix-est-desormais-a-portee-de-main-estime-jean-noel-barrot-ministre-des-affaires-etrangeres\/","title":{"rendered":"Guerre en Ukraine : \u00ab\u00a0La paix est d\u00e9sormais \u00e0 port\u00e9e de main\u00a0\u00bb, estime Jean-No\u00ebl Barrot, ministre des Affaires \u00e9trang\u00e8res"},"content":{"rendered":"\n<p class=\"\">Les n\u00e9gociations de paix se poursuivent, notamment \u00e0 propos du contr\u00f4le de la r\u00e9gion de Donestk, dans l&rsquo;est de l&rsquo;Ukraine, et de la centrale nucl\u00e9aire de Zaporijjia.<em>\u00ab\u00a0La paix est d\u00e9sormais \u00e0 port\u00e9e de main\u00a0\u00bb<\/em>\u00a0en Ukraine, estime vendredi 12 d\u00e9cembre sur franceinfo Jean-No\u00ebl Barrot, ministre fran\u00e7ais des Affaires \u00e9trang\u00e8res, alors que des\u00a0<a href=\"https:\/\/www.franceinfo.fr\/monde\/europe\/manifestations-en-ukraine\/guerre-en-ukraine-donald-trump-extremement-frustre-par-kiev-et-moscou_7673413.html\">n\u00e9gociations\u00a0<\/a>sont en cours, notamment au sujet des concessions territoriales, pour mettre fin \u00e0 la guerre avec la Russie.<em>\u00ab\u00a0C&rsquo;est aux Ukrainiens et \u00e0 eux seuls qu&rsquo;il appartient de prendre des d\u00e9cisions qui concernent leur territoire\u00a0\u00bb<\/em>, souligne Jean-No\u00ebl Barrot.&nbsp;<em>\u00ab\u00a0Mais c&rsquo;est vrai, la paix est d\u00e9sormais \u00e0 port\u00e9e de main. Le pr\u00e9sident Zelensky a montr\u00e9 depuis neuf mois sa disposition \u00e0 cr\u00e9er les conditions d&rsquo;une paix, une paix qui soit juste et une paix qui soit durable, qui ne soit pas une capitulation. C&rsquo;est maintenant \u00e0 Vladimir Poutine de faire le dernier pas et de mettre fin \u00e0 cette guerre imp\u00e9rialiste et coloniale\u00a0\u00bb<\/em>, affirme-t-il.<\/p>\n\n\n\n<h2 class=\"wp-block-heading\">Le Donbass au coeur des n\u00e9gociations<\/h2>\n\n\n\n<p class=\"\">Les n\u00e9gociations en cours portent particuli\u00e8rement sur la r\u00e9gion du Donbass. L&rsquo;un des principaux n\u00e9gociateurs ukrainiens a indiqu\u00e9 au journal Le Monde que l&rsquo;Ukraine accepte de reculer ses troupes dans les derni\u00e8res parties du Donbass qu&rsquo;elle contr\u00f4le encore, mais seulement si une zone d\u00e9militaris\u00e9e est mise en place \u00e0 la fronti\u00e8re, contr\u00f4l\u00e9e par une mission de surveillance et un contingent \u00e9tranger.<\/p>\n\n\n\n<p class=\"\">Dans ce cadre, les Europ\u00e9ens&nbsp;<em>\u00ab\u00a0se concentrent sur la fa\u00e7on dont ils peuvent contribuer \u00e0 ce qu&rsquo;une paix soit durable\u00a0\u00bb<\/em>, indique Jean-No\u00ebl Barrot. La Coalition des volontaires s&rsquo;est r\u00e9unie jeudi 11 d\u00e9cembre&nbsp;<em>\u00ab\u00a0pour rassembler les capacit\u00e9s militaires qui seront n\u00e9cessaires pour r\u00e9g\u00e9n\u00e9rer l&rsquo;arm\u00e9e ukrainienne\u00a0\u00bb<\/em>&nbsp;et&nbsp;<em>\u00ab\u00a0pour installer en Ukraine des capacit\u00e9s militaires qui dissuaderont durablement la Russie d&rsquo;agresser \u00e0 nouveau l&rsquo;Ukraine\u00a0\u00bb<\/em>.&nbsp;<em>\u00ab\u00a0Cette planification est en train d&rsquo;\u00eatre finalis\u00e9e\u00a0\u00bb<\/em>, dit-il.<\/p>\n\n\n\n<h2 class=\"wp-block-heading\">Les sanctions prolong\u00e9es<\/h2>\n\n\n\n<p class=\"\">Par ailleurs, les 27 pays membres de l&rsquo;UE doivent ent\u00e9riner ce vendredi la prolongation des sanctions sur les avoirs russes.&nbsp;<em>\u00ab\u00a0Les Europ\u00e9ens vont d\u00e9cider de priver la Russie des actifs qui sont aujourd&rsquo;hui plac\u00e9s en Europe &#8211; 200 milliards&nbsp;d&rsquo;euros &#8211; aussi longtemps que n\u00e9cessaire, jusqu&rsquo;\u00e0 ce que la Russie cesse sa guerre d&rsquo;agression et verse des r\u00e9parations \u00e0 l&rsquo;Ukraine\u00a0\u00bb<\/em>, explique le ministre des Affaires \u00e9trang\u00e8res.&nbsp;<em>\u00ab\u00a0Personne\u00a0\u00bb<\/em>&nbsp;d&rsquo;autre que les Europ\u00e9ens ne pourra toucher \u00e0 ces avoirs.<\/p>\n\n\n\n<p class=\"\">Mais la question se pose toujours de leur utilisation, \u00e0 laquelle est oppos\u00e9e la Belgique, o\u00f9 se trouve l&rsquo;essentiel de ces avoirs.&nbsp;<em>\u00ab\u00a0Beaucoup de choses sont envisageables, y compris la constitution d&rsquo;un paquet de financements qui est en train d&rsquo;\u00eatre discut\u00e9 intens\u00e9ment \u00e0 Bruxelles, qui pourrait aboutir \u00e0 la fin de la semaine prochaine pour mettre l&rsquo;Ukraine \u00e0 l&rsquo;abri de toute difficult\u00e9 pendant au moins deux ans\u00a0\u00bb<\/em>, indique Jean-No\u00ebl Barrot.<\/p>\n\n\n\n<p class=\"\">Les chefs d&rsquo;\u00c9tat et de gouvernement des 27 se r\u00e9uniront en sommet \u00e0 Bruxelles le 18 d\u00e9cembre pour discuter de ce plan de financement de l&rsquo;Ukraine.<\/p>\n","protected":false},"excerpt":{"rendered":"<p>Les n\u00e9gociations de paix se poursuivent, notamment \u00e0 propos du contr\u00f4le de la r\u00e9gion de Donestk, dans l&rsquo;est de l&rsquo;Ukraine, et de la centrale nucl\u00e9aire de Zaporijjia.\u00ab\u00a0La paix est d\u00e9sormais \u00e0 port\u00e9e de main\u00a0\u00bb\u00a0en Ukraine, estime vendredi 12 d\u00e9cembre sur franceinfo Jean-No\u00ebl Barrot, ministre fran\u00e7ais des Affaires \u00e9trang\u00e8res, alors que des\u00a0n\u00e9gociations\u00a0sont en cours, notamment au [&hellip;]<\/p>\n","protected":false},"author":2,"featured_media":40536,"comment_status":"open","ping_status":"open","sticky":false,"template":"","format":"standard","meta":{"_jetpack_memberships_contains_paid_content":false,"footnotes":"","jetpack_publicize_message":"","jetpack_publicize_feature_enabled":true,"jetpack_social_post_already_shared":true,"jetpack_social_options":{"image_generator_settings":{"template":"highway","default_image_id":0,"font":"","enabled":false},"version":2},"_wpas_customize_per_network":false},"categories":[405],"tags":[],"class_list":["post-40535","post","type-post","status-publish","format-standard","has-post-thumbnail","hentry","category-actu-france-monde"],"jetpack_publicize_connections":[],"jetpack_featured_media_url":"https:\/\/i0.wp.com\/www.iceagetv.com\/radiosite\/wp-content\/uploads\/2025\/12\/La-paix-est-desormais-a-portee-de-main.jpg?fit=770%2C458&ssl=1","jetpack_sharing_enabled":true,"_links":{"self":[{"href":"https:\/\/www.iceagetv.com\/radiosite\/wp-json\/wp\/v2\/posts\/40535","targetHints":{"allow":["GET"]}}],"collection":[{"href":"https:\/\/www.iceagetv.com\/radiosite\/wp-json\/wp\/v2\/posts"}],"about":[{"href":"https:\/\/www.iceagetv.com\/radiosite\/wp-json\/wp\/v2\/types\/post"}],"author":[{"embeddable":true,"href":"https:\/\/www.iceagetv.com\/radiosite\/wp-json\/wp\/v2\/users\/2"}],"replies":[{"embeddable":true,"href":"https:\/\/www.iceagetv.com\/radiosite\/wp-json\/wp\/v2\/comments?post=40535"}],"version-history":[{"count":1,"href":"https:\/\/www.iceagetv.com\/radiosite\/wp-json\/wp\/v2\/posts\/40535\/revisions"}],"predecessor-version":[{"id":40537,"href":"https:\/\/www.iceagetv.com\/radiosite\/wp-json\/wp\/v2\/posts\/40535\/revisions\/40537"}],"wp:featuredmedia":[{"embeddable":true,"href":"https:\/\/www.iceagetv.com\/radiosite\/wp-json\/wp\/v2\/media\/40536"}],"wp:attachment":[{"href":"https:\/\/www.iceagetv.com\/radiosite\/wp-json\/wp\/v2\/media?parent=40535"}],"wp:term":[{"taxonomy":"category","embeddable":true,"href":"https:\/\/www.iceagetv.com\/radiosite\/wp-json\/wp\/v2\/categories?post=40535"},{"taxonomy":"post_tag","embeddable":true,"href":"https:\/\/www.iceagetv.com\/radiosite\/wp-json\/wp\/v2\/tags?post=40535"}],"curies":[{"name":"wp","href":"https:\/\/api.w.org\/{rel}","templated":true}]}}