{"id":40555,"date":"2025-12-12T20:30:58","date_gmt":"2025-12-12T19:30:58","guid":{"rendered":"https:\/\/www.iceagetv.com\/radiosite\/?p=40555"},"modified":"2025-12-12T20:31:02","modified_gmt":"2025-12-12T19:31:02","slug":"pret-a-porter-la-marque-ikks-fondee-en-1987-et-qui-compte-plus-de-1-000-salaries-en-france-va-etre-reprise-mais-la-moitie-des-emplois-seront-supprimes","status":"publish","type":"post","link":"https:\/\/www.iceagetv.com\/radiosite\/pret-a-porter-la-marque-ikks-fondee-en-1987-et-qui-compte-plus-de-1-000-salaries-en-france-va-etre-reprise-mais-la-moitie-des-emplois-seront-supprimes\/","title":{"rendered":"Pr\u00eat \u00e0 porter : La marque IKKS, fond\u00e9e en 1987 et qui compte plus de 1.000 salari\u00e9s en France va \u00eatre reprise, mais la moiti\u00e9 des emplois seront supprim\u00e9s."},"content":{"rendered":"\n<p class=\"\">Le tribunal des activit\u00e9s \u00e9conomiques de Paris, qui s\u2019est prononc\u00e9 aujourd&rsquo;hui sur la reprise du groupe de pr\u00eat-\u00e0-porter IKKS, plac\u00e9 en redressement judiciaire, a tranch\u00e9 en faveur de l\u2019offre de reprise d\u00e9pos\u00e9e par le co-fondateur de Veepee (ex-vente-privee.com), Micha\u00ebl Benabou, et par l\u2019actuel pr\u00e9sident de la holding HoldIKKS, Santiago Cucci. Les deux entrepreneurs avaient en face d\u2019eux une dizaine de repreneurs potentiels, dont le groupe industriel fran\u00e7ais Verdoso, qui a rachet\u00e9 l\u2019an dernier The Kooples, et le groupe Amoniss, propri\u00e9taire de Pimkie. \u00abNous sommes ravis de reprendre cette marque fran\u00e7aise iconique\u00bb, confie Santiago Cucci au Figaro.<\/p>\n\n\n\n<p class=\"\">Pour les deux entrepreneurs, ce projet est celui de deux hommes ayant \u00abune amiti\u00e9 forte\u00bb, d\u00e9sireux de construire \u00abdepuis des ann\u00e9es une aventure commune\u00bb, avec des \u00abpersonnalit\u00e9s compl\u00e9mentaires\u00bb.<\/p>\n\n\n\n<p class=\"\">Santiago Cucci, 56 ans, a occup\u00e9 des postes \u00e0 haute responsabilit\u00e9 dans la mode, notamment en tant que PDG de Dockers, une marque appartenant au groupe Levi\u2019s.<\/p>\n\n\n\n<p class=\"\">Il dirigera l\u2019entreprise, en tant que PDG, tandis Micha\u00ebl Benabou en sera l\u2019actionnaire majoritaire. Le groupe comptait fin ao\u00fbt 473 points de vente en France et dans 11 autres pays, et employait 1287 salari\u00e9s dans le monde, dont 1094 en France, selon les administrateurs judiciaires aupr\u00e8s de l\u2019AFP. Santiago Cucci et Micha\u00ebl Benabou s\u2019engagent \u00e0 maintenir dans l\u2019Hexagone quelque 220 points de vente et \u00e0 conserver quelque 500 des 1.000 salari\u00e9s.<\/p>\n","protected":false},"excerpt":{"rendered":"<p>Le tribunal des activit\u00e9s \u00e9conomiques de Paris, qui s\u2019est prononc\u00e9 aujourd&rsquo;hui sur la reprise du groupe de pr\u00eat-\u00e0-porter IKKS, plac\u00e9 en redressement judiciaire, a tranch\u00e9 en faveur de l\u2019offre de reprise d\u00e9pos\u00e9e par le co-fondateur de Veepee (ex-vente-privee.com), Micha\u00ebl Benabou, et par l\u2019actuel pr\u00e9sident de la holding HoldIKKS, Santiago Cucci. Les deux entrepreneurs avaient en [&hellip;]<\/p>\n","protected":false},"author":2,"featured_media":40556,"comment_status":"open","ping_status":"open","sticky":false,"template":"","format":"standard","meta":{"_jetpack_memberships_contains_paid_content":false,"footnotes":"","jetpack_publicize_message":"","jetpack_publicize_feature_enabled":true,"jetpack_social_post_already_shared":true,"jetpack_social_options":{"image_generator_settings":{"template":"highway","default_image_id":0,"font":"","enabled":false},"version":2},"_wpas_customize_per_network":false},"categories":[405],"tags":[],"class_list":["post-40555","post","type-post","status-publish","format-standard","has-post-thumbnail","hentry","category-actu-france-monde"],"jetpack_publicize_connections":[],"jetpack_featured_media_url":"https:\/\/i0.wp.com\/www.iceagetv.com\/radiosite\/wp-content\/uploads\/2025\/12\/GRU1jcjx.jpg?fit=679%2C293&ssl=1","jetpack_sharing_enabled":true,"_links":{"self":[{"href":"https:\/\/www.iceagetv.com\/radiosite\/wp-json\/wp\/v2\/posts\/40555","targetHints":{"allow":["GET"]}}],"collection":[{"href":"https:\/\/www.iceagetv.com\/radiosite\/wp-json\/wp\/v2\/posts"}],"about":[{"href":"https:\/\/www.iceagetv.com\/radiosite\/wp-json\/wp\/v2\/types\/post"}],"author":[{"embeddable":true,"href":"https:\/\/www.iceagetv.com\/radiosite\/wp-json\/wp\/v2\/users\/2"}],"replies":[{"embeddable":true,"href":"https:\/\/www.iceagetv.com\/radiosite\/wp-json\/wp\/v2\/comments?post=40555"}],"version-history":[{"count":1,"href":"https:\/\/www.iceagetv.com\/radiosite\/wp-json\/wp\/v2\/posts\/40555\/revisions"}],"predecessor-version":[{"id":40557,"href":"https:\/\/www.iceagetv.com\/radiosite\/wp-json\/wp\/v2\/posts\/40555\/revisions\/40557"}],"wp:featuredmedia":[{"embeddable":true,"href":"https:\/\/www.iceagetv.com\/radiosite\/wp-json\/wp\/v2\/media\/40556"}],"wp:attachment":[{"href":"https:\/\/www.iceagetv.com\/radiosite\/wp-json\/wp\/v2\/media?parent=40555"}],"wp:term":[{"taxonomy":"category","embeddable":true,"href":"https:\/\/www.iceagetv.com\/radiosite\/wp-json\/wp\/v2\/categories?post=40555"},{"taxonomy":"post_tag","embeddable":true,"href":"https:\/\/www.iceagetv.com\/radiosite\/wp-json\/wp\/v2\/tags?post=40555"}],"curies":[{"name":"wp","href":"https:\/\/api.w.org\/{rel}","templated":true}]}}