{"id":40574,"date":"2025-12-13T14:58:04","date_gmt":"2025-12-13T13:58:04","guid":{"rendered":"https:\/\/www.iceagetv.com\/radiosite\/?p=40574"},"modified":"2025-12-13T14:58:08","modified_gmt":"2025-12-13T13:58:08","slug":"les-utilisateurs-europeens-de-facebook-et-instagram-vont-pouvoir-opter-pour-des-publicites-plus-respectueuses-de-leurs-donnees-personnelles-sans-souscrire-pour-autant-a-un-abonnement-payant","status":"publish","type":"post","link":"https:\/\/www.iceagetv.com\/radiosite\/les-utilisateurs-europeens-de-facebook-et-instagram-vont-pouvoir-opter-pour-des-publicites-plus-respectueuses-de-leurs-donnees-personnelles-sans-souscrire-pour-autant-a-un-abonnement-payant\/","title":{"rendered":"Les utilisateurs europ\u00e9ens de Facebook et Instagram vont pouvoir opter pour des publicit\u00e9s plus respectueuses de leurs donn\u00e9es personnelles, sans souscrire pour autant \u00e0 un abonnement payant"},"content":{"rendered":"\n<p class=\"\">Les utilisateurs europ\u00e9ens de Facebook et Instagram vont pouvoir opter pour des publicit\u00e9s plus respectueuses de leurs donn\u00e9es personnelles, sans souscrire pour autant \u00e0 un abonnement payant, selon des engagements formels pris par leur maison m\u00e8re Meta pour tenter de clore un contentieux avec Bruxelles.<\/p>\n\n\n\n<p class=\"\">La Commission europ\u00e9enne a annonc\u00e9 avoir re\u00e7u ces engagements, pris par Meta pour se mettre en conformit\u00e9 avec le r\u00e8glement europ\u00e9en sur les march\u00e9s num\u00e9riques (DMA). L&rsquo;ex\u00e9cutif europ\u00e9en avait impos\u00e9 au g\u00e9ant am\u00e9ricain des r\u00e9seaux sociaux une amende de 200 millions d&rsquo;euros en avril, la premi\u00e8re inflig\u00e9e dans le cadre du DMA (simultan\u00e9ment avec une amende de 500 millions d&rsquo;euros prononc\u00e9e contre Apple). Bruxelles avait estim\u00e9 que le groupe enfreignait les dispositions du DMA en mati\u00e8re de traitement des donn\u00e9es personnelles.<\/p>\n\n\n\n<p class=\"\">Cette difficult\u00e9 faisait suite \u00e0 la mise en place fin 2023 dans l&rsquo;UE d&rsquo;un abonnement permettant d&rsquo;utiliser Facebook et Instagram sans voir de publicit\u00e9s, pourtant pr\u00e9sent\u00e9 par Meta comme un moyen de respecter les exigences r\u00e9glementaires europ\u00e9ennes en mati\u00e8re de donn\u00e9es personnelles.<\/p>\n\n\n\n<p class=\"\">Le groupe avait oblig\u00e9 alors les utilisateurs refusant de payer l&rsquo;abonnement \u00e0 consentir \u00e0 l&rsquo;exploitation de leurs donn\u00e9es personnelles \u00e0 des fins publicitaires, sans leur donner \u00e0 l&rsquo;\u00e9poque la possibilit\u00e9 d&rsquo;opter pour des publicit\u00e9s moins personnalis\u00e9es, comme le pr\u00e9voit le DMA.<\/p>\n\n\n\n<p class=\"\">Apr\u00e8s des mises en garde de l&rsquo;UE, Meta a mis en place \u00e0 l&rsquo;automne 2024 un nouveau mod\u00e8le publicitaire visant \u00e0 se mettre en conformit\u00e9. Selon Bruxelles, le nouveau syst\u00e8me ne r\u00e9pond pas totalement aux obligations du DMA, mais Meta pr\u00e9pare une nouvelle version qui sera pr\u00e9sent\u00e9e en janvier, et qui devrait r\u00e9soudre \u00ab\u00a0de mani\u00e8re effective\u00a0\u00bb les griefs soulev\u00e9s.<\/p>\n\n\n\n<p class=\"\">L&rsquo;entreprise donnera alors un choix plus clair aux utilisateurs refusant de payer un abonnement : ils pourront soit \u00ab\u00a0consentir \u00e0 partager toutes leurs donn\u00e9es et voir des publicit\u00e9s enti\u00e8rement personnalis\u00e9es\u00a0\u00bb, soit \u00ab\u00a0opter pour partager moins de donn\u00e9es\u00a0\u00bb et voir des publicit\u00e9s moins cibl\u00e9es, a r\u00e9sum\u00e9 la Commission dans un communiqu\u00e9.<\/p>\n\n\n\n<p class=\"\">La Commission europ\u00e9enne a pr\u00e9cis\u00e9 qu&rsquo;elle n&rsquo;avait pas encore clos le dossier, et qu&rsquo;elle se prononcerait une fois que les changements promis seraient mis en place. \u00ab\u00a0L&rsquo;affaire n&rsquo;est pas close, mais c&rsquo;est une \u00e9tape tr\u00e8s positive\u00a0\u00bb, a comment\u00e9 un porte-parole de l&rsquo;ex\u00e9cutif europ\u00e9en.<\/p>\n","protected":false},"excerpt":{"rendered":"<p>Les utilisateurs europ\u00e9ens de Facebook et Instagram vont pouvoir opter pour des publicit\u00e9s plus respectueuses de leurs donn\u00e9es personnelles, sans souscrire pour autant \u00e0 un abonnement payant, selon des engagements formels pris par leur maison m\u00e8re Meta pour tenter de clore un contentieux avec Bruxelles. La Commission europ\u00e9enne a annonc\u00e9 avoir re\u00e7u ces engagements, pris [&hellip;]<\/p>\n","protected":false},"author":2,"featured_media":40575,"comment_status":"open","ping_status":"open","sticky":false,"template":"","format":"standard","meta":{"_jetpack_memberships_contains_paid_content":false,"footnotes":"","jetpack_publicize_message":"","jetpack_publicize_feature_enabled":true,"jetpack_social_post_already_shared":true,"jetpack_social_options":{"image_generator_settings":{"template":"highway","default_image_id":0,"font":"","enabled":false},"version":2},"_wpas_customize_per_network":false},"categories":[16],"tags":[],"class_list":["post-40574","post","type-post","status-publish","format-standard","has-post-thumbnail","hentry","category-actu-high-tech"],"jetpack_publicize_connections":[],"jetpack_featured_media_url":"https:\/\/i0.wp.com\/www.iceagetv.com\/radiosite\/wp-content\/uploads\/2025\/12\/J0QAzeWE.jpg?fit=679%2C293&ssl=1","jetpack_sharing_enabled":true,"_links":{"self":[{"href":"https:\/\/www.iceagetv.com\/radiosite\/wp-json\/wp\/v2\/posts\/40574","targetHints":{"allow":["GET"]}}],"collection":[{"href":"https:\/\/www.iceagetv.com\/radiosite\/wp-json\/wp\/v2\/posts"}],"about":[{"href":"https:\/\/www.iceagetv.com\/radiosite\/wp-json\/wp\/v2\/types\/post"}],"author":[{"embeddable":true,"href":"https:\/\/www.iceagetv.com\/radiosite\/wp-json\/wp\/v2\/users\/2"}],"replies":[{"embeddable":true,"href":"https:\/\/www.iceagetv.com\/radiosite\/wp-json\/wp\/v2\/comments?post=40574"}],"version-history":[{"count":1,"href":"https:\/\/www.iceagetv.com\/radiosite\/wp-json\/wp\/v2\/posts\/40574\/revisions"}],"predecessor-version":[{"id":40576,"href":"https:\/\/www.iceagetv.com\/radiosite\/wp-json\/wp\/v2\/posts\/40574\/revisions\/40576"}],"wp:featuredmedia":[{"embeddable":true,"href":"https:\/\/www.iceagetv.com\/radiosite\/wp-json\/wp\/v2\/media\/40575"}],"wp:attachment":[{"href":"https:\/\/www.iceagetv.com\/radiosite\/wp-json\/wp\/v2\/media?parent=40574"}],"wp:term":[{"taxonomy":"category","embeddable":true,"href":"https:\/\/www.iceagetv.com\/radiosite\/wp-json\/wp\/v2\/categories?post=40574"},{"taxonomy":"post_tag","embeddable":true,"href":"https:\/\/www.iceagetv.com\/radiosite\/wp-json\/wp\/v2\/tags?post=40574"}],"curies":[{"name":"wp","href":"https:\/\/api.w.org\/{rel}","templated":true}]}}