{"id":40619,"date":"2025-12-14T17:39:19","date_gmt":"2025-12-14T16:39:19","guid":{"rendered":"https:\/\/www.iceagetv.com\/radiosite\/?p=40619"},"modified":"2025-12-14T17:39:22","modified_gmt":"2025-12-14T16:39:22","slug":"cycliste-de-13-ans-tue-dans-la-manche-un-suspect-de-50-ans-mis-en-examen-et-place-en-detention-provisoire","status":"publish","type":"post","link":"https:\/\/www.iceagetv.com\/radiosite\/cycliste-de-13-ans-tue-dans-la-manche-un-suspect-de-50-ans-mis-en-examen-et-place-en-detention-provisoire\/","title":{"rendered":"Cycliste de 13 ans tu\u00e9 dans la Manche: un suspect de 50 ans mis en examen et plac\u00e9 en d\u00e9tention provisoire"},"content":{"rendered":"\n<p class=\"\">Un homme de 50 ans, suspect\u00e9 d&rsquo;avoir tu\u00e9 un cycliste de 13 ans dans la Manche le 4 d\u00e9cembre, a \u00e9t\u00e9 mis en examen et plac\u00e9 en d\u00e9tention provisoire ce dimanche 14 d\u00e9cembre. Il a reconnu circuler aux abords de la commune au moment des faits, mais a dit ne pas se souvenir du trajet.<\/p>\n\n\n\n<p class=\"\">10 jours apr\u00e8s la\u00a0<a href=\"https:\/\/www.bfmtv.com\/normandie\/un-cycliste-de-13-ans-tue-apres-avoir-ete-fauche-par-une-camionnette-dans-la-manche-un-appel-a-temoins-lance_AV-202512050766.html\">mort d&rsquo;un cycliste de 13 ans<\/a>\u00a0\u00e0 Saint-S\u00e9bastien-de-Raids dans la Manche, percut\u00e9 par une camionnette, un homme de 50 ans a \u00e9t\u00e9 mis en examen ce dimanche 14 d\u00e9cembre et plac\u00e9 en d\u00e9tention provisoire, indique le procureur de la R\u00e9publique de Coutances \u00e0 BFMTV.l est poursuivi du chef d'\u00a0\u00bbhomicide routier par conducteur d\u2019un v\u00e9hicule terrestre \u00e0 moteur\u00a0\u00bb et a commis avec au moins deux circonstances aggravantes: \u00ab\u00a0consommation excessive de substances psychoactives\u00a0\u00bb et \u00ab\u00a0d\u00e9lit de fuite\u00a0\u00bb.<\/p>\n\n\n\n<p class=\"\">Les faits se sont produits le 4 d\u00e9cembre autour de 18 heures. Alors que l&rsquo;enfant circulait sur son v\u00e9lo, il a \u00e9t\u00e9 percut\u00e9 par une camionnette blanche qui circulait dans le m\u00eame sens que lui. Apr\u00e8s l&rsquo;impact, le conducteur ne s&rsquo;est pas arr\u00eat\u00e9. La victime, elle, est d\u00e9c\u00e9d\u00e9e sur les lieux de l&rsquo;accident.<\/p>\n","protected":false},"excerpt":{"rendered":"<p>Un homme de 50 ans, suspect\u00e9 d&rsquo;avoir tu\u00e9 un cycliste de 13 ans dans la Manche le 4 d\u00e9cembre, a \u00e9t\u00e9 mis en examen et plac\u00e9 en d\u00e9tention provisoire ce dimanche 14 d\u00e9cembre. Il a reconnu circuler aux abords de la commune au moment des faits, mais a dit ne pas se souvenir du trajet. [&hellip;]<\/p>\n","protected":false},"author":2,"featured_media":40620,"comment_status":"open","ping_status":"open","sticky":false,"template":"","format":"standard","meta":{"_jetpack_memberships_contains_paid_content":false,"footnotes":"","jetpack_publicize_message":"","jetpack_publicize_feature_enabled":true,"jetpack_social_post_already_shared":true,"jetpack_social_options":{"image_generator_settings":{"template":"highway","default_image_id":0,"font":"","enabled":false},"version":2},"_wpas_customize_per_network":false},"categories":[405],"tags":[],"class_list":["post-40619","post","type-post","status-publish","format-standard","has-post-thumbnail","hentry","category-actu-france-monde"],"jetpack_publicize_connections":[],"jetpack_featured_media_url":"https:\/\/i0.wp.com\/www.iceagetv.com\/radiosite\/wp-content\/uploads\/2025\/12\/Cycliste-de-13-ans-tue-dans-la-Manche.jpg?fit=745%2C361&ssl=1","jetpack_sharing_enabled":true,"_links":{"self":[{"href":"https:\/\/www.iceagetv.com\/radiosite\/wp-json\/wp\/v2\/posts\/40619","targetHints":{"allow":["GET"]}}],"collection":[{"href":"https:\/\/www.iceagetv.com\/radiosite\/wp-json\/wp\/v2\/posts"}],"about":[{"href":"https:\/\/www.iceagetv.com\/radiosite\/wp-json\/wp\/v2\/types\/post"}],"author":[{"embeddable":true,"href":"https:\/\/www.iceagetv.com\/radiosite\/wp-json\/wp\/v2\/users\/2"}],"replies":[{"embeddable":true,"href":"https:\/\/www.iceagetv.com\/radiosite\/wp-json\/wp\/v2\/comments?post=40619"}],"version-history":[{"count":1,"href":"https:\/\/www.iceagetv.com\/radiosite\/wp-json\/wp\/v2\/posts\/40619\/revisions"}],"predecessor-version":[{"id":40621,"href":"https:\/\/www.iceagetv.com\/radiosite\/wp-json\/wp\/v2\/posts\/40619\/revisions\/40621"}],"wp:featuredmedia":[{"embeddable":true,"href":"https:\/\/www.iceagetv.com\/radiosite\/wp-json\/wp\/v2\/media\/40620"}],"wp:attachment":[{"href":"https:\/\/www.iceagetv.com\/radiosite\/wp-json\/wp\/v2\/media?parent=40619"}],"wp:term":[{"taxonomy":"category","embeddable":true,"href":"https:\/\/www.iceagetv.com\/radiosite\/wp-json\/wp\/v2\/categories?post=40619"},{"taxonomy":"post_tag","embeddable":true,"href":"https:\/\/www.iceagetv.com\/radiosite\/wp-json\/wp\/v2\/tags?post=40619"}],"curies":[{"name":"wp","href":"https:\/\/api.w.org\/{rel}","templated":true}]}}