{"id":40636,"date":"2025-12-15T15:32:39","date_gmt":"2025-12-15T14:32:39","guid":{"rendered":"https:\/\/www.iceagetv.com\/radiosite\/?p=40636"},"modified":"2025-12-15T15:32:42","modified_gmt":"2025-12-15T14:32:42","slug":"lex-premier-ministre-francois-bayrou-maire-de-pau-a-ete-hospitalise-en-raison-dune-grippe-tres-severe-qui-necessite-un-suivi-medical","status":"publish","type":"post","link":"https:\/\/www.iceagetv.com\/radiosite\/lex-premier-ministre-francois-bayrou-maire-de-pau-a-ete-hospitalise-en-raison-dune-grippe-tres-severe-qui-necessite-un-suivi-medical\/","title":{"rendered":"L&rsquo;ex-Premier ministre\u00a0Fran\u00e7ois Bayrou, maire de Pau, a \u00e9t\u00e9 hospitalis\u00e9 en raison d&rsquo;une\u00a0\u00ab\u00a0grippe tr\u00e8s s\u00e9v\u00e8re\u00a0\u00bb qui n\u00e9cessite un suivi m\u00e9dical"},"content":{"rendered":"\n<p class=\"\">L&rsquo;ex-premier ministre&nbsp;Fran\u00e7ois Bayrou, maire de Pau, a \u00e9t\u00e9 hospitalis\u00e9 lundi en raison d&rsquo;une&nbsp;\u00abgrippe tr\u00e8s s\u00e9v\u00e8re\u00bb qui n\u00e9cessite un suivi m\u00e9dical, a annonc\u00e9 la mairie, selon qui son \u00e9tat de sant\u00e9&nbsp;\u00abs&rsquo;am\u00e9liore\u00bb&nbsp;n\u00e9anmoins.<\/p>\n\n\n\n<p class=\"\">L&rsquo;ancien chef du gouvernement (d\u00e9cembre 2024-septembre 2025), \u00e2g\u00e9 de 74 ans, a \u00e9t\u00e9 pris en charge au centre hospitalier de Pau, a pr\u00e9cis\u00e9 la ville dans un communiqu\u00e9.<\/p>\n\n\n\n<p class=\"\">\u00abSon \u00e9tat de sant\u00e9 s&rsquo;am\u00e9liore mais n\u00e9cessite un suivi par les \u00e9quipes m\u00e9dicales pendant encore quelques jours. Il ne pourra donc pas participer au conseil municipal ce lundi, ni au Conseil communautaire pr\u00e9vu jeudi\u00bb&nbsp;et son agenda de la semaine est annul\u00e9, a ajout\u00e9 la municipalit\u00e9.<\/p>\n\n\n\n<p class=\"\">Le 5 d\u00e9cembre lors d&rsquo;un forum citoyen \u00e0 Pau, Fran\u00e7ois Bayrou avait fait savoir qu&rsquo;il \u00e9tait gripp\u00e9, d&rsquo;apr\u00e8s le quotidien La R\u00e9publique des Pyr\u00e9n\u00e9es.<\/p>\n\n\n\n<p class=\"\">Selon le bulletin du 10 d\u00e9cembre de Sant\u00e9 publique France, l&rsquo;activit\u00e9 grippale \u00e9tait \u00aben forte augmentation\u00bb d\u00e9but d\u00e9cembre dans le pays, avec l&rsquo;ensemble des r\u00e9gions hexagonales pass\u00e9es en niveau d&rsquo;alerte \u00e9pid\u00e9mie, \u00e0 l&rsquo;exception de la Corse (en pr\u00e9-\u00e9pid\u00e9mie).<\/p>\n\n\n\n<p class=\"\">Maire de Pau depuis 2014, Fran\u00e7ois Bayrou est pressenti pour briguer un troisi\u00e8me mandat mais n&rsquo;a pas encore officialis\u00e9 ses intentions pour les \u00e9lections municipales de mars.<\/p>\n","protected":false},"excerpt":{"rendered":"<p>L&rsquo;ex-premier ministre&nbsp;Fran\u00e7ois Bayrou, maire de Pau, a \u00e9t\u00e9 hospitalis\u00e9 lundi en raison d&rsquo;une&nbsp;\u00abgrippe tr\u00e8s s\u00e9v\u00e8re\u00bb qui n\u00e9cessite un suivi m\u00e9dical, a annonc\u00e9 la mairie, selon qui son \u00e9tat de sant\u00e9&nbsp;\u00abs&rsquo;am\u00e9liore\u00bb&nbsp;n\u00e9anmoins. L&rsquo;ancien chef du gouvernement (d\u00e9cembre 2024-septembre 2025), \u00e2g\u00e9 de 74 ans, a \u00e9t\u00e9 pris en charge au centre hospitalier de Pau, a pr\u00e9cis\u00e9 la ville [&hellip;]<\/p>\n","protected":false},"author":2,"featured_media":40637,"comment_status":"open","ping_status":"open","sticky":false,"template":"","format":"standard","meta":{"_jetpack_memberships_contains_paid_content":false,"footnotes":"","jetpack_publicize_message":"","jetpack_publicize_feature_enabled":true,"jetpack_social_post_already_shared":true,"jetpack_social_options":{"image_generator_settings":{"template":"highway","default_image_id":0,"font":"","enabled":false},"version":2},"_wpas_customize_per_network":false},"categories":[405],"tags":[],"class_list":["post-40636","post","type-post","status-publish","format-standard","has-post-thumbnail","hentry","category-actu-france-monde"],"jetpack_publicize_connections":[],"jetpack_featured_media_url":"https:\/\/i0.wp.com\/www.iceagetv.com\/radiosite\/wp-content\/uploads\/2025\/12\/PzMemA3e.jpg?fit=679%2C293&ssl=1","jetpack_sharing_enabled":true,"_links":{"self":[{"href":"https:\/\/www.iceagetv.com\/radiosite\/wp-json\/wp\/v2\/posts\/40636","targetHints":{"allow":["GET"]}}],"collection":[{"href":"https:\/\/www.iceagetv.com\/radiosite\/wp-json\/wp\/v2\/posts"}],"about":[{"href":"https:\/\/www.iceagetv.com\/radiosite\/wp-json\/wp\/v2\/types\/post"}],"author":[{"embeddable":true,"href":"https:\/\/www.iceagetv.com\/radiosite\/wp-json\/wp\/v2\/users\/2"}],"replies":[{"embeddable":true,"href":"https:\/\/www.iceagetv.com\/radiosite\/wp-json\/wp\/v2\/comments?post=40636"}],"version-history":[{"count":1,"href":"https:\/\/www.iceagetv.com\/radiosite\/wp-json\/wp\/v2\/posts\/40636\/revisions"}],"predecessor-version":[{"id":40638,"href":"https:\/\/www.iceagetv.com\/radiosite\/wp-json\/wp\/v2\/posts\/40636\/revisions\/40638"}],"wp:featuredmedia":[{"embeddable":true,"href":"https:\/\/www.iceagetv.com\/radiosite\/wp-json\/wp\/v2\/media\/40637"}],"wp:attachment":[{"href":"https:\/\/www.iceagetv.com\/radiosite\/wp-json\/wp\/v2\/media?parent=40636"}],"wp:term":[{"taxonomy":"category","embeddable":true,"href":"https:\/\/www.iceagetv.com\/radiosite\/wp-json\/wp\/v2\/categories?post=40636"},{"taxonomy":"post_tag","embeddable":true,"href":"https:\/\/www.iceagetv.com\/radiosite\/wp-json\/wp\/v2\/tags?post=40636"}],"curies":[{"name":"wp","href":"https:\/\/api.w.org\/{rel}","templated":true}]}}