{"id":40640,"date":"2025-12-15T18:33:06","date_gmt":"2025-12-15T17:33:06","guid":{"rendered":"https:\/\/www.iceagetv.com\/radiosite\/?p=40640"},"modified":"2025-12-15T18:33:10","modified_gmt":"2025-12-15T17:33:10","slug":"liquidation-de-brandt-quel-avenir-pour-les-salaries-dans-les-prochaines-semaines","status":"publish","type":"post","link":"https:\/\/www.iceagetv.com\/radiosite\/liquidation-de-brandt-quel-avenir-pour-les-salaries-dans-les-prochaines-semaines\/","title":{"rendered":"Liquidation de Brandt : quel avenir pour les salari\u00e9s dans les prochaines semaines ?"},"content":{"rendered":"\n<p class=\"\"><strong>La liquidation de Brandt a durement touch\u00e9 la r\u00e9gion Centre-Val de Loire, o\u00f9 les sites de Saint-Jean-de-la-Ruelle pr\u00e8s d&rsquo;Orl\u00e9ans et de Vend\u00f4me emploient plus de 400 personnes. La commune loir\u00e9taine accueillait ce 15 d\u00e9cembre une r\u00e9union publique pour esquisser les pistes de reclassement pour les salari\u00e9s.<\/strong>\u00ab\u00a0<em>Je me sens perdue. Perdue et triste.<\/em>\u00a0\u00bb Marie est entr\u00e9e chez Brandt il y a 35 ans. Il y a quatre jours, elle a appris la liquidation de l&rsquo;entreprise. Pr\u00e8s d&rsquo;elle, Jean-Marc allait attaquer sa 37e ann\u00e9e chez Brandt. \u00ab\u00a0<em>Moi je ne dis rien devant ma femme, mais \u00e0 l&rsquo;int\u00e9rieur, \u00e7a me fait mal<\/em>\u00ab\u00a0, raconte-t-il. \u00ab\u00a0<em>Le pire c&rsquo;est quand je vais recevoir la lettre de licenciement, l\u00e0 \u00e7a va \u00eatre dur. Je vais tomber de haut.<\/em>\u00a0\u00bb Comme si le courrier rendait enfin tangible la fin d&rsquo;un monde.Ce 15 d\u00e9cembre, ils \u00e9taient plus de 300 salari\u00e9s des sites Brandt de Vend\u00f4me et de Saint-Jean-de-la-Ruelle, invit\u00e9s \u00e0 une r\u00e9union publique dans une salle polyvalente de cette derni\u00e8re commune. L&rsquo;enjeu : affronter un avenir bien sombre, et, pour beaucoup, reconstruire leur vie professionnelle de z\u00e9ro.<em>L&rsquo;\u00c9tat et France Travail sont totalement mobilis\u00e9s\u00a0\u00bb<\/em><\/p>\n\n\n\n<p class=\"\">\u00ab\u00a0<em>Le mot d&rsquo;ordre c&rsquo;est la solidarit\u00e9, toujours<\/em>\u00ab\u00a0, affirme Fran\u00e7ois Bonneau, le pr\u00e9sident (PS) de la r\u00e9gion Centre-Val de Loire, \u00ab\u00a0<em>la solidarit\u00e9 par rapport \u00e0 des femmes et \u00e0 des hommes qui vivent un v\u00e9ritable traumatisme, qui perdent leur emploi, qui ont esp\u00e9r\u00e9 avec nous dans la reprise<\/em>\u00ab\u00a0. Une solidarit\u00e9 qui passera d&rsquo;abord par la formation et le reclassement des 450 salari\u00e9s de Brandt dans la r\u00e9gion.<\/p>\n\n\n\n<p class=\"\">Car maintenant que le plan de reprise en Scop est tomb\u00e9 \u00e0 l&rsquo;eau, \u00ab\u00a0<em>l&rsquo;\u00c9tat et France Travail sont totalement mobilis\u00e9s<\/em>\u00a0\u00bb pour trouver une solution de reconversion aux salari\u00e9s, explique \u00e0 Ici Centre Val de Loire (France tv), Sophie Brocas, pr\u00e9f\u00e8te du Loiret et de la r\u00e9gion Centre-Val de Loire. Dans un premier temps, ils pourront, s&rsquo;ils le souhaitent, signer un contrat de s\u00e9curisation professionnelle (CSP). \u00ab\u00a0<em>Cela veut dire la garantie pendant un an d&rsquo;avoir un salaire quasiment \u00e9quivalent au leur.<\/em>\u00a0\u00bb Le d\u00e9lai pour signer ce CSP court pendant trois semaines.<\/p>\n\n\n\n<p class=\"\">Pour l&rsquo;\u00e9tape suivante, France Travail prendra le relais. Nouvel objectif : valoriser ses acquis, r\u00e9diger un CV, r\u00e9ussir un entretien d&#8217;embauche et, finalement, d\u00e9crocher un nouvel emploi. D\u00e8s l&rsquo;annonce de la liquidation le 11 d\u00e9cembre dernier, \u00ab\u00a0<em>nous nous sommes mobilis\u00e9s pour regarder et trouver les entreprises qui, dans ce bassin industriel, sont pr\u00eates \u00e0 recruter<\/em>\u00ab\u00a0, affirme Sophie Brocas.<\/p>\n\n\n\n<p class=\"\">En janvier, la pr\u00e9fecture proposera aux entreprises qui cherchent \u00e0 recruter de venir pr\u00e9senter leurs m\u00e9tiers. Et en f\u00e9vrier, \u00ab\u00a0<em>j&rsquo;organiserai un job-dating, c&rsquo;est-\u00e0-dire des discussions, des rencontres individuelles entre un recruteur et un salari\u00e9 pour essayer de faire matcher l&rsquo;offre et la demande, et qu&rsquo;on puisse rapidement remettre les salari\u00e9s de Brandt au travail<\/em>\u00ab\u00a0.<\/p>\n\n\n\n<h2 class=\"wp-block-heading\">Le Centre-Val de Loire, une r\u00e9gion d&rsquo;opportunit\u00e9s industrielles<\/h2>\n\n\n\n<p class=\"\">Car malgr\u00e9 les mauvaises nouvelles en cha\u00eene, le Centre-Val de Loire reste la quatri\u00e8me r\u00e9gion industrielle fran\u00e7aise, et les opportunit\u00e9s existent. \u00ab\u00a0<em>Nous avons, dans un rayon de 30 km, d\u00e9j\u00e0 identifi\u00e9 plus de 1 564 offres actives de chefs d&rsquo;entreprise qui cherchent des candidats aujourd&rsquo;hui, et plus de 350 dans le domaine industriel, c&rsquo;est-\u00e0-dire ce que les salari\u00e9s de Brandt savent faire<\/em>\u00ab\u00a0, \u00e9num\u00e8re la pr\u00e9f\u00e8te.<\/p>\n\n\n\n<blockquote class=\"wp-block-quote is-layout-flow wp-block-quote-is-layout-flow\">\n<p class=\"\">Vous avez quelque chose de rare entre les mains, c&rsquo;est votre savoir-faire industrielSophie Brocas, pr\u00e9f\u00e8te du Loiret et du Centre-Val de Loire<\/p>\n<\/blockquote>\n\n\n\n<p class=\"\">Conducteurs de ligne, \u00e9lectrom\u00e9caniciens, techniciens de maintenance, logisticiens : autant de postes qui cherchent preneurs. Caroline Brocas garde en tout cas \u00ab\u00a0<em>bon espoir de trouver des points de chute int\u00e9ressants pour les salari\u00e9s de Brandt, parce qu&rsquo;ils ont une culture industrielle, qu&rsquo;ils connaissent les cycles, qu&rsquo;ils savent comment \u00e7a marche, le respect des consignes de s\u00e9curit\u00e9, autant de choses qui sont des atouts pour les chefs d&rsquo;entreprise<\/em>\u00ab\u00a0.<\/p>\n\n\n\n<h2 class=\"wp-block-heading\">Perspectives bloqu\u00e9es<\/h2>\n\n\n\n<p class=\"\">Se lancer de nouveau sur le march\u00e9 du travail, apr\u00e8s des carri\u00e8res parfois longues ? \u00ab\u00a0<em>Pour moi, c&rsquo;est compliqu\u00e9<\/em>\u00ab\u00a0, soupire Marie. Difficile de se projeter apr\u00e8s 35 ans. Comment trouver un nouveau poste qui lui plaise, et qui ne soit pas trop loin de son logement, pr\u00e8s de Patay dans le Loiret ? \u00ab\u00a0<em>Je ne sais pas comment me prot\u00e9ger, ce que je vais faire comme travail<\/em>\u00ab\u00a0, se demande Jean-Marc. Lui va signer le CSP. \u00ab\u00a0<em>J&rsquo;esp\u00e8re qu&rsquo;ils vont me retrouver du boulot pas trop tard parce que je ne peux pas rester \u00e0 la maison \u00e0 ne rien faire.<\/em>\u00ab\u00a0<\/p>\n\n\n\n<p class=\"\">Mais le reclassement va aussi se heurter \u00e0 d&rsquo;autres obstacles, que Caroline voit venir \u00e0 grandes enjamb\u00e9es. \u00c0 56 ans, cette employ\u00e9e du service approvisionnement craint que l&rsquo;\u00e2ge soit un frein pour les recruteurs potentiels. \u00ab\u00a0<em>Effectivement on nous dit qu&rsquo;il faut travailler de plus en plus longtemps, ce que je con\u00e7ois, parce que la population vieillit, il faut bien faire rentrer les cotisations.<\/em>\u00ab\u00a0<\/p>\n\n\n\n<p class=\"\">Mais elle redoute que les entreprises ren\u00e2clent \u00e0 \u00ab\u00a0<em>prendre quelqu&rsquo;un pour cinq ou six ans, surtout s&rsquo;il y a en plus un petit peu de formation n\u00e9cessaire pour \u00eatre totalement autonome sur le poste<\/em>\u00ab\u00a0. Enfin, \u00ab\u00a0<em>cinq ou six ans, c&rsquo;est le minimum !<\/em>\u00a0\u00bb s&#8217;empresse-t-elle d&rsquo;ajouter, comme pour rassurer un employeur potentiel. \u00ab\u00a0<em>Je peux travailler plus longtemps effectivement.<\/em>\u00ab\u00a0<\/p>\n\n\n\n<p class=\"\">D&rsquo;autres, enfin, s&rsquo;accrochent, en d\u00e9pit du d\u00e9mant\u00e8lement annonc\u00e9. \u00ab\u00a0<em>La d\u00e9cision de liquidation judiciaire prononc\u00e9e par le tribunal de commerce n&rsquo;est pas irr\u00e9versible<\/em>\u00ab\u00a0, lit-on sur des tracts distribu\u00e9s par des salari\u00e9s v\u00eatus de chasubles CGT. \u00ab\u00a0<em>Brandt doit \u00eatre sauv\u00e9e, et peut \u00eatre sauv\u00e9e si l&rsquo;ensemble de la population r\u00e9pond pr\u00e9sent.<\/em>\u00a0\u00bb Pour le syndicat, il est encore possible de faire pression sur les pouvoirs publics pour obtenir le maintien et le d\u00e9veloppement de Brandt. \u00c0 ce titre, une manifestation de soutien est organis\u00e9e \u00e0 Orl\u00e9ans ce jeudi 18 d\u00e9cembre \u00e0 partir de 18 heures.<\/p>\n","protected":false},"excerpt":{"rendered":"<p>La liquidation de Brandt a durement touch\u00e9 la r\u00e9gion Centre-Val de Loire, o\u00f9 les sites de Saint-Jean-de-la-Ruelle pr\u00e8s d&rsquo;Orl\u00e9ans et de Vend\u00f4me emploient plus de 400 personnes. La commune loir\u00e9taine accueillait ce 15 d\u00e9cembre une r\u00e9union publique pour esquisser les pistes de reclassement pour les salari\u00e9s.\u00ab\u00a0Je me sens perdue. Perdue et triste.\u00a0\u00bb Marie est entr\u00e9e [&hellip;]<\/p>\n","protected":false},"author":2,"featured_media":40641,"comment_status":"open","ping_status":"open","sticky":false,"template":"","format":"standard","meta":{"_jetpack_memberships_contains_paid_content":false,"footnotes":"","jetpack_publicize_message":"","jetpack_publicize_feature_enabled":true,"jetpack_social_post_already_shared":true,"jetpack_social_options":{"image_generator_settings":{"template":"highway","default_image_id":0,"font":"","enabled":false},"version":2},"_wpas_customize_per_network":false},"categories":[405],"tags":[],"class_list":["post-40640","post","type-post","status-publish","format-standard","has-post-thumbnail","hentry","category-actu-france-monde"],"jetpack_publicize_connections":[],"jetpack_featured_media_url":"https:\/\/i0.wp.com\/www.iceagetv.com\/radiosite\/wp-content\/uploads\/2025\/12\/Liquidation-de-Brandt.jpg?fit=562%2C380&ssl=1","jetpack_sharing_enabled":true,"_links":{"self":[{"href":"https:\/\/www.iceagetv.com\/radiosite\/wp-json\/wp\/v2\/posts\/40640","targetHints":{"allow":["GET"]}}],"collection":[{"href":"https:\/\/www.iceagetv.com\/radiosite\/wp-json\/wp\/v2\/posts"}],"about":[{"href":"https:\/\/www.iceagetv.com\/radiosite\/wp-json\/wp\/v2\/types\/post"}],"author":[{"embeddable":true,"href":"https:\/\/www.iceagetv.com\/radiosite\/wp-json\/wp\/v2\/users\/2"}],"replies":[{"embeddable":true,"href":"https:\/\/www.iceagetv.com\/radiosite\/wp-json\/wp\/v2\/comments?post=40640"}],"version-history":[{"count":1,"href":"https:\/\/www.iceagetv.com\/radiosite\/wp-json\/wp\/v2\/posts\/40640\/revisions"}],"predecessor-version":[{"id":40642,"href":"https:\/\/www.iceagetv.com\/radiosite\/wp-json\/wp\/v2\/posts\/40640\/revisions\/40642"}],"wp:featuredmedia":[{"embeddable":true,"href":"https:\/\/www.iceagetv.com\/radiosite\/wp-json\/wp\/v2\/media\/40641"}],"wp:attachment":[{"href":"https:\/\/www.iceagetv.com\/radiosite\/wp-json\/wp\/v2\/media?parent=40640"}],"wp:term":[{"taxonomy":"category","embeddable":true,"href":"https:\/\/www.iceagetv.com\/radiosite\/wp-json\/wp\/v2\/categories?post=40640"},{"taxonomy":"post_tag","embeddable":true,"href":"https:\/\/www.iceagetv.com\/radiosite\/wp-json\/wp\/v2\/tags?post=40640"}],"curies":[{"name":"wp","href":"https:\/\/api.w.org\/{rel}","templated":true}]}}