{"id":40654,"date":"2025-12-16T17:25:57","date_gmt":"2025-12-16T16:25:57","guid":{"rendered":"https:\/\/www.iceagetv.com\/radiosite\/?p=40654"},"modified":"2025-12-16T17:26:00","modified_gmt":"2025-12-16T16:26:00","slug":"pologne-un-jeune-homme-soupconne-de-preparer-une-attaque-aux-explosifs-notamment-contre-un-marche-de-noel-arrete-et-inculpe-pour-preparation-dun-attentat-terroriste","status":"publish","type":"post","link":"https:\/\/www.iceagetv.com\/radiosite\/pologne-un-jeune-homme-soupconne-de-preparer-une-attaque-aux-explosifs-notamment-contre-un-marche-de-noel-arrete-et-inculpe-pour-preparation-dun-attentat-terroriste\/","title":{"rendered":"Pologne: Un jeune homme soup\u00e7onn\u00e9 de pr\u00e9parer une attaque aux explosifs, notamment contre un march\u00e9 de No\u00ebl, arr\u00eat\u00e9 et inculp\u00e9 pour \u00abpr\u00e9paration d&rsquo;un attentat terroriste\u00bb"},"content":{"rendered":"\n<p class=\"\">Un jeune homme soup\u00e7onn\u00e9 de pr\u00e9parer une attaque aux explosifs contre un rassemblement public, notamment contre un march\u00e9 de No\u00ebl en Pologne, a \u00e9t\u00e9 arr\u00eat\u00e9 et inculp\u00e9 pour \u00abpr\u00e9paration d&rsquo;un attentat terroriste\u00bb, ont indiqu\u00e9 mardi les autorit\u00e9s polonaises.<\/p>\n\n\n\n<p class=\"\">Il s&rsquo;agit d&rsquo;un \u00e9tudiant en premi\u00e8re ann\u00e9e de la facult\u00e9 de droit \u00e0 l&rsquo;Universit\u00e9 catholique de Lublin (est) \u00abfascin\u00e9 par l&rsquo;islam et le terrorisme\u00bb, a d\u00e9clar\u00e9 aux journalistes le porte-parole du coordinateur des services sp\u00e9ciaux polonais, Jacek Dobrzynski.<\/p>\n\n\n\n<p class=\"\">Selon le parquet, les pr\u00e9paratifs ont \u00e9t\u00e9 d\u00e9jou\u00e9s \u00ab\u00e0 l&rsquo;\u00e9tape pr\u00e9liminaire\u00bb \u00e0 la base de contacts du jeune homme avec notamment \u00abdes repr\u00e9sentants du groupe \u00c9tat islamique\u00bb. \u00abLe mobile de l&rsquo;action du suspect \u00e9tait de provoquer une grave intimidation de nombreuses personnes et de soutenir les activit\u00e9s de ce qu&rsquo;on appelle (organisation) \u00c9tat islamique\u00bb, selon un communiqu\u00e9 du parquet national.<\/p>\n\n\n\n<p class=\"\">Le Polonais de 19 ans, identifi\u00e9 comme Mateusz W., a \u00e9t\u00e9 inculp\u00e9 pour \u00abpr\u00e9paration d&rsquo;un attentat terroriste qui aurait pu entra\u00eener la mort ou de graves blessures de nombreuses personnes\u00bb. Plac\u00e9 en d\u00e9tention provisoire pour 30 jours, il encourt une peine de prison \u00e0 vie, selon le parquet.<\/p>\n","protected":false},"excerpt":{"rendered":"<p>Un jeune homme soup\u00e7onn\u00e9 de pr\u00e9parer une attaque aux explosifs contre un rassemblement public, notamment contre un march\u00e9 de No\u00ebl en Pologne, a \u00e9t\u00e9 arr\u00eat\u00e9 et inculp\u00e9 pour \u00abpr\u00e9paration d&rsquo;un attentat terroriste\u00bb, ont indiqu\u00e9 mardi les autorit\u00e9s polonaises. Il s&rsquo;agit d&rsquo;un \u00e9tudiant en premi\u00e8re ann\u00e9e de la facult\u00e9 de droit \u00e0 l&rsquo;Universit\u00e9 catholique de Lublin [&hellip;]<\/p>\n","protected":false},"author":2,"featured_media":40655,"comment_status":"open","ping_status":"open","sticky":false,"template":"","format":"standard","meta":{"_jetpack_memberships_contains_paid_content":false,"footnotes":"","jetpack_publicize_message":"","jetpack_publicize_feature_enabled":true,"jetpack_social_post_already_shared":true,"jetpack_social_options":{"image_generator_settings":{"template":"highway","default_image_id":0,"font":"","enabled":false},"version":2},"_wpas_customize_per_network":false},"categories":[405],"tags":[],"class_list":["post-40654","post","type-post","status-publish","format-standard","has-post-thumbnail","hentry","category-actu-france-monde"],"jetpack_publicize_connections":[],"jetpack_featured_media_url":"https:\/\/i0.wp.com\/www.iceagetv.com\/radiosite\/wp-content\/uploads\/2025\/12\/XATsgyCt.jpg?fit=679%2C293&ssl=1","jetpack_sharing_enabled":true,"_links":{"self":[{"href":"https:\/\/www.iceagetv.com\/radiosite\/wp-json\/wp\/v2\/posts\/40654","targetHints":{"allow":["GET"]}}],"collection":[{"href":"https:\/\/www.iceagetv.com\/radiosite\/wp-json\/wp\/v2\/posts"}],"about":[{"href":"https:\/\/www.iceagetv.com\/radiosite\/wp-json\/wp\/v2\/types\/post"}],"author":[{"embeddable":true,"href":"https:\/\/www.iceagetv.com\/radiosite\/wp-json\/wp\/v2\/users\/2"}],"replies":[{"embeddable":true,"href":"https:\/\/www.iceagetv.com\/radiosite\/wp-json\/wp\/v2\/comments?post=40654"}],"version-history":[{"count":1,"href":"https:\/\/www.iceagetv.com\/radiosite\/wp-json\/wp\/v2\/posts\/40654\/revisions"}],"predecessor-version":[{"id":40656,"href":"https:\/\/www.iceagetv.com\/radiosite\/wp-json\/wp\/v2\/posts\/40654\/revisions\/40656"}],"wp:featuredmedia":[{"embeddable":true,"href":"https:\/\/www.iceagetv.com\/radiosite\/wp-json\/wp\/v2\/media\/40655"}],"wp:attachment":[{"href":"https:\/\/www.iceagetv.com\/radiosite\/wp-json\/wp\/v2\/media?parent=40654"}],"wp:term":[{"taxonomy":"category","embeddable":true,"href":"https:\/\/www.iceagetv.com\/radiosite\/wp-json\/wp\/v2\/categories?post=40654"},{"taxonomy":"post_tag","embeddable":true,"href":"https:\/\/www.iceagetv.com\/radiosite\/wp-json\/wp\/v2\/tags?post=40654"}],"curies":[{"name":"wp","href":"https:\/\/api.w.org\/{rel}","templated":true}]}}