{"id":40662,"date":"2025-12-16T20:03:42","date_gmt":"2025-12-16T19:03:42","guid":{"rendered":"https:\/\/www.iceagetv.com\/radiosite\/?p=40662"},"modified":"2025-12-16T20:03:46","modified_gmt":"2025-12-16T19:03:46","slug":"dermatose-nodulaire-la-ministre-de-lagriculture-annonce-que-750-000-bovins-vont-etre-vaccines-et-lance-un-appel-au-volontariat-des-veterinaires-dans-toute-la-france","status":"publish","type":"post","link":"https:\/\/www.iceagetv.com\/radiosite\/dermatose-nodulaire-la-ministre-de-lagriculture-annonce-que-750-000-bovins-vont-etre-vaccines-et-lance-un-appel-au-volontariat-des-veterinaires-dans-toute-la-france\/","title":{"rendered":"Dermatose nodulaire\u00a0: la ministre de l&rsquo;Agriculture annonce que \u00ab\u00a0750 000 bovins vont \u00eatre vaccin\u00e9s\u00a0\u00bb et lance un appel au volontariat des v\u00e9t\u00e9rinaires dans toute la France"},"content":{"rendered":"\n<p class=\"\">Annie Genevard lance la mobilisation g\u00e9n\u00e9rale mardi 16 d\u00e9cembre pour acc\u00e9l\u00e9rer la vaccination contre la dermatose nodulaire.&nbsp;<em>\u00ab\u00a0750 000 bovins vont \u00eatre vaccin\u00e9s\u00a0\u00bb<\/em>, annonce la ministre de l&rsquo;Agriculture, dont 1 000 exploitations de l&rsquo;Ari\u00e8ge d&rsquo;ici le 31 d\u00e9cembre. Elle appelle les v\u00e9t\u00e9rinaires \u00e0 la retraite et les \u00e9l\u00e8ves en \u00e9cole de v\u00e9t\u00e9rinaires \u00e0 se porter volontaire pour mettre en \u0153uvre la lutte contre la maladie. Annie Genevard pr\u00e9cise que 400 000 doses de vaccin sont en cours de conditionnement aux Pays-Bas. Elle \u00e9voque la mise en place d&rsquo;une cellule de dialogue scientifique avec en son sein des \u00e9leveurs, des \u00e9lus et des scientifiques. Suivez notre direct.<\/p>\n\n\n\n<ul class=\"wp-block-list\">\n<li class=\"\"><strong>Les v\u00e9t\u00e9rinaires de l&rsquo;arm\u00e9e mobilis\u00e9s<\/strong>. Le Premier ministre S\u00e9bastien Lecornu demande\u00a0<em>\u00ab\u00a0une clarification et une acc\u00e9l\u00e9ration de la strat\u00e9gie vaccinale\u00a0\u00bb\u00a0<\/em>face \u00e0 l&rsquo;\u00e9pizootie de dermatose nodulaire contagieuse (DNC), afin de\u00a0<em>\u00ab\u00a0davantage tenir compte de la r\u00e9alit\u00e9 de chaque d\u00e9partement\u00a0\u00bb<\/em>, a appris France T\u00e9l\u00e9visions aupr\u00e8s de l&rsquo;entourage du chef du gouvernement mardi 16 d\u00e9cembre.<em>\u00a0\u00ab\u00a0Il faut co\u00fbte que co\u00fbte prot\u00e9ger nos \u00e9leveurs et l&rsquo;\u00e9levage fran\u00e7ais\u00a0\u00bb<\/em>, pr\u00e9cise cette m\u00eame source, qui ajoute qu&rsquo;une r\u00e9union doit se tenir sur le sujet \u00e0 17h30.<em>\u00a0<\/em>A l&rsquo;Assembl\u00e9e nationale, mardi apr\u00e8s-midi, S\u00e9bastien Lecornu a rappel\u00e9 que\u00a0<em>\u00ab\u00a0l&rsquo;urgence absolue\u00a0\u00bb\u00a0<\/em>est d&rsquo;<em>\u00ab\u00a0acc\u00e9l\u00e9rer cette vaccination\u00a0\u00bb<\/em>\u00a0du b\u00e9tail.<\/li>\n\n\n\n<li class=\"\"><strong>La mobilisation des agriculteurs se poursuit.\u00a0<\/strong><a href=\"https:\/\/www.franceinfo.fr\/economie\/crise\/blocus-des-agriculteurs\/dermatose-nodulaire\/dermatose-nodulaire-le-point-sur-les-mobilisations-des-agriculteurs-en-colere-mardi_7682464.html\">Plusieurs axes routiers ont \u00e9t\u00e9 bloqu\u00e9s dans le Sud-Ouest<\/a>. Une manifestation pr\u00e8s de Villefranche-de-Lauragais (Haute-Garonne) a \u00e9galement interrompu la circulation des trains entre Toulouse et Narbonne sur l&rsquo;axe Bordeaux-Marseille. Des agriculteurs ont investi dans l&rsquo;apr\u00e8s-midi l&rsquo;autoroute A61 avec leurs tracteurs \u00e0 Villefranche-de-Lauragais (Haute-Garonne), provoquant une interruption de la circulation dans le sens Carcassonne-Toulouse.<\/li>\n\n\n\n<li class=\"\"><strong>Les syndicats agricoles re\u00e7us dans la semaine \u00e0 Matignon.\u00a0<\/strong>Le Premier ministre recevra les organisations professionnelles agricoles\u00a0<em>\u00ab\u00a0dans la semaine\u00a0\u00bb<\/em>, a poursuivi son entourage aupr\u00e8s de France T\u00e9l\u00e9visions.\u00a0<\/li>\n\n\n\n<li class=\"\"><strong>Annie Genevard assure \u00ab\u00a0entendre\u00a0\u00bb les agriculteurs.<\/strong>\u00a0Lundi, la ministre de l&rsquo;Agriculture\u00a0<a href=\"https:\/\/www.franceinfo.fr\/economie\/crise\/blocus-des-agriculteurs\/dermatose-nodulaire\/dermatose-nodulaire-en-visite-dans-le-sud-ouest-la-ministre-de-l-agriculture-defend-sa-stragegie-et-assure-entendre-les-eleveurs_7681345.html\">a particip\u00e9 \u00e0 une r\u00e9union de crise \u00e0 la pr\u00e9fecture de Toulouse<\/a>, apr\u00e8s avoir assist\u00e9 \u00e0 la vaccination d&rsquo;un troupeau de blondes d&rsquo;Aquitaine en Haute-Garonne. Elle a assur\u00e9\u00a0<em>\u00ab\u00a0entendre\u00a0\u00bb<\/em>\u00a0la d\u00e9tresse des \u00e9leveurs, estimant que l&rsquo;\u00e9largissement du territoire de vaccination dans le Sud-Ouest est<em>\u00a0\u00ab\u00a0un premier infl\u00e9chissement du protocole\u00a0\u00bb\u00a0<\/em>contest\u00e9. Elle a rappel\u00e9 que les\u00a0<em>\u00ab\u00a0trois piliers\u00a0\u00bb<\/em>\u00a0de la strat\u00e9gie sanitaire restaient l&rsquo;abattage syst\u00e9matique d\u00e8s la d\u00e9tection d&rsquo;un cas, la vaccination et la restriction de mouvements.<\/li>\n<\/ul>\n","protected":false},"excerpt":{"rendered":"<p>Annie Genevard lance la mobilisation g\u00e9n\u00e9rale mardi 16 d\u00e9cembre pour acc\u00e9l\u00e9rer la vaccination contre la dermatose nodulaire.&nbsp;\u00ab\u00a0750 000 bovins vont \u00eatre vaccin\u00e9s\u00a0\u00bb, annonce la ministre de l&rsquo;Agriculture, dont 1 000 exploitations de l&rsquo;Ari\u00e8ge d&rsquo;ici le 31 d\u00e9cembre. Elle appelle les v\u00e9t\u00e9rinaires \u00e0 la retraite et les \u00e9l\u00e8ves en \u00e9cole de v\u00e9t\u00e9rinaires \u00e0 se porter volontaire [&hellip;]<\/p>\n","protected":false},"author":2,"featured_media":40663,"comment_status":"open","ping_status":"open","sticky":false,"template":"","format":"standard","meta":{"_jetpack_memberships_contains_paid_content":false,"footnotes":"","jetpack_publicize_message":"","jetpack_publicize_feature_enabled":true,"jetpack_social_post_already_shared":true,"jetpack_social_options":{"image_generator_settings":{"template":"highway","default_image_id":0,"font":"","enabled":false},"version":2},"_wpas_customize_per_network":false},"categories":[405],"tags":[],"class_list":["post-40662","post","type-post","status-publish","format-standard","has-post-thumbnail","hentry","category-actu-france-monde"],"jetpack_publicize_connections":[],"jetpack_featured_media_url":"https:\/\/i0.wp.com\/www.iceagetv.com\/radiosite\/wp-content\/uploads\/2025\/12\/la-ministre-de-lAgriculture.jpg?fit=844%2C445&ssl=1","jetpack_sharing_enabled":true,"_links":{"self":[{"href":"https:\/\/www.iceagetv.com\/radiosite\/wp-json\/wp\/v2\/posts\/40662","targetHints":{"allow":["GET"]}}],"collection":[{"href":"https:\/\/www.iceagetv.com\/radiosite\/wp-json\/wp\/v2\/posts"}],"about":[{"href":"https:\/\/www.iceagetv.com\/radiosite\/wp-json\/wp\/v2\/types\/post"}],"author":[{"embeddable":true,"href":"https:\/\/www.iceagetv.com\/radiosite\/wp-json\/wp\/v2\/users\/2"}],"replies":[{"embeddable":true,"href":"https:\/\/www.iceagetv.com\/radiosite\/wp-json\/wp\/v2\/comments?post=40662"}],"version-history":[{"count":1,"href":"https:\/\/www.iceagetv.com\/radiosite\/wp-json\/wp\/v2\/posts\/40662\/revisions"}],"predecessor-version":[{"id":40664,"href":"https:\/\/www.iceagetv.com\/radiosite\/wp-json\/wp\/v2\/posts\/40662\/revisions\/40664"}],"wp:featuredmedia":[{"embeddable":true,"href":"https:\/\/www.iceagetv.com\/radiosite\/wp-json\/wp\/v2\/media\/40663"}],"wp:attachment":[{"href":"https:\/\/www.iceagetv.com\/radiosite\/wp-json\/wp\/v2\/media?parent=40662"}],"wp:term":[{"taxonomy":"category","embeddable":true,"href":"https:\/\/www.iceagetv.com\/radiosite\/wp-json\/wp\/v2\/categories?post=40662"},{"taxonomy":"post_tag","embeddable":true,"href":"https:\/\/www.iceagetv.com\/radiosite\/wp-json\/wp\/v2\/tags?post=40662"}],"curies":[{"name":"wp","href":"https:\/\/api.w.org\/{rel}","templated":true}]}}