{"id":40737,"date":"2025-12-18T08:55:39","date_gmt":"2025-12-18T07:55:39","guid":{"rendered":"https:\/\/www.iceagetv.com\/radiosite\/?p=40737"},"modified":"2025-12-18T08:55:42","modified_gmt":"2025-12-18T07:55:42","slug":"colere-des-agriculteurs-routes-bloquees-manifestations-les-previsions-des-actions-de-ce-jeudi-en-france","status":"publish","type":"post","link":"https:\/\/www.iceagetv.com\/radiosite\/colere-des-agriculteurs-routes-bloquees-manifestations-les-previsions-des-actions-de-ce-jeudi-en-france\/","title":{"rendered":"Col\u00e8re des agriculteurs\u2009: routes bloqu\u00e9es, manifestations\u2026 Les pr\u00e9visions des actions de ce jeudi en France"},"content":{"rendered":"\n<p class=\"\">Le monde agricole n&rsquo;a pas pr\u00e9vu d&rsquo;arr\u00eater ses mobilisations en cette froide fin d\u00e9cembre. De nombreuses actions continuent.Cela fait d\u00e9sormais&nbsp;<a href=\"https:\/\/actu.fr\/occitanie\/montastruc-la-conseillere_31358\/dermatose-nodulaire-la-colere-des-agriculteurs-monte-des-affrontements-en-ariege-des-blocages-en-occitanie_63566367.html\">une semaine, jour pour jour<\/a>, que la&nbsp;<strong>col\u00e8re des agriculteurs<\/strong>&nbsp;a \u00e9clat\u00e9 dans le Sud-Ouest, apr\u00e8s une mobilisation massive des agriculteurs&nbsp;<a href=\"https:\/\/actu.fr\/occitanie\/les-bordes-sur-arize_09061\/dermatose-nodulaire-des-agriculteurs-bloquent-une-ferme-pour-eviter-l-abattage-de-200-vaches_63556126.html\">venus emp\u00eacher l\u2019abattage d\u2019un troupeau<\/a>&nbsp;touch\u00e9 par un cas de&nbsp;<strong>dermatose nodulaire contagieuse<\/strong>&nbsp;(DNC)&nbsp;<a href=\"https:\/\/actu.fr\/occitanie\/les-bordes-sur-arize_09061\/dermatose-nodulaire-un-eleveur-refuse-l-abattage-de-son-troupeau-300-agriculteurs-mobilises_63561536.html\">dans une ferme de l\u2019Ari\u00e8ge<\/a>.<\/p>\n\n\n\n<p class=\"\">Depuis,\u00a0<a href=\"https:\/\/actu.fr\/economie\/les-agriculteurs-en-colere-veulent-bloquer-la-france-comment-la-dermatose-nodulaire-a-mis-le-feu-aux-poudres_63569008.html\">les tensions se sont r\u00e9pandues dans le reste de la France<\/a>, avec\u00a0<strong>des actions coups de poing men\u00e9es chaque jour<\/strong>\u00a0\u00e0 l\u2019appel des syndicats\u00a0<a href=\"https:\/\/actu.fr\/tag\/agriculture\">agricoles<\/a>. Ce\u00a0<strong>jeudi 18\u00a0d\u00e9cembre<\/strong>\u00a02025 n\u2019\u00e9chappe pas \u00e0 la r\u00e8gle et de nouvelles\u00a0<a href=\"https:\/\/actu.fr\/tag\/manifestations\">manifestations<\/a>\u00a0sont pr\u00e9vues dans plusieurs d\u00e9partements. Tour d\u2019horizon.Alpes-de-Haute-Provence<\/p>\n\n\n\n<ul class=\"wp-block-list\">\n<li class=\"\"><strong>Digne-les-Bains<\/strong><\/li>\n<\/ul>\n\n\n\n<p class=\"\">Commen\u00e7ons notre tour de France des manifestations d\u2019agriculteurs par le sud-est de la France. Dans les Alpes-de-Haute-Provence, la Conf\u00e9d\u00e9ration paysanne annonce un rassemblement \u00e0 partir de&nbsp;<strong>11\u2009h&nbsp;<\/strong>jeudi 18&nbsp;d\u00e9cembre 2025<strong>.<\/strong><\/p>\n\n\n\n<p class=\"\">Comme le pr\u00e9cise un communiqu\u00e9 du syndicat transmis \u00e0&nbsp;<em>actu.fr<\/em>&nbsp;mercredi soir, les agriculteurs qui souhaitent participer sont invit\u00e9s \u00e0 se rendre au rond-point de l\u2019\u00c9toile de&nbsp;<strong>Digne-les-Bains.<\/strong><\/p>\n\n\n\n<h2 class=\"wp-block-heading\">Eure-et-Loir<\/h2>\n\n\n\n<ul class=\"wp-block-list\">\n<li class=\"\"><strong>Chartres<\/strong><\/li>\n<\/ul>\n\n\n\n<p class=\"\">D\u2019apr\u00e8s un communiqu\u00e9 de la Conf\u00e9d\u00e9ration paysanne envoy\u00e9 \u00e0\u00a0<em>actu.fr<\/em>\u00a0mercredi soir, les agriculteurs d\u2019Eure-et-Loir sont invit\u00e9s \u00e0 manifester ce jeudi 18\u00a0d\u00e9cembre 2025 \u00e0\u00a0<strong>11\u2009h<\/strong>\u00a0devant la pr\u00e9fecture du d\u00e9partement, situ\u00e9e \u00e0\u00a0<strong>Chartres<\/strong>.L\u2019objectif est double\u2009: protester contre la&nbsp;<a href=\"https:\/\/actu.fr\/tag\/dermatose-nodulaire\">dermatose nodulaire contagieuse<\/a>&nbsp;(DNC) et contre l\u2019accord entre l\u2019UE et le Mercosur, th\u00e8me principal d\u2019une r\u00e9union du&nbsp;<strong>Conseil europ\u00e9en<\/strong>&nbsp;qui d\u00e9bute ce jeudi.<\/p>\n\n\n\n<h2 class=\"wp-block-heading\">Gironde<\/h2>\n\n\n\n<ul class=\"wp-block-list\">\n<li class=\"\"><strong>Saint-Andr\u00e9 de Cubzac<\/strong><\/li>\n<\/ul>\n\n\n\n<p class=\"\">Les agriculteurs de Gironde sont appel\u00e9s par la Conf\u00e9d\u00e9ration paysanne \u00e0 venir \u00e0&nbsp;<strong>Saint-Andr\u00e9 de Cubzac<\/strong>&nbsp;\u00e0 partir de&nbsp;<strong>13\u2009h<\/strong>. Une manifestation est pr\u00e9vue au niveau du restaurant&nbsp;<a href=\"https:\/\/actu.fr\/tag\/mcdonald-s\">McDonald\u2019s<\/a>.<\/p>\n\n\n\n<h2 class=\"wp-block-heading\">Haute-Savoie<\/h2>\n\n\n\n<ul class=\"wp-block-list\">\n<li class=\"\"><strong>Alby-sur-Ch\u00e9ran<\/strong><\/li>\n<\/ul>\n\n\n\n<p class=\"\">Du c\u00f4t\u00e9 des Alpes, les agriculteurs ont pr\u00e9vu une action d\u2019ampleur avec le blocage de l\u2019autoroute A41, informe la Conf\u00e9d\u00e9ration paysanne dans son communiqu\u00e9.<\/p>\n\n\n\n<p class=\"\">Les manifestants s\u2019installent au niveau du p\u00e9age de Rumilly, \u00e0 hauteur de la commune&nbsp;<strong>d\u2019Alby-sur-Ch\u00e9ran (Haute-Savoie)<\/strong>. Le syndicat&nbsp;<a href=\"https:\/\/actu.fr\/tag\/agriculture\">agricole<\/a>&nbsp;ne pr\u00e9cise en revanche aucun horaire pr\u00e9cis de rendez-vous.<\/p>\n\n\n\n<h2 class=\"wp-block-heading\">Ille-et-Vilaine<\/h2>\n\n\n\n<ul class=\"wp-block-list\">\n<li class=\"\"><strong>Rennes<\/strong><\/li>\n<\/ul>\n\n\n\n<p class=\"\">Apr\u00e8s&nbsp;<a href=\"https:\/\/actu.fr\/bretagne\/rennes_35238\/colere-des-agriculteurs-pourquoi-des-tracteurs-risquent-de-perturber-le-centre-ville-de-rennes_63558251.html\">avoir protest\u00e9 le 10&nbsp;d\u00e9cembre dernier<\/a>&nbsp;contre le Sch\u00e9ma d\u2019am\u00e9nagement des eaux (SAGE) de la Vilaine, la Coordination rurale annonce une nouvelle manifestation \u00e0&nbsp;<strong>Rennes (Ille-et-Vilaine)<\/strong>&nbsp;ce jeudi 18&nbsp;d\u00e9cembre, cette fois-ci en lien avec la dermatose nodulaire contagieuse.<\/p>\n\n\n\n<p class=\"\">Comme\u00a0<a href=\"https:\/\/actu.fr\/bretagne\/rennes_35238\/rennes-ce-syndicat-agricole-annonce-une-nouvelle-journee-de-mobilisation-jeudi_63577908.html\">le pr\u00e9cise notre r\u00e9daction locale\u00a0<em>actu Rennes<\/em><\/a>, la mobilisation prend forme \u00e0\u00a0<strong>13\u2009h\u200930<\/strong>\u00a0devant la Direction r\u00e9gionale de l\u2019Alimentation, de l\u2019Agriculture et de la For\u00eat de Bretagne (Draaf) \u00e0 Villejean, quartier du nord-ouest de la capitale bretonne.Loir-et-Cher<\/p>\n\n\n\n<ul class=\"wp-block-list\">\n<li class=\"\"><strong>Blois<\/strong><\/li>\n<\/ul>\n\n\n\n<p class=\"\">Dans son communiqu\u00e9 envoy\u00e9 \u00e0&nbsp;<em>actu.fr<\/em>, la Conf\u00e9d\u00e9ration paysanne confirme qu\u2019une mobilisation des agriculteurs est pr\u00e9vue pour ceux du Loir-et-Cher, jeudi 18&nbsp;d\u00e9cembre 2025.<\/p>\n\n\n\n<p class=\"\">Rendez-vous est donn\u00e9 \u00e0&nbsp;<strong>8\u2009h\u200930<\/strong>&nbsp;dans le nord de&nbsp;<strong>Blois<\/strong>, commune situ\u00e9e \u00e0 mi-chemin entre Tours et Orl\u00e9ans, en bordure de l\u2019autoroute A10.<\/p>\n\n\n\n<h2 class=\"wp-block-heading\">Manche<\/h2>\n\n\n\n<ul class=\"wp-block-list\">\n<li class=\"\"><strong>Mont-Saint-Michel<\/strong><\/li>\n<\/ul>\n\n\n\n<p class=\"\">Direction maintenant la&nbsp;<strong>Manche<\/strong>, o\u00f9 la col\u00e8re des agriculteurs est aussi tr\u00e8s forte et va s\u2019exprimer, ce jeudi 18&nbsp;d\u00e9cembre 2025, par une action coup de poing. Comme&nbsp;<a href=\"https:\/\/actu.fr\/societe\/dermatose-ce-nest-que-le-debut-de-nouvelles-actions-previennent-des-agriculteurs-de-la-manche_63573491.html\">l\u2019avaient menac\u00e9 les syndicats en fin de semaine derni\u00e8re<\/a>, \u00ab\u2009une mobilisation exceptionnelle\u2009\u00bb est attendue \u00e0&nbsp;<strong>14\u2009h<\/strong>&nbsp;sur le parking du&nbsp;<strong>Mont-Saint-Michel<\/strong>.<\/p>\n\n\n\n<p class=\"\">\u00ab\u2009Un lieu hautement symbolique choisi pour donner une dimension nationale et internationale \u00e0 leur ras-le-bol\u2009\u00bb, ont indiqu\u00e9 les porte-paroles de la Coordination rurale de la Manche&nbsp;<a href=\"https:\/\/actu.fr\/societe\/colere-des-agriculteurs-une-nouvelle-action-de-la-coordination-rurale-ce-jeudi-au-mont-saint-michel_63583692.html\">\u00e0 nos journalistes de&nbsp;<em>La Presse de la Manche<\/em>.<\/a><\/p>\n\n\n\n<p class=\"\">\u00c0 partir de\u00a0<strong>20\u2009h<\/strong>, un repas sera offert aux participants et \u00ab\u2009un feu symbolique sera allum\u00e9\u2009: le feu de la d\u00e9tresse agricole. Les agriculteurs viendront avec branches, bois et paille pour nourrir ce feu, symbole de leur col\u00e8re et de leur d\u00e9sespoir\u2009\u00bb.<strong>Saint-L\u00f4<\/strong><\/p>\n\n\n\n<p class=\"\">La Conf\u00e9d\u00e9ration paysanne de la Manche a \u00e9galement appel\u00e9 les agriculteurs \u00e0 manifester jeudi 18\u00a0d\u00e9cembre 2025 \u00e0\u00a0<strong>14\u2009h<\/strong>\u00a0devant la pr\u00e9fecture de la Manche, \u00e0\u00a0<strong>Saint-L\u00f4<\/strong>.Marne<\/p>\n\n\n\n<ul class=\"wp-block-list\">\n<li class=\"\"><strong>Ch\u00e2lons-en-Champagne<\/strong><\/li>\n<\/ul>\n\n\n\n<p class=\"\">Dans&nbsp;<a href=\"https:\/\/www.facebook.com\/photo.php?fbid=1319033756929554&amp;set=a.455317549967850&amp;type=3\">un communiqu\u00e9<\/a>&nbsp;publi\u00e9 lundi 15&nbsp;d\u00e9cembre 2025 sur les r\u00e9seaux sociaux, la Conf\u00e9d\u00e9ration paysanne assure qu\u2019elle \u00ab\u2009maintient la pression\u2009\u00bb cette semaine \u00ab\u2009contre la politique sanitaire du gouvernement port\u00e9e par la ministre Annie Genevard\u2009\u00bb.<\/p>\n\n\n\n<p class=\"\">Preuve en est dans la\u00a0<strong>Marne<\/strong>, o\u00f9 les agriculteurs ont rendez-vous jeudi 18\u00a0d\u00e9cembre 2025 \u00e0\u00a0<strong>10\u2009h<\/strong>\u00a0au rond-point Croix-Dampierre-de-Ch\u00e2lons-en-Champagne, au centre du d\u00e9partement.Mayenne<\/p>\n\n\n\n<ul class=\"wp-block-list\">\n<li class=\"\"><strong>Laval<\/strong><\/li>\n<\/ul>\n\n\n\n<p class=\"\">\u00c0 une heure de voiture \u00e0 l\u2019est de Rennes, \u00e9galement concern\u00e9e par une manifestation jeudi 18&nbsp;d\u00e9cembre 2025, la commune de&nbsp;<strong>Laval<\/strong>, en Mayenne, est le th\u00e9\u00e2tre d\u2019une mobilisation d\u2019agriculteurs.<\/p>\n\n\n\n<p class=\"\">Les manifestants sont attendus \u00e0 partir de&nbsp;<strong>11h30<\/strong>&nbsp;\u00e0 la Cit\u00e9 administrative, avant un \u00ab\u2009cort\u00e8ge escargot jusqu\u2019\u00e0 la pr\u00e9fecture\u2009\u00bb, d\u00e9taille la Conf\u00e9d\u00e9ration paysanne.<\/p>\n\n\n\n<h2 class=\"wp-block-heading\">Nord<\/h2>\n\n\n\n<ul class=\"wp-block-list\">\n<li class=\"\"><strong>Lille<\/strong><\/li>\n<\/ul>\n\n\n\n<p class=\"\">Direction maintenant le nord de la France, o\u00f9 la Conf\u00e9d\u00e9ration paysanne annonce une mobilisation d\u2019agriculteurs \u00e0&nbsp;<strong>Lille<\/strong>. Rendez-vous est donn\u00e9 \u00e0 partir de&nbsp;<strong>11\u2009h<\/strong>&nbsp;place de la R\u00e9publique de la capitale du Nord.<\/p>\n\n\n\n<h2 class=\"wp-block-heading\">Rh\u00f4ne<\/h2>\n\n\n\n<ul class=\"wp-block-list\">\n<li class=\"\"><strong>Lyon<\/strong><\/li>\n<\/ul>\n\n\n\n<p class=\"\">La col\u00e8re agricole continue de monter dans le&nbsp;<strong>Rh\u00f4ne<\/strong>&nbsp;autour de la gestion de la dermatose nodulaire contagieuse. Comme&nbsp;<a href=\"https:\/\/actu.fr\/auvergne-rhone-alpes\/lyon_69123\/lyon-les-agriculteurs-en-colere-vont-manifester-dans-les-rues-ce-qui-est-prevu_63582854.html\">l\u2019ont rep\u00e9r\u00e9 nos journalistes d\u2019<em>actu Lyon<\/em><\/a>, les agriculteurs de la Conf\u00e9d\u00e9ration paysanne du d\u00e9partement et, plus largement, de&nbsp;<strong>l\u2019Auvergne-Rh\u00f4ne-Alpes<\/strong>, entendent se mobiliser \u00e0&nbsp;<strong>Lyon<\/strong>&nbsp;jeudi 18&nbsp;d\u00e9cembre 2025.<\/p>\n\n\n\n<p class=\"\">Les manifestants sont invit\u00e9s \u00e0 se rassembler \u00e0&nbsp;<strong>12\u2009h<\/strong>&nbsp;place Jean-Mac\u00e9. Ils appellent la soci\u00e9t\u00e9 civile \u00e0 les rejoindre pour manifester jusqu\u2019\u00e0 la pr\u00e9fecture du Rh\u00f4ne afin de \u00ab\u2009d\u00e9noncer une politique sanitaire dict\u00e9e uniquement par la course au commerce international et au libre-\u00e9change\u2009\u00bb.<\/p>\n","protected":false},"excerpt":{"rendered":"<p>Le monde agricole n&rsquo;a pas pr\u00e9vu d&rsquo;arr\u00eater ses mobilisations en cette froide fin d\u00e9cembre. De nombreuses actions continuent.Cela fait d\u00e9sormais&nbsp;une semaine, jour pour jour, que la&nbsp;col\u00e8re des agriculteurs&nbsp;a \u00e9clat\u00e9 dans le Sud-Ouest, apr\u00e8s une mobilisation massive des agriculteurs&nbsp;venus emp\u00eacher l\u2019abattage d\u2019un troupeau&nbsp;touch\u00e9 par un cas de&nbsp;dermatose nodulaire contagieuse&nbsp;(DNC)&nbsp;dans une ferme de l\u2019Ari\u00e8ge. Depuis,\u00a0les tensions se [&hellip;]<\/p>\n","protected":false},"author":2,"featured_media":40738,"comment_status":"open","ping_status":"open","sticky":false,"template":"","format":"standard","meta":{"_jetpack_memberships_contains_paid_content":false,"footnotes":"","jetpack_publicize_message":"","jetpack_publicize_feature_enabled":true,"jetpack_social_post_already_shared":true,"jetpack_social_options":{"image_generator_settings":{"template":"highway","default_image_id":0,"font":"","enabled":false},"version":2},"_wpas_customize_per_network":false},"categories":[405],"tags":[],"class_list":["post-40737","post","type-post","status-publish","format-standard","has-post-thumbnail","hentry","category-actu-france-monde"],"jetpack_publicize_connections":[],"jetpack_featured_media_url":"https:\/\/i0.wp.com\/www.iceagetv.com\/radiosite\/wp-content\/uploads\/2025\/12\/baa33440b24965fa33440b249c3b33v-960x640-1.jpg?fit=960%2C640&ssl=1","jetpack_sharing_enabled":true,"_links":{"self":[{"href":"https:\/\/www.iceagetv.com\/radiosite\/wp-json\/wp\/v2\/posts\/40737","targetHints":{"allow":["GET"]}}],"collection":[{"href":"https:\/\/www.iceagetv.com\/radiosite\/wp-json\/wp\/v2\/posts"}],"about":[{"href":"https:\/\/www.iceagetv.com\/radiosite\/wp-json\/wp\/v2\/types\/post"}],"author":[{"embeddable":true,"href":"https:\/\/www.iceagetv.com\/radiosite\/wp-json\/wp\/v2\/users\/2"}],"replies":[{"embeddable":true,"href":"https:\/\/www.iceagetv.com\/radiosite\/wp-json\/wp\/v2\/comments?post=40737"}],"version-history":[{"count":1,"href":"https:\/\/www.iceagetv.com\/radiosite\/wp-json\/wp\/v2\/posts\/40737\/revisions"}],"predecessor-version":[{"id":40739,"href":"https:\/\/www.iceagetv.com\/radiosite\/wp-json\/wp\/v2\/posts\/40737\/revisions\/40739"}],"wp:featuredmedia":[{"embeddable":true,"href":"https:\/\/www.iceagetv.com\/radiosite\/wp-json\/wp\/v2\/media\/40738"}],"wp:attachment":[{"href":"https:\/\/www.iceagetv.com\/radiosite\/wp-json\/wp\/v2\/media?parent=40737"}],"wp:term":[{"taxonomy":"category","embeddable":true,"href":"https:\/\/www.iceagetv.com\/radiosite\/wp-json\/wp\/v2\/categories?post=40737"},{"taxonomy":"post_tag","embeddable":true,"href":"https:\/\/www.iceagetv.com\/radiosite\/wp-json\/wp\/v2\/tags?post=40737"}],"curies":[{"name":"wp","href":"https:\/\/api.w.org\/{rel}","templated":true}]}}