{"id":40740,"date":"2025-12-18T10:35:21","date_gmt":"2025-12-18T09:35:21","guid":{"rendered":"https:\/\/www.iceagetv.com\/radiosite\/?p=40740"},"modified":"2025-12-18T10:35:23","modified_gmt":"2025-12-18T09:35:23","slug":"lex-anesthesiste-frederic-pechier-condamne-a-la-reclusion-criminelle-a-perpetuite-avec-une-periode-de-surete-de-22-ans-pour-30-empoisonnements-dont-12-mortels-il-va-faire-appel","status":"publish","type":"post","link":"https:\/\/www.iceagetv.com\/radiosite\/lex-anesthesiste-frederic-pechier-condamne-a-la-reclusion-criminelle-a-perpetuite-avec-une-periode-de-surete-de-22-ans-pour-30-empoisonnements-dont-12-mortels-il-va-faire-appel\/","title":{"rendered":"L&rsquo;ex-anesth\u00e9siste Fr\u00e9d\u00e9ric P\u00e9chier condamn\u00e9 \u00e0 la r\u00e9clusion criminelle \u00e0 perp\u00e9tuit\u00e9 avec une p\u00e9riode de s\u00fbret\u00e9 de 22 ans pour 30 empoisonnements, dont 12 mortels &#8211; Il va faire appel"},"content":{"rendered":"\n<p class=\"\">L\u2019anesth\u00e9siste Fr\u00e9d\u00e9ric P\u00e9chier a \u00e9t\u00e9 condamn\u00e9 jeudi \u00e0 la r\u00e9clusion \u00e0 la perp\u00e9tuit\u00e9 par la cour d\u2019assise du Doubs qui l\u2019a reconnu coupable de 30 empoisonnements de patients lors d\u2019op\u00e9rations, dont 12 sont morts. Il va faire appel de sa condamnation.&nbsp;<\/p>\n\n\n\n<p class=\"\">La peine est assortie d\u2019une p\u00e9riode de s\u00fbret\u00e9 de 22 ans. \u00ab&nbsp;Vous allez \u00eatre incarc\u00e9r\u00e9 imm\u00e9diatement&nbsp;\u00bb, a indiqu\u00e9 la pr\u00e9sidente de la cour, Delphine Thibierge. Le praticien n\u2019avait jamais \u00e9t\u00e9 d\u00e9tenu depuis le d\u00e9but de l\u2019enqu\u00eate en 2017.<\/p>\n\n\n\n<p class=\"\">La cour a ainsi suivi l\u2019accusation, qui avait requis vendredi la r\u00e9clusion \u00e0 perp\u00e9tuit\u00e9 contre le m\u00e9decin de 53 ans, qu\u2019elle a pr\u00e9sent\u00e9 comme \u00ab&nbsp;l\u2019un des plus grands criminels de l\u2019histoire&nbsp;\u00bb, coupable selon elle d\u2019avoir \u00ab&nbsp;utilis\u00e9 la m\u00e9decine pour tuer&nbsp;\u00bb.<\/p>\n\n\n\n<p class=\"\">A l\u2019inverse, son avocat Randall Schwerdorffer s\u2019\u00e9tait dit lundi convaincu de son innocence et avait demand\u00e9 \u00e0 la cour de l\u2019acquitter \u00ab&nbsp;purement et simplement&nbsp;\u00bb, faute de preuves irr\u00e9futables.<\/p>\n\n\n\n<p class=\"\">L\u2019ensemble de la famille de l\u2019anesth\u00e9siste, qui l\u2019a soutenu sans faille, \u00e9tait venue pour le soutenir dans une salle comble jeudi matin.<\/p>\n\n\n\n<p class=\"\">Ses filles, en larmes apr\u00e8s l\u2019annonce des premiers verdicts de culpabilit\u00e9, sont sorties de la salle. Leur p\u00e8re est lui rest\u00e9 impassible, le regard fixe, le visage ferm\u00e9 \u00e0 l\u2019annonce de la sentence.<\/p>\n\n\n\n<p class=\"\">Pour chaque cas, les six jur\u00e9s et les trois magistrats professionnels ont d\u00fb dire si Fr\u00e9d\u00e9ric P\u00e9chier \u00e9tait coupable ou innocent. Les faits ont \u00e9t\u00e9 commis entre 2008 et 2017 dans deux cliniques priv\u00e9es de Besan\u00e7on, sur des patients \u00e2g\u00e9s de 4 \u00e0 89 ans.<\/p>\n","protected":false},"excerpt":{"rendered":"<p>L\u2019anesth\u00e9siste Fr\u00e9d\u00e9ric P\u00e9chier a \u00e9t\u00e9 condamn\u00e9 jeudi \u00e0 la r\u00e9clusion \u00e0 la perp\u00e9tuit\u00e9 par la cour d\u2019assise du Doubs qui l\u2019a reconnu coupable de 30 empoisonnements de patients lors d\u2019op\u00e9rations, dont 12 sont morts. Il va faire appel de sa condamnation.&nbsp; La peine est assortie d\u2019une p\u00e9riode de s\u00fbret\u00e9 de 22 ans. \u00ab&nbsp;Vous allez \u00eatre [&hellip;]<\/p>\n","protected":false},"author":2,"featured_media":40741,"comment_status":"open","ping_status":"open","sticky":false,"template":"","format":"standard","meta":{"_jetpack_memberships_contains_paid_content":false,"footnotes":"","jetpack_publicize_message":"","jetpack_publicize_feature_enabled":true,"jetpack_social_post_already_shared":true,"jetpack_social_options":{"image_generator_settings":{"template":"highway","default_image_id":0,"font":"","enabled":false},"version":2},"_wpas_customize_per_network":false},"categories":[405],"tags":[],"class_list":["post-40740","post","type-post","status-publish","format-standard","has-post-thumbnail","hentry","category-actu-france-monde"],"jetpack_publicize_connections":[],"jetpack_featured_media_url":"https:\/\/i0.wp.com\/www.iceagetv.com\/radiosite\/wp-content\/uploads\/2025\/12\/6YFIhV_K.jpg?fit=679%2C293&ssl=1","jetpack_sharing_enabled":true,"_links":{"self":[{"href":"https:\/\/www.iceagetv.com\/radiosite\/wp-json\/wp\/v2\/posts\/40740","targetHints":{"allow":["GET"]}}],"collection":[{"href":"https:\/\/www.iceagetv.com\/radiosite\/wp-json\/wp\/v2\/posts"}],"about":[{"href":"https:\/\/www.iceagetv.com\/radiosite\/wp-json\/wp\/v2\/types\/post"}],"author":[{"embeddable":true,"href":"https:\/\/www.iceagetv.com\/radiosite\/wp-json\/wp\/v2\/users\/2"}],"replies":[{"embeddable":true,"href":"https:\/\/www.iceagetv.com\/radiosite\/wp-json\/wp\/v2\/comments?post=40740"}],"version-history":[{"count":1,"href":"https:\/\/www.iceagetv.com\/radiosite\/wp-json\/wp\/v2\/posts\/40740\/revisions"}],"predecessor-version":[{"id":40742,"href":"https:\/\/www.iceagetv.com\/radiosite\/wp-json\/wp\/v2\/posts\/40740\/revisions\/40742"}],"wp:featuredmedia":[{"embeddable":true,"href":"https:\/\/www.iceagetv.com\/radiosite\/wp-json\/wp\/v2\/media\/40741"}],"wp:attachment":[{"href":"https:\/\/www.iceagetv.com\/radiosite\/wp-json\/wp\/v2\/media?parent=40740"}],"wp:term":[{"taxonomy":"category","embeddable":true,"href":"https:\/\/www.iceagetv.com\/radiosite\/wp-json\/wp\/v2\/categories?post=40740"},{"taxonomy":"post_tag","embeddable":true,"href":"https:\/\/www.iceagetv.com\/radiosite\/wp-json\/wp\/v2\/tags?post=40740"}],"curies":[{"name":"wp","href":"https:\/\/api.w.org\/{rel}","templated":true}]}}