{"id":40772,"date":"2025-12-19T09:02:35","date_gmt":"2025-12-19T08:02:35","guid":{"rendered":"https:\/\/www.iceagetv.com\/radiosite\/?p=40772"},"modified":"2025-12-19T09:02:38","modified_gmt":"2025-12-19T08:02:38","slug":"lunion-europeenne-va-preter-90-milliards-deuros-a-lukraine-faute-daccord-sur-les-avoirs-russes-geles-et-temporise-sur-le-mercosur","status":"publish","type":"post","link":"https:\/\/www.iceagetv.com\/radiosite\/lunion-europeenne-va-preter-90-milliards-deuros-a-lukraine-faute-daccord-sur-les-avoirs-russes-geles-et-temporise-sur-le-mercosur\/","title":{"rendered":"L\u2019Union europ\u00e9enne va pr\u00eater 90\u00a0milliards d\u2019euros \u00e0 l\u2019Ukraine, faute d\u2019accord sur les avoirs russes gel\u00e9s, et temporise sur le Mercosur"},"content":{"rendered":"\n<p class=\"\">L\u2019aide allou\u00e9e \u00e0 Kiev va prendre la forme d\u2019un pr\u00eat \u00e0 taux z\u00e9ro. La signature du trait\u00e9 de libre-\u00e9change avec l\u2019Am\u00e9rique du Sud, est, elle, report\u00e9e \u00e0 janvier, l\u2019Italie s\u2019\u00e9tant alli\u00e9e \u00e0 la France.Pour Friedrich Merz, qui se veut l\u2019homme fort de l\u2019Europe, la r\u00e9union, jeudi 18\u00a0d\u00e9cembre \u00e0 Bruxelles, des chefs d\u2019Etat et de gouvernement europ\u00e9ens s\u2019est sold\u00e9e par un \u00e9chec. Le chancelier allemand \u00e9tait arriv\u00e9 dans la capitale belge avec deux objectifs\u00a0: d\u2019une part, convaincre les Vingt-Sept d\u2019utiliser les actifs russes immobilis\u00e9s pour financer l\u2019effort de guerre ukrainien et de l\u2019autre, obtenir d\u2019eux qu\u2019ils mandatent la pr\u00e9sidente de la Commission, Ursula von der Leyen, afin qu\u2019elle puisse signer, samedi 20\u00a0d\u00e9cembre au Br\u00e9sil, l\u2019accord de libre-\u00e9change avec quatre pays du Mercosur (Argentine, Br\u00e9sil, Paraguay, Uruguay) conclu un an plus t\u00f4t.Il en allait, dans les deux cas, avait-il affirm\u00e9, de la cr\u00e9dibilit\u00e9 de l\u2019Europe sur la sc\u00e8ne g\u00e9opolitique mondiale. Las. Sur le pr\u00eat de r\u00e9paration, Friedrich Merz n\u2019a pas r\u00e9ussi \u00e0 lever les objections du premier ministre belge, Bart De Wever, inquiet des risques que le dispositif ferait peser sur son pays, o\u00f9 sont h\u00e9berg\u00e9s l\u2019essentiel des avoirs russes, et sur la stabilit\u00e9 de l\u2019euro.\u00a0<em>\u00ab\u00a0Je suis pire qu\u2019Orban\u00a0\u00bb<\/em>, a plaisant\u00e9 le nationaliste flamand, en r\u00e9f\u00e9rence au\u00a0<a href=\"https:\/\/www.lemonde.fr\/international\/article\/2025\/12\/17\/isole-en-europe-le-hongrois-viktor-orban-compte-sur-donald-trump-pour-se-relancer_6658397_3210.html\">premier ministre hongrois toujours pr\u00eat \u00e0 d\u00e9gainer son droit de veto.<\/a>\u00a0Sur le Mercosur, c\u2019est la pr\u00e9sidente du conseil italien, Giorgia Meloni, qui a contrari\u00e9 les plans du chancelier, en s\u2019alliant au pr\u00e9sident fran\u00e7ais<\/p>\n","protected":false},"excerpt":{"rendered":"<p>L\u2019aide allou\u00e9e \u00e0 Kiev va prendre la forme d\u2019un pr\u00eat \u00e0 taux z\u00e9ro. La signature du trait\u00e9 de libre-\u00e9change avec l\u2019Am\u00e9rique du Sud, est, elle, report\u00e9e \u00e0 janvier, l\u2019Italie s\u2019\u00e9tant alli\u00e9e \u00e0 la France.Pour Friedrich Merz, qui se veut l\u2019homme fort de l\u2019Europe, la r\u00e9union, jeudi 18\u00a0d\u00e9cembre \u00e0 Bruxelles, des chefs d\u2019Etat et de gouvernement [&hellip;]<\/p>\n","protected":false},"author":2,"featured_media":40773,"comment_status":"open","ping_status":"open","sticky":false,"template":"","format":"standard","meta":{"_jetpack_memberships_contains_paid_content":false,"footnotes":"","jetpack_publicize_message":"","jetpack_publicize_feature_enabled":true,"jetpack_social_post_already_shared":true,"jetpack_social_options":{"image_generator_settings":{"template":"highway","default_image_id":0,"font":"","enabled":false},"version":2},"_wpas_customize_per_network":false},"categories":[405],"tags":[],"class_list":["post-40772","post","type-post","status-publish","format-standard","has-post-thumbnail","hentry","category-actu-france-monde"],"jetpack_publicize_connections":[],"jetpack_featured_media_url":"https:\/\/i0.wp.com\/www.iceagetv.com\/radiosite\/wp-content\/uploads\/2025\/12\/LUnion-europeenne-va-preter-90-milliards-deuros-a-lUkraine.jpg?fit=526%2C320&ssl=1","jetpack_sharing_enabled":true,"_links":{"self":[{"href":"https:\/\/www.iceagetv.com\/radiosite\/wp-json\/wp\/v2\/posts\/40772","targetHints":{"allow":["GET"]}}],"collection":[{"href":"https:\/\/www.iceagetv.com\/radiosite\/wp-json\/wp\/v2\/posts"}],"about":[{"href":"https:\/\/www.iceagetv.com\/radiosite\/wp-json\/wp\/v2\/types\/post"}],"author":[{"embeddable":true,"href":"https:\/\/www.iceagetv.com\/radiosite\/wp-json\/wp\/v2\/users\/2"}],"replies":[{"embeddable":true,"href":"https:\/\/www.iceagetv.com\/radiosite\/wp-json\/wp\/v2\/comments?post=40772"}],"version-history":[{"count":1,"href":"https:\/\/www.iceagetv.com\/radiosite\/wp-json\/wp\/v2\/posts\/40772\/revisions"}],"predecessor-version":[{"id":40774,"href":"https:\/\/www.iceagetv.com\/radiosite\/wp-json\/wp\/v2\/posts\/40772\/revisions\/40774"}],"wp:featuredmedia":[{"embeddable":true,"href":"https:\/\/www.iceagetv.com\/radiosite\/wp-json\/wp\/v2\/media\/40773"}],"wp:attachment":[{"href":"https:\/\/www.iceagetv.com\/radiosite\/wp-json\/wp\/v2\/media?parent=40772"}],"wp:term":[{"taxonomy":"category","embeddable":true,"href":"https:\/\/www.iceagetv.com\/radiosite\/wp-json\/wp\/v2\/categories?post=40772"},{"taxonomy":"post_tag","embeddable":true,"href":"https:\/\/www.iceagetv.com\/radiosite\/wp-json\/wp\/v2\/tags?post=40772"}],"curies":[{"name":"wp","href":"https:\/\/api.w.org\/{rel}","templated":true}]}}