{"id":40798,"date":"2025-12-20T11:52:25","date_gmt":"2025-12-20T10:52:25","guid":{"rendered":"https:\/\/www.iceagetv.com\/radiosite\/?p=40798"},"modified":"2025-12-20T11:52:27","modified_gmt":"2025-12-20T10:52:27","slug":"attentat-en-australie-le-heros-qui-a-desarme-lun-des-tireurs-recoit-un-cheque-de-plus-d14-million-deuros","status":"publish","type":"post","link":"https:\/\/www.iceagetv.com\/radiosite\/attentat-en-australie-le-heros-qui-a-desarme-lun-des-tireurs-recoit-un-cheque-de-plus-d14-million-deuros\/","title":{"rendered":"Attentat en Australie: le h\u00e9ros qui a d\u00e9sarm\u00e9 l&rsquo;un des tireurs re\u00e7oit un ch\u00e8que de plus d&rsquo;1,4 million d&rsquo;euros"},"content":{"rendered":"\n<p class=\"\">Ahmed al Ahmed, consid\u00e9r\u00e9 comme un h\u00e9ros apr\u00e8s avoir d\u00e9sarm\u00e9 l&rsquo;un des assaillants de l&rsquo;attaque antis\u00e9mite de Bondi en Australie ce dimanche, a re\u00e7u un ch\u00e8que de plus d&rsquo;1,4 million d&rsquo;euros apr\u00e8s des milliers de donations.<\/p>\n\n\n\n<p class=\"\">Il est le\u00a0<a href=\"https:\/\/www.bfmtv.com\/international\/oceanie\/australie\/video-la-cagnotte-ouverte-pour-le-heros-de-l-attentat-a-sydney-a-deja-recolte-plus-de-850-000-euros_VN-202512150746.html\">h\u00e9ros de Bondi<\/a>. Ahmed al Ahmed, l&rsquo;homme qui a arrach\u00e9 une arme \u00e0 l&rsquo;un des terroristes de l&rsquo;attentat en Australie, qui a fait 15 victimes et bless\u00e9 des dizaines d&rsquo;autres personnes ce dimanche, a re\u00e7u un ch\u00e8que de plus de 2,5 millions de dollars australiens, soit plus d&rsquo;1,4 million d&rsquo;euros.Cette somme est le fruit de plusieurs milliers de donations de personnes \u00e0 travers le monde. Le ch\u00e8que lui a \u00e9t\u00e9 remis ce jeudi 18 d\u00e9cembre par l&rsquo;influenceur Zachery Dereniowski, connu pour se mettre en sc\u00e8ne dans des vid\u00e9os o\u00f9 il remet de l&rsquo;argent \u00e0 des inconnus.<\/p>\n\n\n\n<h2 class=\"wp-block-heading\" id=\"17v3k\">Une vid\u00e9o tr\u00e8s relay\u00e9e sur les r\u00e9seaux sociaux<\/h2>\n\n\n\n<p class=\"\">Lors de la remise du ch\u00e8que, Ahmed al Ahmed, vendeur de fruits dans la banlieue de Sydney, a demand\u00e9 s&rsquo;il \u00ab\u00a0m\u00e9ritait\u00a0\u00bb cette somme. \u00ab\u00a0Chaque centime\u00a0\u00bb, lui a alors r\u00e9pondu Zachery Dereniowski.<\/p>\n\n\n\n<blockquote class=\"wp-block-quote is-layout-flow wp-block-quote-is-layout-flow\">\n<p class=\"\">\u00ab\u00a0Quand j&rsquo;ai sauv\u00e9 ces gens, je l&rsquo;ai fait avec le c\u0153ur parce que c&rsquo;\u00e9tait une belle journ\u00e9e, tout le monde profitait de la f\u00eate, avec leurs enfants, femmes, hommes, adolescents, tous \u00e9taient heureux et ils le m\u00e9ritent, ils m\u00e9ritent de profiter\u00a0\u00bb, a d\u00e9clar\u00e9 l&rsquo;homme de 43 ans et p\u00e8re de deux enfants.<\/p>\n<\/blockquote>\n\n\n\n<p class=\"\">Ce dernier, n\u00e9 en Syrie, a quitt\u00e9 son pays pour travailler en Australie, \u00ab\u00a0le meilleur pays du monde\u00a0\u00bb, a-t-il clam\u00e9 ce jeudi.Ce dimanche, lors de la fusillade antis\u00e9mite perp\u00e9tr\u00e9e sur la plage de Bondi en Australie, ce p\u00e8re de deux enfants s&rsquo;est cach\u00e9 derri\u00e8re une voiture avant de s&rsquo;en prendre \u00e0 l&rsquo;un des auteurs de l&rsquo;attaque et de le mettre \u00e0 terre. Un geste film\u00e9 par des t\u00e9moins et&nbsp;<a href=\"https:\/\/www.bfmtv.com\/international\/oceanie\/australie\/que-dieu-le-sauve-l-emotion-de-la-famille-du-heros-au-tee-shirt-blanc-qui-a-desarme-un-terroriste-a-sydney_AV-202512150494.html\">devenu viral sur les r\u00e9seaux sociaux<\/a>.<\/p>\n\n\n\n<h2 class=\"wp-block-heading\" id=\"fee3a\">Le Premier ministre australien s&rsquo;est rendu \u00e0 son chevet<\/h2>\n\n\n\n<p class=\"\">Le natif de Syrie a \u00e9t\u00e9 bless\u00e9 par deux balles durant cet attentat, raison pour laquelle il a subi une intervention chirurgicale. Chris Minns, Premier ministre de Nouvelle-Galles du Sud o\u00f9 se situe Sydney, et le\u00a0<a href=\"https:\/\/www.bfmtv.com\/international\/oceanie\/australie\/attentat-a-sydney-le-premier-ministre-australien-lance-un-programme-national-de-rachat-d-armes-a-feu_AD-202512190220.html\">Premier ministre du pays Anthony Albanese<\/a>\u00a0se sont rendus \u00e0 son chevet.Les deux assaillants sont un p\u00e8re, Sajid Akram qui a \u00e9t\u00e9 abattu lors de l&rsquo;attaque, et son fils Naveed Akram, gri\u00e8vement bless\u00e9. Selon les autorit\u00e9s, ils \u00e9taient \u00ab\u00a0motiv\u00e9s par l&rsquo;id\u00e9ologie\u00a0\u00bb du groupe jihadiste \u00c9tat islamique.\u00a0<a href=\"https:\/\/www.bfmtv.com\/international\/oceanie\/australie\/video-attentat-a-sydney-le-vehicule-des-assaillants-contenait-deux-drapeaux-de-l-etat-islamique_VN-202512160245.html\">Deux drapeaux de cette organisation terroriste ont \u00e9t\u00e9 retrouv\u00e9s<\/a>\u00a0dans leur voiture.Parmi les 15 personnes tu\u00e9es figurent un ressortissant fran\u00e7ais:\u00a0<a href=\"https:\/\/www.bfmtv.com\/international\/oceanie\/australie\/ingenieur-passionne-de-voyages-qui-etait-dan-elkayam-le-francais-tue-dans-l-attaque-terroriste-a-sydney_AN-202512140350.html\">Dan Elkayam<\/a>. \u00c2g\u00e9 de 27 ans, cet ing\u00e9nieur informatique originaire du Bourget, en Seine-Saint-Denis s&rsquo;\u00e9tait expatri\u00e9 en Australie o\u00f9 il travaillait comme analyste informatique dans la capitale du pays.<\/p>\n","protected":false},"excerpt":{"rendered":"<p>Ahmed al Ahmed, consid\u00e9r\u00e9 comme un h\u00e9ros apr\u00e8s avoir d\u00e9sarm\u00e9 l&rsquo;un des assaillants de l&rsquo;attaque antis\u00e9mite de Bondi en Australie ce dimanche, a re\u00e7u un ch\u00e8que de plus d&rsquo;1,4 million d&rsquo;euros apr\u00e8s des milliers de donations. Il est le\u00a0h\u00e9ros de Bondi. Ahmed al Ahmed, l&rsquo;homme qui a arrach\u00e9 une arme \u00e0 l&rsquo;un des terroristes de [&hellip;]<\/p>\n","protected":false},"author":2,"featured_media":40799,"comment_status":"open","ping_status":"open","sticky":false,"template":"","format":"standard","meta":{"_jetpack_memberships_contains_paid_content":false,"footnotes":"","jetpack_publicize_message":"","jetpack_publicize_feature_enabled":true,"jetpack_social_post_already_shared":true,"jetpack_social_options":{"image_generator_settings":{"template":"highway","default_image_id":0,"font":"","enabled":false},"version":2},"_wpas_customize_per_network":false},"categories":[405],"tags":[],"class_list":["post-40798","post","type-post","status-publish","format-standard","has-post-thumbnail","hentry","category-actu-france-monde"],"jetpack_publicize_connections":[],"jetpack_featured_media_url":"https:\/\/i0.wp.com\/www.iceagetv.com\/radiosite\/wp-content\/uploads\/2025\/12\/le-heros-qui-a-desarme-lun-des-tireurs.jpg?fit=474%2C245&ssl=1","jetpack_sharing_enabled":true,"_links":{"self":[{"href":"https:\/\/www.iceagetv.com\/radiosite\/wp-json\/wp\/v2\/posts\/40798","targetHints":{"allow":["GET"]}}],"collection":[{"href":"https:\/\/www.iceagetv.com\/radiosite\/wp-json\/wp\/v2\/posts"}],"about":[{"href":"https:\/\/www.iceagetv.com\/radiosite\/wp-json\/wp\/v2\/types\/post"}],"author":[{"embeddable":true,"href":"https:\/\/www.iceagetv.com\/radiosite\/wp-json\/wp\/v2\/users\/2"}],"replies":[{"embeddable":true,"href":"https:\/\/www.iceagetv.com\/radiosite\/wp-json\/wp\/v2\/comments?post=40798"}],"version-history":[{"count":1,"href":"https:\/\/www.iceagetv.com\/radiosite\/wp-json\/wp\/v2\/posts\/40798\/revisions"}],"predecessor-version":[{"id":40800,"href":"https:\/\/www.iceagetv.com\/radiosite\/wp-json\/wp\/v2\/posts\/40798\/revisions\/40800"}],"wp:featuredmedia":[{"embeddable":true,"href":"https:\/\/www.iceagetv.com\/radiosite\/wp-json\/wp\/v2\/media\/40799"}],"wp:attachment":[{"href":"https:\/\/www.iceagetv.com\/radiosite\/wp-json\/wp\/v2\/media?parent=40798"}],"wp:term":[{"taxonomy":"category","embeddable":true,"href":"https:\/\/www.iceagetv.com\/radiosite\/wp-json\/wp\/v2\/categories?post=40798"},{"taxonomy":"post_tag","embeddable":true,"href":"https:\/\/www.iceagetv.com\/radiosite\/wp-json\/wp\/v2\/tags?post=40798"}],"curies":[{"name":"wp","href":"https:\/\/api.w.org\/{rel}","templated":true}]}}