{"id":40807,"date":"2025-12-20T15:53:15","date_gmt":"2025-12-20T14:53:15","guid":{"rendered":"https:\/\/www.iceagetv.com\/radiosite\/?p=40807"},"modified":"2025-12-20T15:53:17","modified_gmt":"2025-12-20T14:53:17","slug":"on-est-vraiment-des-vaches-a-lait-dans-ces-villages-la-facture-deau-va-augmenter-de-15-et-cela-ne-passe-pas","status":"publish","type":"post","link":"https:\/\/www.iceagetv.com\/radiosite\/on-est-vraiment-des-vaches-a-lait-dans-ces-villages-la-facture-deau-va-augmenter-de-15-et-cela-ne-passe-pas\/","title":{"rendered":"\u00ab\u00a0On est vraiment des vaches \u00e0 lait\u00a0\u00bb : dans ces villages, la facture d&rsquo;eau va augmenter de 15%&#8230; Et cela ne passe pas"},"content":{"rendered":"\n<p class=\"\"><strong>La facture d\u2019eau augmentera de 15 % au 1er janvier 2026 dans les communes de la vall\u00e9e de la Roya pour tous les foyers soumis au forfait. Une hausse jug\u00e9e excessive par les habitants comme par les \u00e9lus locaux, qui d\u00e9noncent un syst\u00e8me de moins en moins adapt\u00e9.<\/strong>Dans la vall\u00e9e de la Roya, l\u2019eau ne manque pas. Et pour cause : le territoire tire son nom du fleuve c\u00f4tier qui prend sa source au col de Tende avant de rejoindre la M\u00e9diterran\u00e9e \u00e0 Vintimille, en Italie. Pourtant, \u00e0 compter du 1er janvier 2026, cette ressource essentielle va co\u00fbter plus cher aux habitants.<\/p>\n\n\n\n<p class=\"\">Ce lundi 15 d\u00e9cembre, le conseil communautaire de la Communaut\u00e9 d\u2019agglom\u00e9ration de la Riviera fran\u00e7aise (CARF) a vot\u00e9 une hausse de 15 % du prix de l\u2019eau pour les usagers soumis au forfait. Concr\u00e8tement, les habitants de la vall\u00e9e de la Roya, notamment ceux de Breil-sur-Roya, Fontan, La Brigue, Saorge et Tende, qui ne disposent pas de compteurs individuels verront leur facture annuelle augmenter de 18 euros.<\/p>\n\n\n\n<p class=\"\">Elle passera ainsi de 120 \u00e0 138 euros hors taxes.<\/p>\n\n\n\n<h2 class=\"wp-block-heading\">Pas de compteur individuel<\/h2>\n\n\n\n<p class=\"\">\u00ab\u00a0<em>15 %, c\u2019est \u00e9norme. Chaque ann\u00e9e, on voit des augmentations. On a l\u2019impression d\u2019\u00eatre des vaches \u00e0 lait<\/em>\u00ab\u00a0, d\u00e9plore une habitante de la vall\u00e9e de la Roya, rencontr\u00e9e ce mercredi 17 d\u00e9cembre. Une autre va plus loin : \u00ab\u00a0<em>Le tarif au forfait faisait partie des avantages de vivre ici. J\u2019ai le sentiment qu\u2019au fil du temps, on nous les retire. \u00c7a devient de plus en plus difficile de se projeter et de se dire qu\u2019on va s\u2019installer.<\/em>\u00ab\u00a0<\/p>\n\n\n\n<p class=\"\">La facturation de l\u2019eau dans la vall\u00e9e de la Roya repose sur un syst\u00e8me particulier. La majorit\u00e9 des logements ne dispose pas de compteur individuel\u00a0: tous les habitants paient donc le m\u00eame montant, qu\u2019ils vivent seuls dans un appartement de 20 m\u00b2 ou \u00e0 quatre dans une maison de 120 m\u00b2. Longtemps avantageux pour les familles, ce mode de facturation perd toutefois de son attractivit\u00e9 \u00e0 mesure que les hausses successives s\u2019accumulent.Un syst\u00e8me qui ne sera plus avantageux pendant tr\u00e8s longtemps ?<\/p>\n\n\n\n<p class=\"\">C\u2019est un constat que partage \u00e9galement \u00c9liane Vigoureux. Habitante de Breil-sur-Roya depuis trente ans, elle estime qu\u2019avec cette nouvelle hausse, le syst\u00e8me de facturation au forfait risque de perdre d\u00e9finitivement son int\u00e9r\u00eat. \u00ab\u00a0<em>On r\u00e8gle tous le m\u00eame montant, mais certaines personnes ne vivent pas ici \u00e0 l\u2019ann\u00e9e. Elles viennent uniquement pendant les vacances et payaient quand m\u00eame l\u2019eau, parce qu\u2019elle n\u2019\u00e9tait pas ch\u00e8re<\/em>\u00ab\u00a0, explique-t-elle.<\/p>\n\n\n\n<p class=\"\">Face \u00e0 cette augmentation, les maires des communes concern\u00e9es, eux aussi en premi\u00e8re ligne, r\u00e9fl\u00e9chissent d\u00e9sormais \u00e0 faire \u00e9voluer ce fonctionnement. \u00ab\u00a0<em>La question, c\u2019est de savoir combien de m\u00e8tres cubes on facture aux habitants de la vall\u00e9e de la Roya. Aujourd\u2019hui, c\u2019est 120 pour tous les foyers, quelle que soit leur taille ou leur consommation. Moi, je souhaite que les gens soient factur\u00e9s pour ce qu\u2019ils consomment r\u00e9ellement\u00a0\u00bb<\/em>, affirme S\u00e9bastien Olharan, maire (LR) de Breil-sur-Roya.Pour tenter d\u2019am\u00e9liorer la situation, les communes concern\u00e9es entrevoient une solution : la pose de compteurs d\u2019eau individuels. Mais les travaux n\u00e9cessaires pour \u00e9quiper l\u2019ensemble des foyers de la vall\u00e9e de la Roya s\u2019annoncent longs et complexes. \u00ab\u00a0<em>On sait que cela va \u00eatre compliqu\u00e9, notamment dans les villages historiques, o\u00f9 les habitations sont imbriqu\u00e9es et o\u00f9 les copropri\u00e9t\u00e9s sont parfois mal d\u00e9finies<\/em>\u00ab\u00a0, explique S\u00e9bastien Olharan.<\/p>\n\n\n\n<p class=\"\">\u00ab\u00a0<em>Malgr\u00e9 tout, c\u2019est une \u00e9volution n\u00e9cessaire<\/em>\u00ab\u00a0, insiste le maire de Breil-sur-Roya. Les premiers compteurs sont d\u00e9j\u00e0 en cours d\u2019installation \u00e0 La Brigue. Suivront ensuite les communes de Saorge puis de Tende. Breil-sur-Roya devrait \u00eatre la derni\u00e8re \u00e0 \u00eatre \u00e9quip\u00e9e, avec un d\u00e9ploiement pr\u00e9vu d\u2019ici 2028.<\/p>\n","protected":false},"excerpt":{"rendered":"<p>La facture d\u2019eau augmentera de 15 % au 1er janvier 2026 dans les communes de la vall\u00e9e de la Roya pour tous les foyers soumis au forfait. Une hausse jug\u00e9e excessive par les habitants comme par les \u00e9lus locaux, qui d\u00e9noncent un syst\u00e8me de moins en moins adapt\u00e9.Dans la vall\u00e9e de la Roya, l\u2019eau ne [&hellip;]<\/p>\n","protected":false},"author":2,"featured_media":40808,"comment_status":"open","ping_status":"open","sticky":false,"template":"","format":"standard","meta":{"_jetpack_memberships_contains_paid_content":false,"footnotes":"","jetpack_publicize_message":"","jetpack_publicize_feature_enabled":true,"jetpack_social_post_already_shared":true,"jetpack_social_options":{"image_generator_settings":{"template":"highway","default_image_id":0,"font":"","enabled":false},"version":2},"_wpas_customize_per_network":false},"categories":[405],"tags":[],"class_list":["post-40807","post","type-post","status-publish","format-standard","has-post-thumbnail","hentry","category-actu-france-monde"],"jetpack_publicize_connections":[],"jetpack_featured_media_url":"https:\/\/i0.wp.com\/www.iceagetv.com\/radiosite\/wp-content\/uploads\/2025\/12\/On-est-vraiment-des-vaches-a-lait.jpg?fit=552%2C386&ssl=1","jetpack_sharing_enabled":true,"_links":{"self":[{"href":"https:\/\/www.iceagetv.com\/radiosite\/wp-json\/wp\/v2\/posts\/40807","targetHints":{"allow":["GET"]}}],"collection":[{"href":"https:\/\/www.iceagetv.com\/radiosite\/wp-json\/wp\/v2\/posts"}],"about":[{"href":"https:\/\/www.iceagetv.com\/radiosite\/wp-json\/wp\/v2\/types\/post"}],"author":[{"embeddable":true,"href":"https:\/\/www.iceagetv.com\/radiosite\/wp-json\/wp\/v2\/users\/2"}],"replies":[{"embeddable":true,"href":"https:\/\/www.iceagetv.com\/radiosite\/wp-json\/wp\/v2\/comments?post=40807"}],"version-history":[{"count":1,"href":"https:\/\/www.iceagetv.com\/radiosite\/wp-json\/wp\/v2\/posts\/40807\/revisions"}],"predecessor-version":[{"id":40809,"href":"https:\/\/www.iceagetv.com\/radiosite\/wp-json\/wp\/v2\/posts\/40807\/revisions\/40809"}],"wp:featuredmedia":[{"embeddable":true,"href":"https:\/\/www.iceagetv.com\/radiosite\/wp-json\/wp\/v2\/media\/40808"}],"wp:attachment":[{"href":"https:\/\/www.iceagetv.com\/radiosite\/wp-json\/wp\/v2\/media?parent=40807"}],"wp:term":[{"taxonomy":"category","embeddable":true,"href":"https:\/\/www.iceagetv.com\/radiosite\/wp-json\/wp\/v2\/categories?post=40807"},{"taxonomy":"post_tag","embeddable":true,"href":"https:\/\/www.iceagetv.com\/radiosite\/wp-json\/wp\/v2\/tags?post=40807"}],"curies":[{"name":"wp","href":"https:\/\/api.w.org\/{rel}","templated":true}]}}