{"id":40812,"date":"2025-12-20T19:16:50","date_gmt":"2025-12-20T18:16:50","guid":{"rendered":"https:\/\/www.iceagetv.com\/radiosite\/?p=40812"},"modified":"2025-12-20T19:16:53","modified_gmt":"2025-12-20T18:16:53","slug":"ce-nest-pas-possible-de-vivre-comme-ca-face-a-des-bouchons-monstres-vers-les-stations-de-ski-ces-maires-ont-decide-dagir","status":"publish","type":"post","link":"https:\/\/www.iceagetv.com\/radiosite\/ce-nest-pas-possible-de-vivre-comme-ca-face-a-des-bouchons-monstres-vers-les-stations-de-ski-ces-maires-ont-decide-dagir\/","title":{"rendered":"Ce n&rsquo;est pas possible de vivre comme \u00e7a\u00a0\u00bb : face \u00e0 des bouchons monstres vers les stations de ski, ces maires ont d\u00e9cid\u00e9 d&rsquo;agir"},"content":{"rendered":"\n<p class=\"\"><strong>Face \u00e0 d&rsquo;importants embouteillages en hiver, les communes is\u00e9roises de Vizille et de Saint-Pierre-de-M\u00e9sage, situ\u00e9es sur la route de plusieurs stations de ski, ont pris des arr\u00eat\u00e9s de restriction de circulation pour limiter le trafic dans leurs rues.<\/strong>C&rsquo;est une sc\u00e8ne dont les habitants de Vizille et de Saint-Pierre-de-M\u00e9sage sont habitu\u00e9s : quasiment tous les matins et tous les soirs, d&rsquo;importants embouteillages se forment au niveau de la RN85 et de la RD1091 qui traversent les deux communes. Des bouchons encore plus importants lors de la saison hivernale et le passage des touristes en direction des stations de ski de l&rsquo;Oisans, telles que l&rsquo;Alpe d&rsquo;Huez ou encore les 2 Alpes.<\/p>\n\n\n\n<p class=\"\">Depuis plusieurs ann\u00e9es, les maires de ces deux communes is\u00e9roises observent que ce trafic routier surcharg\u00e9 d\u00e9borde dans leur centre-ville. Pour cause : les applications de navigation d\u00e9routent les automobilistes sur des routes secondaires. Ce qui entra\u00eene, l\u00e0 aussi, d&rsquo;importants embouteillages et de nombreuses nuisances pour les riverains.<em>\u00ab\u00a0Tous mes administr\u00e9s qui se situent au pied du village se retrouvent bloqu\u00e9s. Ils ne peuvent plus rentrer et sortir de chez eux. Ce n&rsquo;est pas possible de vivre comme \u00e7a\u00a0\u00bb<\/em>, raconte Christian Masnada, maire de Saint-Pierre-de-M\u00e9sage (sans \u00e9tiquette). Selon l&rsquo;\u00e9dile, les bouchons peuvent facilement atteindre 3 km. Pour lui, la situation est telle qu&rsquo;elle pose des soucis de s\u00e9curit\u00e9 :&nbsp;<em>\u00ab\u00a0Si des secours, des ambulances ou des pompiers doivent passer par l\u00e0, ces v\u00e9hicules vont se retrouver bloqu\u00e9s et ne pourront rien faire.\u00a0\u00bb<\/em><\/p>\n\n\n\n<p class=\"\">Une probl\u00e9matique s\u00e9curitaire \u00e9galement observ\u00e9e par Catherine Troton, maire de Vizille (divers gauche) :&nbsp;<em>\u00ab\u00a0De nombreuses rues de notre commune sont tr\u00e8s \u00e9troites, avec des angles morts. Avec le passage de ces voitures, \u00e7a en devenait m\u00eame dangereux pour les riverains qui traversaient ces rues. Les passants tombaient r\u00e9guli\u00e8rement sur ces voitures d\u00e9termin\u00e9es \u00e0 passer pour contourner les bouchons.\u00a0\u00bb<\/em><\/p>\n\n\n\n<h2 class=\"wp-block-heading\">Des restrictions en place tous les week-ends cet hiver<\/h2>\n\n\n\n<p class=\"\"><em>\u00ab\u00a0Il ne s\u2019agit pas de mesures contre le tourisme. Le vrai probl\u00e8me, ce sont les bouchons qui congestionnent toute la commune et contraignent nos habitants \u00e0 rester chez eux\u00a0\u00bb<\/em>, poursuit l&rsquo;\u00e9lue. Selon elle, ces embouteillages deviennent un enjeu majeur pour la population de sa commune :\u00a0<em>\u00ab\u00a0Nous avons des familles qui voulaient s&rsquo;installer \u00e0 Vizille. Mais, certaines ont fini par renoncer car il y avait trop de bouchons.\u00a0\u00bb<\/em>Face \u00e0 ces bouchons, les deux \u00e9lus ont tent\u00e9 d&rsquo;interpeller les pouvoirs publics \u00e0 plusieurs reprises afin de trouver des solutions. Mais leurs demandes sont, pour le moment, rest\u00e9es sans r\u00e9ponse. Dans l&rsquo;attente, ils ont d\u00e9cid\u00e9 de prendre&nbsp;<a href=\"https:\/\/www.ville-vizille.fr\/actualite\/25277\/12875-restrictions-de-circulation-pendant-les-vacances.htm\" target=\"_blank\" rel=\"noreferrer noopener\">des arr\u00eat\u00e9s interdisant la circulation sur certaines voiries<\/a>.<\/p>\n\n\n\n<p class=\"\">Ces restrictions s&rsquo;appliquent tous les week-ends des vacances de No\u00ebl et de f\u00e9vrier (pour l&rsquo;ensemble des zones). Sur le village de Saint-Pierre-de-M\u00e9sage, elles concernent une portion de la rue du Pont. A Vizille, le chemin de la Paute, le chemin du Prieur\u00e9 et la rue de la R\u00e9sistance sont d\u00e9sormais en sens interdit du vendredi 17 heures au dimanche 20 heures.<\/p>\n\n\n\n<p class=\"\">Ces arr\u00eat\u00e9s ont \u00e9t\u00e9 adress\u00e9s par les mairies aux plateformes de navigation et GPS. Voici la liste des week-ends concern\u00e9s :<\/p>\n\n\n\n<p class=\"\">du 6 au 8 mars.<\/p>\n\n\n\n<p class=\"\">du 19 au 21 d\u00e9cembre ;<\/p>\n\n\n\n<p class=\"\">du 26 au 28 d\u00e9cembre ;<\/p>\n\n\n\n<p class=\"\">du 2 au 4 janvier ;<\/p>\n\n\n\n<p class=\"\">du 6 au 8 f\u00e9vrier ;<\/p>\n\n\n\n<p class=\"\">du 13 au 15 f\u00e9vrier ;<\/p>\n\n\n\n<p class=\"\">du 20 au 22 f\u00e9vrier ;<\/p>\n\n\n\n<p class=\"\">du 27 f\u00e9vrier au 1er mars ;<\/p>\n","protected":false},"excerpt":{"rendered":"<p>Face \u00e0 d&rsquo;importants embouteillages en hiver, les communes is\u00e9roises de Vizille et de Saint-Pierre-de-M\u00e9sage, situ\u00e9es sur la route de plusieurs stations de ski, ont pris des arr\u00eat\u00e9s de restriction de circulation pour limiter le trafic dans leurs rues.C&rsquo;est une sc\u00e8ne dont les habitants de Vizille et de Saint-Pierre-de-M\u00e9sage sont habitu\u00e9s : quasiment tous les matins [&hellip;]<\/p>\n","protected":false},"author":2,"featured_media":40813,"comment_status":"open","ping_status":"open","sticky":false,"template":"","format":"standard","meta":{"_jetpack_memberships_contains_paid_content":false,"footnotes":"","jetpack_publicize_message":"","jetpack_publicize_feature_enabled":true,"jetpack_social_post_already_shared":true,"jetpack_social_options":{"image_generator_settings":{"template":"highway","default_image_id":0,"font":"","enabled":false},"version":2},"_wpas_customize_per_network":false},"categories":[405],"tags":[],"class_list":["post-40812","post","type-post","status-publish","format-standard","has-post-thumbnail","hentry","category-actu-france-monde"],"jetpack_publicize_connections":[],"jetpack_featured_media_url":"https:\/\/i0.wp.com\/www.iceagetv.com\/radiosite\/wp-content\/uploads\/2025\/12\/les-stations-de-ski.jpg?fit=679%2C362&ssl=1","jetpack_sharing_enabled":true,"_links":{"self":[{"href":"https:\/\/www.iceagetv.com\/radiosite\/wp-json\/wp\/v2\/posts\/40812","targetHints":{"allow":["GET"]}}],"collection":[{"href":"https:\/\/www.iceagetv.com\/radiosite\/wp-json\/wp\/v2\/posts"}],"about":[{"href":"https:\/\/www.iceagetv.com\/radiosite\/wp-json\/wp\/v2\/types\/post"}],"author":[{"embeddable":true,"href":"https:\/\/www.iceagetv.com\/radiosite\/wp-json\/wp\/v2\/users\/2"}],"replies":[{"embeddable":true,"href":"https:\/\/www.iceagetv.com\/radiosite\/wp-json\/wp\/v2\/comments?post=40812"}],"version-history":[{"count":1,"href":"https:\/\/www.iceagetv.com\/radiosite\/wp-json\/wp\/v2\/posts\/40812\/revisions"}],"predecessor-version":[{"id":40814,"href":"https:\/\/www.iceagetv.com\/radiosite\/wp-json\/wp\/v2\/posts\/40812\/revisions\/40814"}],"wp:featuredmedia":[{"embeddable":true,"href":"https:\/\/www.iceagetv.com\/radiosite\/wp-json\/wp\/v2\/media\/40813"}],"wp:attachment":[{"href":"https:\/\/www.iceagetv.com\/radiosite\/wp-json\/wp\/v2\/media?parent=40812"}],"wp:term":[{"taxonomy":"category","embeddable":true,"href":"https:\/\/www.iceagetv.com\/radiosite\/wp-json\/wp\/v2\/categories?post=40812"},{"taxonomy":"post_tag","embeddable":true,"href":"https:\/\/www.iceagetv.com\/radiosite\/wp-json\/wp\/v2\/tags?post=40812"}],"curies":[{"name":"wp","href":"https:\/\/api.w.org\/{rel}","templated":true}]}}